{"id":495557,"date":"2021-01-10T13:06:25","date_gmt":"2021-01-10T17:06:25","guid":{"rendered":"https:\/\/diarioelpopular.com\/?p=495557"},"modified":"2021-01-10T13:06:25","modified_gmt":"2021-01-10T17:06:25","slug":"mas-de-3-900-nuevos-casos-de-coronavirus-este-domingo-61-muertes","status":"publish","type":"post","link":"https:\/\/diarioelpopular.com\/index.php\/2021\/01\/10\/mas-de-3-900-nuevos-casos-de-coronavirus-este-domingo-61-muertes\/","title":{"rendered":"M\u00e1s de 3.900 nuevos casos de coronavirus este domingo, 61 muertes"},"content":{"rendered":"<p><img loading=\"lazy\" decoding=\"async\" class=\"alignnone size-medium wp-image-495559\" src=\"https:\/\/diarioelpopular.com\/wp-content\/uploads\/2021\/01\/Screen-Shot-2021-01-10-at-11.51.04-AM-300x168.png\" alt=\"\" width=\"300\" height=\"168\" srcset=\"https:\/\/diarioelpopular.com\/wp-content\/uploads\/2021\/01\/Screen-Shot-2021-01-10-at-11.51.04-AM-300x168.png 300w, https:\/\/diarioelpopular.com\/wp-content\/uploads\/2021\/01\/Screen-Shot-2021-01-10-at-11.51.04-AM-768x429.png 768w, https:\/\/diarioelpopular.com\/wp-content\/uploads\/2021\/01\/Screen-Shot-2021-01-10-at-11.51.04-AM-636x355.png 636w, https:\/\/diarioelpopular.com\/wp-content\/uploads\/2021\/01\/Screen-Shot-2021-01-10-at-11.51.04-AM-131x73.png 131w, https:\/\/diarioelpopular.com\/wp-content\/uploads\/2021\/01\/Screen-Shot-2021-01-10-at-11.51.04-AM.png 1024w\" sizes=\"auto, (max-width: 300px) 100vw, 300px\" \/><\/p>\n<p><em>Actualizado domingo 10 de enero de 2021 11:46 a.m.<\/em><\/p>\n<h4><em><strong>Se inform\u00f3 este domingo de 3.945 nuevos casos del nuevo coronavirus, lo que eleva el n\u00famero total de casos en la provincia a 215.782.<\/strong><\/em><\/h4>\n<h4><em><strong>&#8211; 17 multados en Montreal protesta contra el toque de queda en medio del aumento de casos de COVID-19 en Quebec<\/strong><\/em><\/h4>\n<p><em><strong>TORONTO.-<\/strong><\/em>\u00a0Hoy marca uno de los mayores aumentos de casos en un solo d\u00eda en Ontario desde que comenz\u00f3 la pandemia. Este viernes, se informaron 4.249 casos, aunque alrededor de 450 de ellos formaban parte de una acumulaci\u00f3n de datos.<\/p>\n<p>\u201cA nivel local, hay 1,160 casos nuevos en Toronto, 641 en Peel, 357 en la regi\u00f3n de York, 223 en el condado de Windsor-Essex y 220 en Waterloo\u201d, dijo la ministra de Salud Christine Elliott.<\/p>\n<p>Tambi\u00e9n se anunciaron 61 muertes adicionales, con lo que el n\u00famero de muertos en la provincia asciende a 4.983.<\/p>\n<p>Un total de 180.720 casos de COVID-19 se consideran resueltos.<\/p>\n<p>Se completaron m\u00e1s de 62,300 pruebas adicionales. Ontario ha completado un total de 8,501,611 pruebas y 39,362 siguen bajo investigaci\u00f3n.<\/p>\n<p>La provincia indic\u00f3 que la tasa de positividad para el \u00faltimo d\u00eda fue del 6,2%, que es superior al informe del s\u00e1bado, cuando fue del 5,3%, y superior al del domingo pasado, cuando fue del 5,6%.<\/p>\n<p>Las cifras provinciales mostraron que hay 1.483 personas hospitalizadas con el virus (hasta 26), 388 en cuidados intensivos (hasta seis) y 266 con ventilador (hasta 22).<\/p>\n<p>Sin embargo, la provincia se\u00f1al\u00f3 que m\u00e1s del 10 por ciento de los hospitales no presentaron su censo diario de camas para el informe del domingo, como suele ser el caso los fines de semana, lo que probablemente provoque que el n\u00famero de hospitalizaciones informado sea menor de lo que realmente es.<\/p>\n<p>A continuaci\u00f3n, se muestra un desglose de los casos de Ontario por edad y sexo:<\/p>\n<p>105,330 personas son hombres<br \/>\n109,076 personas son mujeres<br \/>\n28,080 personas tienen 19 a\u00f1os o menos<br \/>\n78,717 personas tienen entre 20 y 39 a\u00f1os<br \/>\n62,258 personas tienen entre 40 y 59 a\u00f1os<br \/>\n31,179 personas tienen 60 a 79<br \/>\n15,495 personas tienen 80 a\u00f1os o m\u00e1s<\/p>\n<p>La provincia se\u00f1ala que no todos los casos tienen una edad o sexo reportados.<\/p>\n<p>La provincia tambi\u00e9n se\u00f1ala que la cantidad de casos notificados p\u00fablicamente cada d\u00eda puede no coincidir con los recuentos de casos notificados por la unidad de salud p\u00fablica local en un d\u00eda determinado. Las unidades de salud p\u00fablica locales informan cu\u00e1ndo se les notific\u00f3 por primera vez de un caso, que puede actualizarse y cambiarse a medida que la informaci\u00f3n est\u00e9 disponible. Los datos tambi\u00e9n se pueden extraer en diferentes momentos.<\/p>\n<p>Seg\u00fan el Ministerio de Cuidados a Largo Plazo, se han reportado 2.967 muertes entre residentes y pacientes en hogares de cuidados a largo plazo en Ontario, lo que representa un aumento de 15. Actualmente hay 245 brotes en hogares de cuidados a largo plazo.<\/p>\n<p>Hay 1.432 casos activos entre los residentes de cuidados a largo plazo y 1.236 entre el personal.<\/p>\n<p>A partir de las 8 p.m. El s\u00e1bado, se administraron 113.246 dosis de la vacuna COVID-19 en Ontario.<\/p>\n<p>&nbsp;<\/p>\n<h4><em><strong>17 multados en Montreal protesta contra el toque de queda en medio del aumento de casos de COVID-19 en Quebec<\/strong><\/em><\/h4>\n<div id=\"attachment_495558\" style=\"width: 310px\" class=\"wp-caption alignnone\"><img loading=\"lazy\" decoding=\"async\" aria-describedby=\"caption-attachment-495558\" class=\"size-medium wp-image-495558\" src=\"https:\/\/diarioelpopular.com\/wp-content\/uploads\/2021\/01\/Screen-Shot-2021-01-10-at-11.56.12-AM-300x152.png\" alt=\"\" width=\"300\" height=\"152\" srcset=\"https:\/\/diarioelpopular.com\/wp-content\/uploads\/2021\/01\/Screen-Shot-2021-01-10-at-11.56.12-AM-300x152.png 300w, https:\/\/diarioelpopular.com\/wp-content\/uploads\/2021\/01\/Screen-Shot-2021-01-10-at-11.56.12-AM-768x389.png 768w, https:\/\/diarioelpopular.com\/wp-content\/uploads\/2021\/01\/Screen-Shot-2021-01-10-at-11.56.12-AM-636x322.png 636w, https:\/\/diarioelpopular.com\/wp-content\/uploads\/2021\/01\/Screen-Shot-2021-01-10-at-11.56.12-AM-144x73.png 144w, https:\/\/diarioelpopular.com\/wp-content\/uploads\/2021\/01\/Screen-Shot-2021-01-10-at-11.56.12-AM.png 1024w\" sizes=\"auto, (max-width: 300px) 100vw, 300px\" \/><p id=\"caption-attachment-495558\" class=\"wp-caption-text\"><em>La polic\u00eda de esta ciudad imponiendo multas a los infractores del toque de queda.<\/em><\/p><\/div>\n<p><em><strong>MONTREAL.-<\/strong> <\/em>El n\u00famero de casos de COVID-19 sigui\u00f3 aumentando en Quebec este s\u00e1bado, ya que se convirti\u00f3 en la primera provincia en imponer un toque de queda a sus residentes.<\/p>\n<p>El premier Fran\u00e7ois Legault anunci\u00f3 a principios de esta semana que los quebequenses tendr\u00e1n que quedarse en casa a partir de las 8 p.m. hasta las 5 a.m. en un esfuerzo por evitar que las personas se re\u00fanan desafiando las pautas de salud p\u00fablica.<\/p>\n<p>El toque de queda en toda la provincia entr\u00f3 en vigencia este s\u00e1bado por la noche y estar\u00e1 vigente hasta al menos el 8 de febrero. Las nuevas reglas se aplican a todos, excepto a los trabajadores esenciales, las personas que pasean a sus perros y aquellos en una lista corta de otras excepciones, y los infractores enfrentan multas de hasta hasta $ 6,000.<\/p>\n<p>En un mensaje de las redes sociales, Legault dijo que los hospitales de la provincia se estaban acercando a un &#8220;punto de inflexi\u00f3n&#8221; en el que podr\u00edan verse obligados a retrasar el tratamiento para todos los casos excepto los m\u00e1s urgentes.<\/p>\n<p>Dijo que el toque de queda ayudar\u00eda a detener &#8220;incluso las reuniones m\u00e1s peque\u00f1as&#8221;.<\/p>\n<p>&#8220;Es la suma de todas estas peque\u00f1as infracciones de las reglas que alimentan al virus&#8221;, escribi\u00f3.<\/p>\n<p>La provincia rompi\u00f3 la marca de los 3.000 casos por primera vez este s\u00e1bado.<\/p>\n<p>Cuando entr\u00f3 en vigor el toque de queda el s\u00e1bado por la noche, la polic\u00eda se aline\u00f3 en las calles del distrito Plateau de Montreal y r\u00e1pidamente disolvi\u00f3 una peque\u00f1a protesta all\u00ed.<\/p>\n<p>\u201cCreo que es abuso de poder. La gente necesita poner el pie en el suelo \u201d, dijo Michael Pengue, quien dijo que ya le hab\u00edan multado en una protesta contra las m\u00e1scaras.<\/p>\n<p>El grupo que coordin\u00f3 la protesta dijo a Global News que se planearon manifestaciones en casi 30 ciudades de la provincia. Cre\u00edan que todos tendr\u00edan entre 50 y 100 manifestantes.<\/p>\n<p>En la protesta de Montreal, algunos decidieron irse antes de las 8 p.m. para evitar ser multados, pero otros decidieron poner a prueba el toque de queda.<\/p>\n<p>&#8220;Solo quiero ver qu\u00e9 pasa, eso es todo&#8221;, dijo Ali Bazzi.<\/p>\n<p>Unas pocas decenas de personas marcharon por las calles residenciales cantando y golpeando ollas y sartenes cuando el reloj dio las ocho. Fueron seguidos de cerca por una fuerte presencia policial. La polic\u00eda termin\u00f3 la protesta alrededor de las 8:15 p.m., cuando comenzaron a detener a personas y a imponer multas.<\/p>\n<p>La polic\u00eda de Montreal dijo que reparti\u00f3 17 multas y no ten\u00eda arrestos que reportar.<\/p>\n<p>Otra protesta en la ciudad de Quebec result\u00f3 en multas de m\u00e1s de $ 1,500 a unos 20 manifestantes, dijo la polic\u00eda.<\/p>\n<p>Quebec ha registrado 226,233 casos del virus desde que comenz\u00f3 la pandemia y ha contado 8,647 muertes.<\/p>\n","protected":false},"excerpt":{"rendered":"<p>Actualizado domingo 10 de enero de 2021 11:46 a.m. Se inform\u00f3 este domingo de 3.945 nuevos casos del nuevo coronavirus, lo que eleva el n\u00famero&hellip;<\/p>\n","protected":false},"author":99,"featured_media":495559,"comment_status":"open","ping_status":"open","sticky":false,"template":"","format":"standard","meta":{"footnotes":""},"categories":[21,11191],"tags":[],"class_list":["post-495557","post","type-post","status-publish","format-standard","has-post-thumbnail","hentry","category-canada","category-top-news"],"_links":{"self":[{"href":"https:\/\/diarioelpopular.com\/index.php\/wp-json\/wp\/v2\/posts\/495557","targetHints":{"allow":["GET"]}}],"collection":[{"href":"https:\/\/diarioelpopular.com\/index.php\/wp-json\/wp\/v2\/posts"}],"about":[{"href":"https:\/\/diarioelpopular.com\/index.php\/wp-json\/wp\/v2\/types\/post"}],"author":[{"embeddable":true,"href":"https:\/\/diarioelpopular.com\/index.php\/wp-json\/wp\/v2\/users\/99"}],"replies":[{"embeddable":true,"href":"https:\/\/diarioelpopular.com\/index.php\/wp-json\/wp\/v2\/comments?post=495557"}],"version-history":[{"count":1,"href":"https:\/\/diarioelpopular.com\/index.php\/wp-json\/wp\/v2\/posts\/495557\/revisions"}],"predecessor-version":[{"id":495560,"href":"https:\/\/diarioelpopular.com\/index.php\/wp-json\/wp\/v2\/posts\/495557\/revisions\/495560"}],"wp:featuredmedia":[{"embeddable":true,"href":"https:\/\/diarioelpopular.com\/index.php\/wp-json\/wp\/v2\/media\/495559"}],"wp:attachment":[{"href":"https:\/\/diarioelpopular.com\/index.php\/wp-json\/wp\/v2\/media?parent=495557"}],"wp:term":[{"taxonomy":"category","embeddable":true,"href":"https:\/\/diarioelpopular.com\/index.php\/wp-json\/wp\/v2\/categories?post=495557"},{"taxonomy":"post_tag","embeddable":true,"href":"https:\/\/diarioelpopular.com\/index.php\/wp-json\/wp\/v2\/tags?post=495557"}],"curies":[{"name":"wp","href":"https:\/\/api.w.org\/{rel}","templated":true}]}}