{"id":495590,"date":"2021-01-11T12:14:56","date_gmt":"2021-01-11T16:14:56","guid":{"rendered":"https:\/\/diarioelpopular.com\/?p=495590"},"modified":"2021-01-11T12:14:56","modified_gmt":"2021-01-11T16:14:56","slug":"fujimori-a-juicio-por-esterilizaciones","status":"publish","type":"post","link":"https:\/\/diarioelpopular.com\/index.php\/2021\/01\/11\/fujimori-a-juicio-por-esterilizaciones\/","title":{"rendered":"Fujimori a juicio por esterilizaciones"},"content":{"rendered":"<div id=\"attachment_495591\" style=\"width: 486px\" class=\"wp-caption alignnone\"><img loading=\"lazy\" decoding=\"async\" aria-describedby=\"caption-attachment-495591\" class=\"size-custom-full-size wp-image-495591\" src=\"https:\/\/diarioelpopular.com\/wp-content\/uploads\/2021\/01\/262cc115adeff6dcda0a604be216ce3d.jpg\" alt=\"\" width=\"476\" height=\"317\" srcset=\"https:\/\/diarioelpopular.com\/wp-content\/uploads\/2021\/01\/262cc115adeff6dcda0a604be216ce3d.jpg 476w, https:\/\/diarioelpopular.com\/wp-content\/uploads\/2021\/01\/262cc115adeff6dcda0a604be216ce3d-300x200.jpg 300w, https:\/\/diarioelpopular.com\/wp-content\/uploads\/2021\/01\/262cc115adeff6dcda0a604be216ce3d-110x73.jpg 110w\" sizes=\"auto, (max-width: 476px) 100vw, 476px\" \/><p id=\"caption-attachment-495591\" class=\"wp-caption-text\"><em>Expresidente peruano Alberto Fujimori a juicio por esterilizaciones.<\/em><br \/><em>(foto: EPA)<\/em><\/p><\/div>\n<h4><em><strong>En 10 a\u00f1os fueron forzadas miles de mujeres, muchas ind\u00edgenas<\/strong><\/em><\/h4>\n<p><em><strong>LIMA, 11 ENE &#8211;<\/strong><\/em> Un tribunal peruano mantendr\u00e1 este lunes una sesi\u00f3n para permitir al Ministerio P\u00fablico peruano formalizar los cargos contra el expresidente Alberto Fujimori por una campa\u00f1a de esterilizaci\u00f3n forzada que entre 1990 y 1999 involucr\u00f3 a m\u00e1s de 300.000 mujeres, en su mayor\u00eda ind\u00edgenas, madres de varios hijos.<br \/>\nA trav\u00e9s de una audiencia virtual, inform\u00f3 la radio RPP de Lima, el juez Rafael Mart\u00edn Mart\u00ednez escuchar\u00e1 el informe del fiscal Pablo Espinoza quien formular\u00e1 las acusaciones contra Fujimori, los exministros de salud de la \u00e9poca y otras importantes personalidades involucradas en la implementaci\u00f3n del plan de gobierno que data de hace m\u00e1s de 22 a\u00f1os.<br \/>\nSeg\u00fan la emisora, la Fiscal\u00eda respaldar\u00e1 la tesis de que las esterilizaciones realizadas sin el consentimiento de las mujeres involucradas, ciertamente unas miles, representan &#8220;cr\u00edmenes de lesa humanidad&#8221; que deben ser severamente castigados.<br \/>\nActualmente Fujimori, de 81 a\u00f1os, se encuentra en prisi\u00f3n cumpliendo una condena de 13 a\u00f1os por delitos de lesa humanidad y corrupci\u00f3n.<\/p>\n","protected":false},"excerpt":{"rendered":"<p>En 10 a\u00f1os fueron forzadas miles de mujeres, muchas ind\u00edgenas LIMA, 11 ENE &#8211; Un tribunal peruano mantendr\u00e1 este lunes una sesi\u00f3n para permitir al&hellip;<\/p>\n","protected":false},"author":99,"featured_media":495591,"comment_status":"open","ping_status":"open","sticky":false,"template":"","format":"standard","meta":{"footnotes":""},"categories":[23],"tags":[],"class_list":["post-495590","post","type-post","status-publish","format-standard","has-post-thumbnail","hentry","category-latinoamerica"],"_links":{"self":[{"href":"https:\/\/diarioelpopular.com\/index.php\/wp-json\/wp\/v2\/posts\/495590","targetHints":{"allow":["GET"]}}],"collection":[{"href":"https:\/\/diarioelpopular.com\/index.php\/wp-json\/wp\/v2\/posts"}],"about":[{"href":"https:\/\/diarioelpopular.com\/index.php\/wp-json\/wp\/v2\/types\/post"}],"author":[{"embeddable":true,"href":"https:\/\/diarioelpopular.com\/index.php\/wp-json\/wp\/v2\/users\/99"}],"replies":[{"embeddable":true,"href":"https:\/\/diarioelpopular.com\/index.php\/wp-json\/wp\/v2\/comments?post=495590"}],"version-history":[{"count":1,"href":"https:\/\/diarioelpopular.com\/index.php\/wp-json\/wp\/v2\/posts\/495590\/revisions"}],"predecessor-version":[{"id":495592,"href":"https:\/\/diarioelpopular.com\/index.php\/wp-json\/wp\/v2\/posts\/495590\/revisions\/495592"}],"wp:featuredmedia":[{"embeddable":true,"href":"https:\/\/diarioelpopular.com\/index.php\/wp-json\/wp\/v2\/media\/495591"}],"wp:attachment":[{"href":"https:\/\/diarioelpopular.com\/index.php\/wp-json\/wp\/v2\/media?parent=495590"}],"wp:term":[{"taxonomy":"category","embeddable":true,"href":"https:\/\/diarioelpopular.com\/index.php\/wp-json\/wp\/v2\/categories?post=495590"},{"taxonomy":"post_tag","embeddable":true,"href":"https:\/\/diarioelpopular.com\/index.php\/wp-json\/wp\/v2\/tags?post=495590"}],"curies":[{"name":"wp","href":"https:\/\/api.w.org\/{rel}","templated":true}]}}