{"id":495596,"date":"2021-01-11T12:19:42","date_gmt":"2021-01-11T16:19:42","guid":{"rendered":"https:\/\/diarioelpopular.com\/?p=495596"},"modified":"2021-01-11T12:19:42","modified_gmt":"2021-01-11T16:19:42","slug":"bolivia-riesgo-de-desastre-epidemiologico","status":"publish","type":"post","link":"https:\/\/diarioelpopular.com\/index.php\/2021\/01\/11\/bolivia-riesgo-de-desastre-epidemiologico\/","title":{"rendered":"Bolivia, riesgo de desastre epidemiol\u00f3gico"},"content":{"rendered":"<div id=\"attachment_495597\" style=\"width: 310px\" class=\"wp-caption alignnone\"><img loading=\"lazy\" decoding=\"async\" aria-describedby=\"caption-attachment-495597\" class=\"size-medium wp-image-495597\" src=\"https:\/\/diarioelpopular.com\/wp-content\/uploads\/2021\/01\/757773df1ece63af72f514130d85e136-300x194.jpg\" alt=\"\" width=\"300\" height=\"194\" srcset=\"https:\/\/diarioelpopular.com\/wp-content\/uploads\/2021\/01\/757773df1ece63af72f514130d85e136-300x194.jpg 300w, https:\/\/diarioelpopular.com\/wp-content\/uploads\/2021\/01\/757773df1ece63af72f514130d85e136-85x55.jpg 85w, https:\/\/diarioelpopular.com\/wp-content\/uploads\/2021\/01\/757773df1ece63af72f514130d85e136-113x73.jpg 113w, https:\/\/diarioelpopular.com\/wp-content\/uploads\/2021\/01\/757773df1ece63af72f514130d85e136.jpg 476w\" sizes=\"auto, (max-width: 300px) 100vw, 300px\" \/><p id=\"caption-attachment-495597\" class=\"wp-caption-text\"><em>Hospitales abarrotados en La Paz (foto: ANSA)<\/em><\/p><\/div>\n<h4><em><strong>Hospitales en colapso en La Paz, virus m\u00e1s agresivo pudo mutar<\/strong><\/em><\/h4>\n<p><em><strong>LA PAZ 11 ENE &#8211;<\/strong> <\/em>La pandemia se dispara en Bolivia, que report\u00f3 en la \u00faltima jornada contabilizada (la del domingo) 1.098 contagios nuevos Covid-19 -la mayor cantidad en La Paz-, con hospitales a riesgo de colapso y m\u00e9dicos que piden al gobierno que declare el confinamiento obligatorio ante una mayor agresividad del virus.<br \/>\nEn La Paz se anunciaron ayer 443 nuevos casos y le sigui\u00f3 Santa Cruz con 327 contagios. Los otros seis departamentos tambi\u00e9n muestran un ascenso de los infectados.<br \/>\n&#8220;La forma en que est\u00e1 aumentando la circulaci\u00f3n del virus en La Paz es muy fuerte. M\u00e1s de 5.000 casos de Covid-19 en los primeros d\u00edas del a\u00f1o, superando al pico de junio y julio del a\u00f1o pasado&#8221;, alert\u00f3 hoy el diario El Deber.<br \/>\n&#8220;Santa Cruz se halla en un momento de la segunda ola de contagios por Covid-19 en el que la cuarentena es imprescindible y prioritaria&#8221;, dijo el Colegio M\u00e9dico de Santa Cruz encendiendo alarmas.<br \/>\nPero hay una situaci\u00f3n m\u00e1s alarmante en un contexto ca\u00f3tico que plantean los expertos, al parecer el virus mut\u00f3 y los casos se presentan cada vez m\u00e1s graves y requieren internaci\u00f3n a las 72 horas.<br \/>\n&#8220;En la mayor\u00eda de los pacientes que ven ahora, los s\u00edntomas son diferentes de los que vieron en la primera ola y, lo m\u00e1s preocupante, el virus es m\u00e1s fulminante, apenas da hasta 72 horas para ayudar el enfermo y, en algunos casos, la medicaci\u00f3n ya no funciona&#8221;, indic\u00f3 el peri\u00f3dico P\u00e1gina Siete, en base al relato de m\u00e9dicos.<br \/>\n&#8220;Exigimos a los gobiernos nacional, departamental y municipal se declare de manera inmediata la cuarentena r\u00edgida en el pa\u00eds, por estar al borde del colapso el sistema de salud, el cual no est\u00e1 en condiciones para enfrentar este desastre de salud departamental y nacional&#8221;, afirma una resoluci\u00f3n emitida por el Comit\u00e9 Departamental de Salud (Codesa), dependiente del Colegio M\u00e9dico de La Paz- Ambas entidades est\u00e1n demandando la declaratoria de un nuevo confinamiento y exponen la precaria situaci\u00f3n en la que se aseguran que est\u00e1n actualmente los servicios de salud.<br \/>\nDe no ser escuchados, los m\u00e9dicos advirtieron que van a &#8220;declarar el colapso de los servicios de salud, la incapacidad de atenci\u00f3n y se suspender\u00e1 la atenci\u00f3n&#8221; a los pacientes.<br \/>\nEl Covid-19 parece haberse vuelto micho m\u00e1s agresivo en Bolivia, seg\u00fan la experiencia de &#8220;trinchera&#8221; de los m\u00e9dicos.<br \/>\n&#8220;Estamos viendo cada vez casos m\u00e1s graves, pacientes que no responden a la medicaci\u00f3n, casos fulminantes que en 24 y 72 horas llegan a un grado grave de insuficiencia pulmonar. Antes ten\u00edamos de siete a diez d\u00edas, pero ahora la ventana se reduce a tres o cuatro d\u00edas&#8221;, coment\u00f3 el neum\u00f3logo Marcelo Vercosa en un video que difundi\u00f3 el fin de semana por sus redes sociales.<br \/>\n&#8220;Si no tratamos al paciente, entre las 24 y 72 horas, llegan a un estado tan cr\u00edtico que requieren terapia intensiva, un servicio que est\u00e1 colapsado&#8221;, a\u00f1adi\u00f3,seg\u00fan consigna P\u00e1gina Siete.<br \/>\n&#8220;No tenemos la capacidad de identificar (esa situaci\u00f3n) en Bolivia, pero podemos mandar pruebas para ver qu\u00e9 est\u00e1 pasando, porque algo est\u00e1 pasando; los pacientes tardan m\u00e1s en recuperarse y el curso es m\u00e1s fulminante. No sabemos si estamos ante un nuevo virus&#8221;, dijo Vercosa.<br \/>\nFernando Romero, un galeno que es secretario del Sindicato de Ramas M\u00e9dicas de la Salud P\u00fablica de La Paz, considera que s\u00ed hay una mutaci\u00f3n, que se refleja en la r\u00e1pida propagaci\u00f3n de la enfermedad y en que ahora es m\u00e1s fulminante, aunque no hay un informe oficial.<br \/>\nEl m\u00e9dico considera que la \u00fanica alternativa es volver a restringir las actividades sociales. &#8220;Todo lo que no sea fundamental deber\u00eda restringirse unos d\u00edas. Si eso no funciona tendr\u00e1 que declararse la cuarentena&#8221;, afirm\u00f3.<br \/>\nHasta el \u00faltimo domingo, Bolivia -con una poblaci\u00f3n de &#8211; sumaba 172.798 casos de infectados, 9.351 de muertos y 137.704 recuperados, seg\u00fan cifras de la Organizaci\u00f3n Mundial de la Salud (OMS).<br \/>\nEl ministro de Salud de Bolivia, Edgar Pozo, inform\u00f3 ayer que el pa\u00eds registra una &#8220;muy r\u00e1pida escalada&#8221; de los casos de coronavirus e ingres\u00f3 en la segunda ola del brote, un d\u00eda despu\u00e9s de que se registrara el mayor n\u00famero de contagios desde el inicio de la pandemia con 2.263 nuevos positivos el s\u00e1bado.<br \/>\nEl m\u00e9dico considera que la \u00fanica alternativa es volver a restringir las actividades sociales. &#8220;Todo lo que no sea fundamental deber\u00eda restringirse unos d\u00edas. Si eso no funciona tendr\u00e1 que declararse la cuarentena&#8221;, afirm\u00f3.<\/p>\n","protected":false},"excerpt":{"rendered":"<p>Hospitales en colapso en La Paz, virus m\u00e1s agresivo pudo mutar LA PAZ 11 ENE &#8211; La pandemia se dispara en Bolivia, que report\u00f3 en&hellip;<\/p>\n","protected":false},"author":99,"featured_media":495597,"comment_status":"open","ping_status":"open","sticky":false,"template":"","format":"standard","meta":{"footnotes":""},"categories":[23],"tags":[],"class_list":["post-495596","post","type-post","status-publish","format-standard","has-post-thumbnail","hentry","category-latinoamerica"],"_links":{"self":[{"href":"https:\/\/diarioelpopular.com\/index.php\/wp-json\/wp\/v2\/posts\/495596","targetHints":{"allow":["GET"]}}],"collection":[{"href":"https:\/\/diarioelpopular.com\/index.php\/wp-json\/wp\/v2\/posts"}],"about":[{"href":"https:\/\/diarioelpopular.com\/index.php\/wp-json\/wp\/v2\/types\/post"}],"author":[{"embeddable":true,"href":"https:\/\/diarioelpopular.com\/index.php\/wp-json\/wp\/v2\/users\/99"}],"replies":[{"embeddable":true,"href":"https:\/\/diarioelpopular.com\/index.php\/wp-json\/wp\/v2\/comments?post=495596"}],"version-history":[{"count":1,"href":"https:\/\/diarioelpopular.com\/index.php\/wp-json\/wp\/v2\/posts\/495596\/revisions"}],"predecessor-version":[{"id":495598,"href":"https:\/\/diarioelpopular.com\/index.php\/wp-json\/wp\/v2\/posts\/495596\/revisions\/495598"}],"wp:featuredmedia":[{"embeddable":true,"href":"https:\/\/diarioelpopular.com\/index.php\/wp-json\/wp\/v2\/media\/495597"}],"wp:attachment":[{"href":"https:\/\/diarioelpopular.com\/index.php\/wp-json\/wp\/v2\/media?parent=495596"}],"wp:term":[{"taxonomy":"category","embeddable":true,"href":"https:\/\/diarioelpopular.com\/index.php\/wp-json\/wp\/v2\/categories?post=495596"},{"taxonomy":"post_tag","embeddable":true,"href":"https:\/\/diarioelpopular.com\/index.php\/wp-json\/wp\/v2\/tags?post=495596"}],"curies":[{"name":"wp","href":"https:\/\/api.w.org\/{rel}","templated":true}]}}