{"id":495618,"date":"2021-01-14T12:24:44","date_gmt":"2021-01-14T16:24:44","guid":{"rendered":"https:\/\/diarioelpopular.com\/?p=495618"},"modified":"2021-01-14T12:24:44","modified_gmt":"2021-01-14T16:24:44","slug":"ontario-reporta-3-326-nuevos-casos-de-coronavirus-62-muertes-mas","status":"publish","type":"post","link":"https:\/\/diarioelpopular.com\/index.php\/2021\/01\/14\/ontario-reporta-3-326-nuevos-casos-de-coronavirus-62-muertes-mas\/","title":{"rendered":"Ontario reporta 3.326 nuevos casos de coronavirus, 62 muertes m\u00e1s"},"content":{"rendered":"<p><img loading=\"lazy\" decoding=\"async\" class=\"alignnone size-custom-full-size wp-image-495620\" src=\"https:\/\/diarioelpopular.com\/wp-content\/uploads\/2021\/01\/Screen-Shot-2021-01-14-at-10.56.25-AM-636x363.png\" alt=\"\" width=\"636\" height=\"363\" srcset=\"https:\/\/diarioelpopular.com\/wp-content\/uploads\/2021\/01\/Screen-Shot-2021-01-14-at-10.56.25-AM-636x363.png 636w, https:\/\/diarioelpopular.com\/wp-content\/uploads\/2021\/01\/Screen-Shot-2021-01-14-at-10.56.25-AM-300x171.png 300w, https:\/\/diarioelpopular.com\/wp-content\/uploads\/2021\/01\/Screen-Shot-2021-01-14-at-10.56.25-AM-768x439.png 768w, https:\/\/diarioelpopular.com\/wp-content\/uploads\/2021\/01\/Screen-Shot-2021-01-14-at-10.56.25-AM-128x73.png 128w, https:\/\/diarioelpopular.com\/wp-content\/uploads\/2021\/01\/Screen-Shot-2021-01-14-at-10.56.25-AM.png 1024w\" sizes=\"auto, (max-width: 636px) 100vw, 636px\" \/><\/p>\n<h4><em><strong>&#8211; El recuento de casos de este jueves es mayor que el del mi\u00e9rcoles, en el que se produjeron 2.961 nuevas infecciones. El martes se registraron 2.903 casos nuevos.<\/strong><\/em><\/h4>\n<h4><em><strong>&#8211; Air Canada eliminar\u00e1 aproximadamente 1.700 puestos de trabajo<\/strong><\/em><\/h4>\n<p><em><strong>TORONTO.-<\/strong> <\/em>\u201cA nivel local, hay 968 casos nuevos en Toronto, 572 en Peel, 357 en la regi\u00f3n de York y 268 en el condado de Windsor-Essex\u201d, dijo la ministra de Salud, Christine Elliott.<\/p>\n<p>El n\u00famero de muertos en la provincia ha aumentado a 5.189, despu\u00e9s de que se reportaran 62 muertes m\u00e1s.<\/p>\n<p>Ontario inform\u00f3 que 1,657 personas fueron hospitalizadas con COVID-19 (17 menos que el d\u00eda anterior), con 388 pacientes en una unidad de cuidados intensivos (3 m\u00e1s) y 280 pacientes en UCI con ventilador (4 m\u00e1s).<\/p>\n<p>El gobierno dijo que se procesaron 71.169 pruebas en las \u00faltimas 24 horas. Actualmente hay una acumulaci\u00f3n de 66,940 pruebas en espera de resultados. Se han completado un total de 8.714.916 pruebas desde el inicio de la pandemia.<\/p>\n<p>La positividad de las pruebas (el porcentaje de pruebas que dan positivo) para el jueves fue del 5,1 por ciento, por debajo del 6 por ciento del mi\u00e9rcoles y por debajo de hace una semana cuando era del 6,1 por ciento.<\/p>\n<p>A partir de las 8 p.m. El mi\u00e9rcoles, la provincia ha administrado 159.021 dosis de la vacuna COVID-19. Un total de 13.293 personas han sido completamente vacunadas hasta ahora con dos dosis.<\/p>\n<p>Mientras tanto, 193,814 habitantes de Ontario se han recuperado del COVID-19, que es aproximadamente el 85 por ciento de los casos conocidos. Los casos resueltos aumentaron en 3.593 respecto al d\u00eda anterior.<\/p>\n<p>Los casos activos en Ontario ahora ascienden a 29.307, por debajo del d\u00eda anterior, cuando eran 29.636.<\/p>\n<p>El promedio de siete d\u00edas ha llegado a 3.452, por debajo de este mi\u00e9rcoles en 3.480, pero por encima de la semana pasada en 3.141.<\/p>\n<p>Aqu\u00ed hay un desglose del total de casos en Ontario por g\u00e9nero y edad:<\/p>\n<p>111.525 personas son hombres, un aumento de 1.701 casos.<\/p>\n<p>115.485 personas son mujeres, un aumento de 1.695 casos.<\/p>\n<p>29,845 personas tienen 19 a\u00f1os o menos, un aumento de 419 casos.<\/p>\n<p>83,353 personas tienen entre 20 y 39 a\u00f1os, un aumento de 1,240 casos.<\/p>\n<p>65.741 personas tienen entre 40 y 59 a\u00f1os, un aumento de 977 casos.<\/p>\n<p>32,924 personas tienen entre 60 y 79 a\u00f1os, un aumento de 468 casos.<\/p>\n<p>16,395 personas tienen 80 a\u00f1os o m\u00e1s, un aumento de 219 casos.<\/p>\n<p>La provincia se\u00f1ala que no todos los casos tienen una edad o sexo reportados.<\/p>\n<p>La provincia se\u00f1ala que la cantidad de casos notificados p\u00fablicamente cada d\u00eda puede no coincidir con los recuentos de casos notificados por la unidad de salud p\u00fablica local en un d\u00eda determinado. Las unidades de salud p\u00fablica locales informan cu\u00e1ndo se les notific\u00f3 por primera vez de un caso, que puede actualizarse y cambiarse a medida que la informaci\u00f3n est\u00e9 disponible. Los datos tambi\u00e9n se pueden extraer en diferentes momentos.<\/p>\n<p>Aqu\u00ed hay un desglose del total de muertes relacionadas con COVID-19 por edad:<\/p>\n<p>Muertes reportadas en menores de 19 a\u00f1os: 1<\/p>\n<p>Muertes reportadas en edades de 20 a 39: 20<\/p>\n<p>Muertes reportadas en edades de 40 a 59: 202<\/p>\n<p>Muertes reportadas en edades de 60 a 79: 1388<\/p>\n<p>Muertes reportadas en 80 a\u00f1os o m\u00e1s: 3577<\/p>\n<p>La provincia se\u00f1ala que puede haber un retraso en la notificaci\u00f3n de las muertes.<\/p>\n<p>Hogares de atenci\u00f3n a largo plazo de Ontario<\/p>\n<p>Seg\u00fan el Ministerio de Atenci\u00f3n a Largo Plazo, se han reportado 3.063 muertes entre residentes y pacientes en hogares de atenci\u00f3n a largo plazo en Ontario, lo que representa un aumento de 34 muertes. Se han informado diez muertes relacionadas con virus en total entre el personal.<\/p>\n<p>Hay 244 brotes actuales en hogares, una disminuci\u00f3n de cinco con respecto al d\u00eda anterior.<\/p>\n<p>El ministerio tambi\u00e9n indic\u00f3 que actualmente hay 1.603 casos activos entre los residentes de cuidados a largo plazo y 1.297 casos activos entre el personal, un aumento de 61 casos y un aumento de 19 casos, respectivamente, en el \u00faltimo d\u00eda.<\/p>\n<p>&nbsp;<\/p>\n<h4><em><strong>Air Canada eliminar\u00e1 aproximadamente 1.700 puestos de trabajo<\/strong><\/em><\/h4>\n<p><img loading=\"lazy\" decoding=\"async\" class=\"alignnone size-custom-full-size wp-image-495619\" src=\"https:\/\/diarioelpopular.com\/wp-content\/uploads\/2021\/01\/Screen-Shot-2021-01-13-at-7.00.19-PM-636x329.png\" alt=\"\" width=\"636\" height=\"329\" srcset=\"https:\/\/diarioelpopular.com\/wp-content\/uploads\/2021\/01\/Screen-Shot-2021-01-13-at-7.00.19-PM-636x329.png 636w, https:\/\/diarioelpopular.com\/wp-content\/uploads\/2021\/01\/Screen-Shot-2021-01-13-at-7.00.19-PM-300x155.png 300w, https:\/\/diarioelpopular.com\/wp-content\/uploads\/2021\/01\/Screen-Shot-2021-01-13-at-7.00.19-PM-768x397.png 768w, https:\/\/diarioelpopular.com\/wp-content\/uploads\/2021\/01\/Screen-Shot-2021-01-13-at-7.00.19-PM-141x73.png 141w, https:\/\/diarioelpopular.com\/wp-content\/uploads\/2021\/01\/Screen-Shot-2021-01-13-at-7.00.19-PM.png 1024w\" sizes=\"auto, (max-width: 636px) 100vw, 636px\" \/><\/p>\n<h4><em><strong>Air Canada eliminar\u00e1 aproximadamente 1.700 puestos de trabajo<\/strong><\/em><\/h4>\n<p><em><strong>OTTAWA.-<\/strong> <\/em>El mes pasado, el gobierno federal anunci\u00f3 que Canad\u00e1 requerir\u00eda que cualquier persona que ingrese al pa\u00eds obtenga una prueba COVID-19 negativa antes de abordar su vuelo. Las nuevas reglas entraron en vigor el 7 de enero.<\/p>\n<p>La vicepresidenta ejecutiva de Air Canada, Lucie Guillemette, dijo que las reglas de viaje mejoradas, &#8220;adem\u00e1s de los requisitos de cuarentena existentes&#8221;, han tenido un &#8220;impacto inmediato&#8221; en las reservas de la empresa.<\/p>\n<p>&#8220;(Nosotros) hemos tomado la decisi\u00f3n dif\u00edcil pero necesaria de ajustar a\u00fan m\u00e1s nuestro horario y racionalizar nuestras rutas transfronterizas, caribe\u00f1as y dom\u00e9sticas para reflejar mejor la demanda esperada y reducir el gasto de efectivo&#8221;, dijo Guillemette en un comunicado.<\/p>\n<p>La reducci\u00f3n del 25 por ciento en el servicio tambi\u00e9n afectar\u00e1 a 200 empleados de las aerol\u00edneas Express de Air Canada. La aerol\u00ednea dijo que est\u00e1 trabajando con sus sindicatos en programas de mitigaci\u00f3n.<\/p>\n<p>Las aerol\u00edneas han se\u00f1alado con el dedo las reglas poco claras y la falta de apoyo federal como razones de la dram\u00e1tica reducci\u00f3n en el servicio.<\/p>\n<p>El director ejecutivo de WestJet culp\u00f3 directamente a la pol\u00edtica &#8220;incoherente&#8221; de Ottawa como la raz\u00f3n detr\u00e1s de los recortes de personal y vuelos de su aerol\u00ednea. Ed Sims dijo que las cancelaciones de viajes y las reducciones en las nuevas reservas se acumularon inmediatamente despu\u00e9s de que el gobierno federal anunci\u00f3 sus nuevas reglas de prueba de entrada.<\/p>\n<p>WestJet dijo que ha reducido los vuelos en m\u00e1s del 80 por ciento en comparaci\u00f3n con el mismo per\u00edodo del a\u00f1o pasado.<\/p>\n<p>El presidente de CUPE Local 4070, que representa a los asistentes de vuelo de WestJet, Encore y Swoop, tambi\u00e9n apunt\u00f3 a lo que llam\u00f3 el &#8220;ataque continuo del gobierno federal a las aerol\u00edneas de Canad\u00e1&#8221;.<\/p>\n<p>&#8220;Ottawa ha demostrado cero comprensi\u00f3n de los 36.000 millones de d\u00f3lares en PIB que las aerol\u00edneas de Canad\u00e1 contribuyen a nuestra econom\u00eda&#8221;, dijo Chris Rauenbusch en un comunicado a Global News el viernes.<\/p>\n<p>&nbsp;<\/p>\n<p>&#8220;Si esta industria colapsa, no solo desaparecer\u00e1n los empleos en nuestro sector, sino tambi\u00e9n los empleos en muchos otros sectores&#8221;.<\/p>\n<p>Dado que los niveles de pasajeros en las aerol\u00edneas comerciales canadienses se redujeron hasta en un 90% a\u00f1o tras a\u00f1o, no hay duda de que la industria de las aerol\u00edneas se ha visto muy afectada por la pandemia.<\/p>\n<p>Cuando se le pregunt\u00f3 sobre los recortes de WestJet la semana pasada, el primer ministro Justin Trudeau se\u00f1al\u00f3 1.500 millones de d\u00f3lares en ayuda que se han dirigido a la industria de la aviaci\u00f3n a trav\u00e9s del subsidio salarial federal y otras medidas de alivio, aunque ninguna fue espec\u00edfica para el sector enfermo.<\/p>\n<p>Dijo que las discusiones sobre un paquete de apoyo espec\u00edfico de la industria contin\u00faan, pero dependen de que las aerol\u00edneas proporcionen reembolsos a los pasajeros cuyos vuelos fueron cancelados.<\/p>\n<p>&#8220;La gente no deber\u00eda viajar, y eso, por supuesto, es un desaf\u00edo directo para la industria de las aerol\u00edneas&#8221;, dijo Trudeau a los periodistas en Ottawa.<\/p>\n<p>&#8220;Al mismo tiempo, hemos dejado muy claro que esperamos que se reembolse a las personas (por vuelos cancelados), que las rutas regionales est\u00e9n protegidas &#8230; Esperamos ciertas cosas de la industria de las aerol\u00edneas&#8221;.<\/p>\n<p>A principios de esta semana, Air Canada notific\u00f3 a los aeropuertos del Atl\u00e1ntico canadiense que recortar\u00eda rutas adicionales en la regi\u00f3n, suspendiendo todos los vuelos en Gander, N.L., Goose Bay, N.L. y Fredericton, N.B., hasta nuevo aviso.<\/p>\n<p>Los recortes se producen pocos d\u00edas despu\u00e9s de que la \u00faltima ronda de reducciones de servicio de Air Canada en el Atl\u00e1ntico de Canad\u00e1 entrara en vigor el 11 de enero.<\/p>\n<p>De manera similar, WestJet dijo en octubre que suspender\u00eda el 80 por ciento de su capacidad en el Atl\u00e1ntico canadiense y despedir\u00eda a 100 empleados corporativos, despu\u00e9s de haber despedido ya a 4.000 trabajadores adicionales desde que comenz\u00f3 la pandemia.<\/p>\n<p>Monette Pasher, directora ejecutiva de la Asociaci\u00f3n de Aeropuertos del Atl\u00e1ntico de Canad\u00e1, dijo en un comunicado que las repercusiones de los recortes se sentir\u00e1n durante a\u00f1os en las comunidades del Atl\u00e1ntico de Canad\u00e1.<\/p>\n<p>Air Canada est\u00e1 contactando a los clientes afectados para ofrecerles opciones como reembolsos o arreglos de viaje alternativos.<\/p>\n","protected":false},"excerpt":{"rendered":"<p>&#8211; El recuento de casos de este jueves es mayor que el del mi\u00e9rcoles, en el que se produjeron 2.961 nuevas infecciones. El martes se&hellip;<\/p>\n","protected":false},"author":99,"featured_media":495620,"comment_status":"open","ping_status":"open","sticky":false,"template":"","format":"standard","meta":{"footnotes":""},"categories":[21,11191],"tags":[],"class_list":["post-495618","post","type-post","status-publish","format-standard","has-post-thumbnail","hentry","category-canada","category-top-news"],"_links":{"self":[{"href":"https:\/\/diarioelpopular.com\/index.php\/wp-json\/wp\/v2\/posts\/495618","targetHints":{"allow":["GET"]}}],"collection":[{"href":"https:\/\/diarioelpopular.com\/index.php\/wp-json\/wp\/v2\/posts"}],"about":[{"href":"https:\/\/diarioelpopular.com\/index.php\/wp-json\/wp\/v2\/types\/post"}],"author":[{"embeddable":true,"href":"https:\/\/diarioelpopular.com\/index.php\/wp-json\/wp\/v2\/users\/99"}],"replies":[{"embeddable":true,"href":"https:\/\/diarioelpopular.com\/index.php\/wp-json\/wp\/v2\/comments?post=495618"}],"version-history":[{"count":1,"href":"https:\/\/diarioelpopular.com\/index.php\/wp-json\/wp\/v2\/posts\/495618\/revisions"}],"predecessor-version":[{"id":495621,"href":"https:\/\/diarioelpopular.com\/index.php\/wp-json\/wp\/v2\/posts\/495618\/revisions\/495621"}],"wp:featuredmedia":[{"embeddable":true,"href":"https:\/\/diarioelpopular.com\/index.php\/wp-json\/wp\/v2\/media\/495620"}],"wp:attachment":[{"href":"https:\/\/diarioelpopular.com\/index.php\/wp-json\/wp\/v2\/media?parent=495618"}],"wp:term":[{"taxonomy":"category","embeddable":true,"href":"https:\/\/diarioelpopular.com\/index.php\/wp-json\/wp\/v2\/categories?post=495618"},{"taxonomy":"post_tag","embeddable":true,"href":"https:\/\/diarioelpopular.com\/index.php\/wp-json\/wp\/v2\/tags?post=495618"}],"curies":[{"name":"wp","href":"https:\/\/api.w.org\/{rel}","templated":true}]}}