{"id":495625,"date":"2021-01-14T12:31:46","date_gmt":"2021-01-14T16:31:46","guid":{"rendered":"https:\/\/diarioelpopular.com\/?p=495625"},"modified":"2021-01-14T12:31:46","modified_gmt":"2021-01-14T16:31:46","slug":"primera-caravana-del-ano-parte-de-honduras-a-eeuu","status":"publish","type":"post","link":"https:\/\/diarioelpopular.com\/index.php\/2021\/01\/14\/primera-caravana-del-ano-parte-de-honduras-a-eeuu\/","title":{"rendered":"Primera caravana del a\u00f1o parte de Honduras a EEUU"},"content":{"rendered":"<div id=\"attachment_495626\" style=\"width: 160px\" class=\"wp-caption alignnone\"><img loading=\"lazy\" decoding=\"async\" aria-describedby=\"caption-attachment-495626\" class=\"size-thumbnail wp-image-495626\" src=\"https:\/\/diarioelpopular.com\/wp-content\/uploads\/2021\/01\/ac23d2fe104aabdefdc8a18321f5ef25-150x150.jpg\" alt=\"\" width=\"150\" height=\"150\" \/><p id=\"caption-attachment-495626\" class=\"wp-caption-text\"><em>Caravana de migrantes en Centroam\u00e9rica.<\/em><br \/><em>(foto: EPA)<\/em><\/p><\/div>\n<h4><em><strong>Dif\u00edcil marcha hacia la frontera<\/strong><\/em><\/h4>\n<p><em><strong>TEGUCIGALPA, 14 ENE &#8211;<\/strong> <\/em>Una caravana de unas 300 personas dej\u00f3 la noche pasada a pie San Pedro Sula, en Honduras, con intenci\u00f3n de ir a Estados Unidos, en lo que se configura como la primera iniciativa de este tipo en 2021.<br \/>\nSe trata, escribe hoy el diario El Heraldo, de hombres, mujeres y ni\u00f1os que adhirieron a una propuesta que circulaba desde hace varios d\u00edas en las redes sociales.<br \/>\nLa partida hab\u00eda sido fijada para el 15 de enero, pero los organizadores, por razones no especificadas, decidieron anticiparla de improviso.<br \/>\nEl diario recuerdo que fueron al menos una decena las caravanas que partieron a partir de 2018 desde San Pedro Sula, considerada la capital industrial de Honduras, donde la pobreza y desocupaci\u00f3n son alt\u00edsimas.<br \/>\nUna de las participantes declar\u00f3 que se va porque no tiene oportunidades de trabajo, las autoridades &#8220;no hacen nada&#8221; y enfrenta dificultades para criar, como madre sola, a sus hijos de 11 y 6 a\u00f1os.<br \/>\nAl parecer la empresa, en viaje hacia el punto fronterizo de Corinto, no ser\u00e1 sencillo porque las autoridades de la propia Honduras, de Guatemala y de M\u00e9xico advirtieron que los migrantes sin los documentos en regla ser\u00e1n bloqueados.<br \/>\nGuatemala por su parte decret\u00f3 hoy, durante 14 d\u00edas, el &#8220;estado de prevenci\u00f3n&#8221;, figura de la Constituci\u00f3n que establece en ciertos casos limitaciones para la poblaci\u00f3n (reuniones al aire libre, manifestaciones, espect\u00e1culos muy concurridos y portaci\u00f3n de armas).<br \/>\nLa medida, publicada en el Bolet\u00edn Oficial, concierne a siete departamentos meridionales del pa\u00eds: Izabal, Zacapa, Chiquimula, Jutiapa, El Progreso, Pet\u00e9n y Santa Rosa.<br \/>\nResponsables de los organismos migratorios de M\u00e9xico, Guatemala y Honduras, indica el diario, realizaron el lunes una inspecci\u00f3n en la frontera de Corinto, 200 kil\u00f3metros al norte de Tegucigalpa, para determinar acciones que permiten afrontar la caravana por llegar.<\/p>\n","protected":false},"excerpt":{"rendered":"<p>Dif\u00edcil marcha hacia la frontera TEGUCIGALPA, 14 ENE &#8211; Una caravana de unas 300 personas dej\u00f3 la noche pasada a pie San Pedro Sula, en&hellip;<\/p>\n","protected":false},"author":99,"featured_media":495626,"comment_status":"open","ping_status":"open","sticky":false,"template":"","format":"standard","meta":{"footnotes":""},"categories":[23],"tags":[],"class_list":["post-495625","post","type-post","status-publish","format-standard","has-post-thumbnail","hentry","category-latinoamerica"],"_links":{"self":[{"href":"https:\/\/diarioelpopular.com\/index.php\/wp-json\/wp\/v2\/posts\/495625","targetHints":{"allow":["GET"]}}],"collection":[{"href":"https:\/\/diarioelpopular.com\/index.php\/wp-json\/wp\/v2\/posts"}],"about":[{"href":"https:\/\/diarioelpopular.com\/index.php\/wp-json\/wp\/v2\/types\/post"}],"author":[{"embeddable":true,"href":"https:\/\/diarioelpopular.com\/index.php\/wp-json\/wp\/v2\/users\/99"}],"replies":[{"embeddable":true,"href":"https:\/\/diarioelpopular.com\/index.php\/wp-json\/wp\/v2\/comments?post=495625"}],"version-history":[{"count":1,"href":"https:\/\/diarioelpopular.com\/index.php\/wp-json\/wp\/v2\/posts\/495625\/revisions"}],"predecessor-version":[{"id":495627,"href":"https:\/\/diarioelpopular.com\/index.php\/wp-json\/wp\/v2\/posts\/495625\/revisions\/495627"}],"wp:featuredmedia":[{"embeddable":true,"href":"https:\/\/diarioelpopular.com\/index.php\/wp-json\/wp\/v2\/media\/495626"}],"wp:attachment":[{"href":"https:\/\/diarioelpopular.com\/index.php\/wp-json\/wp\/v2\/media?parent=495625"}],"wp:term":[{"taxonomy":"category","embeddable":true,"href":"https:\/\/diarioelpopular.com\/index.php\/wp-json\/wp\/v2\/categories?post=495625"},{"taxonomy":"post_tag","embeddable":true,"href":"https:\/\/diarioelpopular.com\/index.php\/wp-json\/wp\/v2\/tags?post=495625"}],"curies":[{"name":"wp","href":"https:\/\/api.w.org\/{rel}","templated":true}]}}