{"id":495632,"date":"2021-01-14T13:56:36","date_gmt":"2021-01-14T17:56:36","guid":{"rendered":"https:\/\/diarioelpopular.com\/?p=495632"},"modified":"2021-01-14T13:56:36","modified_gmt":"2021-01-14T17:56:36","slug":"el-estimulo-social-del-ser-humano","status":"publish","type":"post","link":"https:\/\/diarioelpopular.com\/index.php\/2021\/01\/14\/el-estimulo-social-del-ser-humano\/","title":{"rendered":"EL EST\u00cdMULO SOCIAL DEL SER HUMANO"},"content":{"rendered":"<p><strong><em>\u201cVivir \u00fanicamente para s\u00ed es la mayor amargura\u201d<\/em><\/strong><\/p>\n<p><strong><em>=============================<\/em><\/strong><\/p>\n<p><strong><em>V\u00edctor CORCOBA HERRERO\/ Escritor<\/em><\/strong><\/p>\n<p><strong><em>corcoba@telefonica.net\u00a0\u00a0\u00a0\u00a0\u00a0\u00a0\u00a0\u00a0\u00a0\u00a0\u00a0\u00a0\u00a0\u00a0\u00a0\u00a0\u00a0\u00a0\u00a0\u00a0\u00a0\u00a0\u00a0\u00a0\u00a0\u00a0 <\/em><\/strong><\/p>\n<p><strong>=============================<\/strong><\/p>\n<p>&nbsp;<\/p>\n<p>Una sociedad es tanto m\u00e1s humana cuanto m\u00e1s se donan entre si sus gentes, protegiendo a sus miembros fr\u00e1giles y a los que m\u00e1s sufren, procurando siempre que nadie se quede solo, se sienta excluido o abandonado. Hay que favorecer la concurrencia, lo que nos exige el lazo de una colectividad m\u00e1s justa, caracterizada por una mayor fidelidad, basada en la permanente entrega generosa. Los sentimientos de odio y venganza no tienen sentido. Hay que derribarlos de la mente. Lo importante es sentirse parte de ese todo, con el que ha de reconciliarse y aglutinarse, para que la vida pueda continuar tejiendo sus abecedarios naturales. Est\u00e1 visto que, con el uso innecesario y excesivo de la fuerza nada se consigue, lo fundamental es socializar el hecho de pertenecer a la misma familia humana. Por consiguiente, si el pr\u00f3jimo debe sentirse pr\u00f3ximo en todo instante y en cualquier lugar, tambi\u00e9n nuestra capacidad de servicio no debe servirse de nadie y menos a ninguna idea, \u00fanicamente a las personas, por lo que son y representan. De ah\u00ed, que dicha asistencia deba de mirar siempre el rostro del an\u00e1logo, aquel que camina a nuestro lado, que nos acompa\u00f1a incondicionalmente, ya no solo de manera personal, sino tambi\u00e9n de forma comunitaria, lo que nos requiere de una realidad en la que nadie se sienta ignorado, v\u00edctima de injusticias sociales que niegan sus cabales.<\/p>\n<p>En consecuencia, el est\u00edmulo social del ser humano es algo inherente a toda existencia viva. Hagamos autocr\u00edtica. Valoremos ese esp\u00edritu donde vivimos, donde nos hallamos, para dejarnos de enga\u00f1ar unos a otros. Indudablemente, el impulso general debe fomentar un mayor bienestar, siempre que no perdamos el horizonte del sentido de la responsabilidad en el campo familiar, profesional y c\u00edvico, la iniciativa de cada cual y la libertad misma en el ejercicio de las obligaciones y derechos fundamentales de la vida. Lo importante es no dejarse arrastrar por nuestras miserias humanas, por ese impulso ciego dominador, que no reconoce ni respeta la riqueza vital que todos llevamos consigo. En 2021, la prioridad debiera ser la integraci\u00f3n de todos, con el mejoramiento en el nivel de vida, no solo para la generaci\u00f3n presente, tambi\u00e9n para las futuras, que han de vincularse m\u00e1s en ese desvelo de trabajo por el bien colectivo, por la casa com\u00fan de todos, sobre la base de una \u00e9tica de justicia, de consideraci\u00f3n hacia toda vida y de solidaridad entre an\u00e1logos. Precisamente, hoy m\u00e1s que nunca, se requiere aunar esfuerzos para mejorar las condiciones de trabajo y combatir la desigualdad creciente en todas las sociedades. Lo nefasto del momento es que caminamos hacia contextos sociales confusos, sin demasiados referentes ejemplarizantes, lo que favorece un gran victimismo, con la \u00fanica mentalidad del derroche y el consumo.<\/p>\n<p>Todo este llanto, se agrava cuando las reglas econ\u00f3micas reemplazan a las pautas morales, puesto que cualquier valor social pierde identidad. Por desgracia, la dictadura del dinero todo lo corrompe y contamina de lenguajes ego\u00edstas a m\u00e1s no poder, alterando el sentido del v\u00ednculo social, de la duda de uno mismo con respecto al otro y del sentido de transparencia y compromiso. El ser humano, como unidad de alma y cuerpo, est\u00e1 llamado a socializarse m\u00e1s all\u00e1 de las meras palabras. La dimensi\u00f3n corporativa de toda existencia es la que nos permite avanzar como constructores de un nuevo v\u00ednculo social, pues vivir \u00fanicamente para s\u00ed es la mayor amargura, lo que en verdad nos revive es el reencuentro compartido, vivido con su tejido sensato de relaciones, de proyecto humano en suma. Para ello es importante esa corpulencia po\u00e9tica que nos hermana, la convicci\u00f3n sobre la inalienable dignidad de cada ciudadano y las motivaciones para ponernos en movimiento a la hora de acoger y recogernos para vivir como familia. Los grupos cerrados suelen ser formas idealizadas de egocentrismo que lo \u00fanico que hacen es retrocedernos y transformarnos en fuente de conflictos y de violencias. Ojal\u00e1, aprendamos a aplicar el concepto de ciudadan\u00eda, sustentado en la igualdad de obligaciones y derechos. Ser\u00e1 el modo de construir pueblos y ciudades en concordia, que es lo que en verdad nos hace crecer, para compartir horizontes y sentirnos corresponsables de esta nueva gestaci\u00f3n de mundo, concebido bajo el fundamento de los consensos.<\/p>\n<p>Pensemos que nuestra especie es esencialmente un tronco de ra\u00edces, un ser propicio para enhebrar sue\u00f1os; inicialmente fue el desarrollo de la industria y la producci\u00f3n de bienes de consumo, hoy se singulariza por el desarrollo tecnol\u00f3gico y la inteligencia artificial, pero a este progreso le falta coraz\u00f3n, o si quieren responsabilidad \u00e9tica y social, para movilizar socialmente las conciencias, poniendo en valor esa energ\u00eda copart\u00edcipe como primera actitud, que contrarreste h\u00e1bitos individualistas y procedimientos interesados que solo benefician a unos pocos privilegiados. Desde luego, nos falta luz y verdad, para avivar otras historias que no sean de menosprecio, y sobre todo arrope a los \u00faltimos con lenguajes m\u00e1s aut\u00e9nticos, m\u00e1s de la esencia interna que es el verdadero asistente de todos nosotros. Sea como fuere, ese innato estimulo social, tiene que partir de cada ser humano, uniendo y no dividiendo, extinguiendo la represalia de nuestros pasos, abriendo las sendas de la voluntad al encuentro, no al encontronazo, para poblar la tierra de parentescos y repoblarla de principios, como los del bien y la bondad, los del verso y la palabra, los del amor y de la vida. Inspiraci\u00f3n que se requiere para ser un ser familiar.<\/p>\n<p><strong>\u00a0<\/strong><\/p>\n<p><strong>V\u00edctor CORCOBA HERRERO \/ Escritor<\/strong><\/p>\n<p><strong><a href=\"mailto:corcoba@telefonica.net\">corcoba@telefonica.net<\/a><\/strong><\/p>\n<p><strong>14de enero de 2021.-<\/strong><\/p>\n","protected":false},"excerpt":{"rendered":"<p>\u201cVivir \u00fanicamente para s\u00ed es la mayor amargura\u201d ============================= V\u00edctor CORCOBA HERRERO\/ Escritor corcoba@telefonica.net\u00a0\u00a0\u00a0\u00a0\u00a0\u00a0\u00a0\u00a0\u00a0\u00a0\u00a0\u00a0\u00a0\u00a0\u00a0\u00a0\u00a0\u00a0\u00a0\u00a0\u00a0\u00a0\u00a0\u00a0\u00a0\u00a0 ============================= &nbsp; Una sociedad es tanto m\u00e1s humana cuanto m\u00e1s se&hellip;<\/p>\n","protected":false},"author":99,"featured_media":0,"comment_status":"open","ping_status":"open","sticky":false,"template":"","format":"standard","meta":{"footnotes":""},"categories":[11353,81],"tags":[],"class_list":["post-495632","post","type-post","status-publish","format-standard","hentry","category-algo-mas-que-palabras","category-columnistas"],"_links":{"self":[{"href":"https:\/\/diarioelpopular.com\/index.php\/wp-json\/wp\/v2\/posts\/495632","targetHints":{"allow":["GET"]}}],"collection":[{"href":"https:\/\/diarioelpopular.com\/index.php\/wp-json\/wp\/v2\/posts"}],"about":[{"href":"https:\/\/diarioelpopular.com\/index.php\/wp-json\/wp\/v2\/types\/post"}],"author":[{"embeddable":true,"href":"https:\/\/diarioelpopular.com\/index.php\/wp-json\/wp\/v2\/users\/99"}],"replies":[{"embeddable":true,"href":"https:\/\/diarioelpopular.com\/index.php\/wp-json\/wp\/v2\/comments?post=495632"}],"version-history":[{"count":1,"href":"https:\/\/diarioelpopular.com\/index.php\/wp-json\/wp\/v2\/posts\/495632\/revisions"}],"predecessor-version":[{"id":495633,"href":"https:\/\/diarioelpopular.com\/index.php\/wp-json\/wp\/v2\/posts\/495632\/revisions\/495633"}],"wp:attachment":[{"href":"https:\/\/diarioelpopular.com\/index.php\/wp-json\/wp\/v2\/media?parent=495632"}],"wp:term":[{"taxonomy":"category","embeddable":true,"href":"https:\/\/diarioelpopular.com\/index.php\/wp-json\/wp\/v2\/categories?post=495632"},{"taxonomy":"post_tag","embeddable":true,"href":"https:\/\/diarioelpopular.com\/index.php\/wp-json\/wp\/v2\/tags?post=495632"}],"curies":[{"name":"wp","href":"https:\/\/api.w.org\/{rel}","templated":true}]}}