{"id":495669,"date":"2021-01-16T13:21:16","date_gmt":"2021-01-16T17:21:16","guid":{"rendered":"https:\/\/diarioelpopular.com\/?p=495669"},"modified":"2021-01-16T13:21:16","modified_gmt":"2021-01-16T17:21:16","slug":"chile-la-mayor-cifra-de-casos-desde-junio","status":"publish","type":"post","link":"https:\/\/diarioelpopular.com\/index.php\/2021\/01\/16\/chile-la-mayor-cifra-de-casos-desde-junio\/","title":{"rendered":"Chile: la mayor cifra de casos desde junio"},"content":{"rendered":"<div id=\"attachment_495670\" style=\"width: 160px\" class=\"wp-caption alignnone\"><img loading=\"lazy\" decoding=\"async\" aria-describedby=\"caption-attachment-495670\" class=\"size-thumbnail wp-image-495670\" src=\"https:\/\/diarioelpopular.com\/wp-content\/uploads\/2021\/01\/a38c3934849bba25408293b60025e092-150x150.jpg\" alt=\"\" width=\"150\" height=\"150\" \/><p id=\"caption-attachment-495670\" class=\"wp-caption-text\">Chile alarmado, las cifras de contagio no paran de crecer.<\/p><\/div>\n<h4><em><strong>Se ratifica millar de casos activos<\/strong><\/em><\/h4>\n<p><em><strong>SANTIAGO DEL CHILE, 15 ENE &#8211;<\/strong><\/em> Chile report\u00f3 este viernes 4.471 nuevos casos, cifra que no se observaba desde el 25 de junio (4.648) del a\u00f1o pasado, cuando se produjo el pico de la primera ola de la pandemia.<br \/>\nLos contagios activos tambi\u00e9n siguen aumentando, con 26.088, umbral que no se superaba desde el 7 julio pasado. Ayer hab\u00eda 24.800 casos activos.<br \/>\nLas regiones con mayor aumento de nuevos casos confirmados en los \u00faltimos siete d\u00edas son Arica y Parinacota, Atacama, Coquimbo, en el norte del pa\u00eds, y Los Lagos, en el sur.<br \/>\nA la fecha 661.180 personas han contra\u00eddo el SARS-CoV-2, de los cuales 617.372 se han &#8220;recuperado&#8221;.<br \/>\nLos decesos confirmados por el Departamento de Estad\u00edsticas del Ministerio de Salud fueron 75, con lo cual se elev\u00f3 a 17.369 el n\u00famero de v\u00edctimas fatales.<br \/>\nHay 1.025 personas hospitalizadas en Unidades de Cuidados Intensivos, de las cuales 843 est\u00e1n con apoyo de ventilaci\u00f3n mec\u00e1nica y 61 se encuentran en estado cr\u00edtico de salud.<br \/>\nEs el segundo d\u00eda consecutivo con m\u00e1s de un millar de hospitalizados, lo que no se observaba desde agosto del a\u00f1o pasado.<br \/>\nLos laboratorios informaron hoy los resultados de 58.977 test PCR, lo que arroj\u00f3 una positividad de las \u00faltimas 24 horas del 7,5%. Hasta la fecha se han realizado 7.135.637 test.<\/p>\n","protected":false},"excerpt":{"rendered":"<p>Se ratifica millar de casos activos SANTIAGO DEL CHILE, 15 ENE &#8211; Chile report\u00f3 este viernes 4.471 nuevos casos, cifra que no se observaba desde&hellip;<\/p>\n","protected":false},"author":99,"featured_media":495670,"comment_status":"open","ping_status":"open","sticky":false,"template":"","format":"standard","meta":{"footnotes":""},"categories":[23],"tags":[],"class_list":["post-495669","post","type-post","status-publish","format-standard","has-post-thumbnail","hentry","category-latinoamerica"],"_links":{"self":[{"href":"https:\/\/diarioelpopular.com\/index.php\/wp-json\/wp\/v2\/posts\/495669","targetHints":{"allow":["GET"]}}],"collection":[{"href":"https:\/\/diarioelpopular.com\/index.php\/wp-json\/wp\/v2\/posts"}],"about":[{"href":"https:\/\/diarioelpopular.com\/index.php\/wp-json\/wp\/v2\/types\/post"}],"author":[{"embeddable":true,"href":"https:\/\/diarioelpopular.com\/index.php\/wp-json\/wp\/v2\/users\/99"}],"replies":[{"embeddable":true,"href":"https:\/\/diarioelpopular.com\/index.php\/wp-json\/wp\/v2\/comments?post=495669"}],"version-history":[{"count":1,"href":"https:\/\/diarioelpopular.com\/index.php\/wp-json\/wp\/v2\/posts\/495669\/revisions"}],"predecessor-version":[{"id":495671,"href":"https:\/\/diarioelpopular.com\/index.php\/wp-json\/wp\/v2\/posts\/495669\/revisions\/495671"}],"wp:featuredmedia":[{"embeddable":true,"href":"https:\/\/diarioelpopular.com\/index.php\/wp-json\/wp\/v2\/media\/495670"}],"wp:attachment":[{"href":"https:\/\/diarioelpopular.com\/index.php\/wp-json\/wp\/v2\/media?parent=495669"}],"wp:term":[{"taxonomy":"category","embeddable":true,"href":"https:\/\/diarioelpopular.com\/index.php\/wp-json\/wp\/v2\/categories?post=495669"},{"taxonomy":"post_tag","embeddable":true,"href":"https:\/\/diarioelpopular.com\/index.php\/wp-json\/wp\/v2\/tags?post=495669"}],"curies":[{"name":"wp","href":"https:\/\/api.w.org\/{rel}","templated":true}]}}