{"id":495678,"date":"2021-01-16T13:29:48","date_gmt":"2021-01-16T17:29:48","guid":{"rendered":"https:\/\/diarioelpopular.com\/?p=495678"},"modified":"2021-01-16T13:29:48","modified_gmt":"2021-01-16T17:29:48","slug":"colombia-en-cuarentena-el-fin-de-semana","status":"publish","type":"post","link":"https:\/\/diarioelpopular.com\/index.php\/2021\/01\/16\/colombia-en-cuarentena-el-fin-de-semana\/","title":{"rendered":"Colombia en cuarentena el fin de semana"},"content":{"rendered":"<div id=\"attachment_495679\" style=\"width: 160px\" class=\"wp-caption alignnone\"><img loading=\"lazy\" decoding=\"async\" aria-describedby=\"caption-attachment-495679\" class=\"size-thumbnail wp-image-495679\" src=\"https:\/\/diarioelpopular.com\/wp-content\/uploads\/2021\/01\/9875158f83233c8415b51e257af5eb95-150x150.jpg\" alt=\"\" width=\"150\" height=\"150\" \/><p id=\"caption-attachment-495679\" class=\"wp-caption-text\"><em>Se expanden los contagios y las muertes en Colombia. El Covid-19 golpea con dureza.<\/em><\/p><\/div>\n<h4><em><strong>Bogot\u00e1 al borde de ocupaci\u00f3n de Unidades de Cuidado Intensivo<\/strong><\/em><\/h4>\n<p><em><strong>BOGOTA, 15 ENE &#8211;<\/strong><\/em> Un fin de semana de restricciones estrictas en varias ciudades en Colombia, cuyo niveles de contagio y muertes por el Covid-19 de las \u00faltimas semanas la deslizaron sobre la cresta de la segunda ola de la pandemia y que en consecuencia ha generado tensi\u00f3n sobre el sistema sanitario de algunas capitales.<br \/>\nBogot\u00e1 es hoy el centro de esas tensiones debido a los niveles de ocupaci\u00f3n en las Unidades de Cuidado Intensivo (UCI) de todo el ecosistema de cl\u00ednicas y hospitales tanto p\u00fablicos como privados.<br \/>\nSeg\u00fan la Personer\u00eda de la capital colombiana, cuya labor consiste en vigilar y controlar la labor de las autoridades de la ciudad, Bogot\u00e1 ya no tendr\u00eda m\u00e1s UCI para atender los pacientes graves de la pandemia.<br \/>\n&#8220;La demanda de camas UCI Covid supera el 100% de la disponibilidad existente en gran parte de la red privada. Por otro lado el desabastecimiento de medicamentos tambi\u00e9n debe ser revisado con atenci\u00f3n porque el aumento de casos de la \u00faltima semana, puede seguir su tendencia de incremento terminadas las fiestas de fin de a\u00f1o&#8221;, asegur\u00f3 Juan Pinilla, personero de Bogot\u00e1.<br \/>\nEl secretario local de Salud, Alejandro G\u00f3mez, neg\u00f3 que sea cierta la versi\u00f3n de Pinilla al asegurar que &#8220;hoy hay camas de cuidados intensivos en la ciudad&#8221;.<br \/>\n&#8220;Ci\u00f1\u00e1monos a los datos y no desinformemos a la ciudadan\u00eda.<br \/>\nSi al miedo natural que produce esta enfermedad le adicionamos elementos que distorsionen cu\u00e1l es la capacidad de oferta del sistema sanitario no le hacemos favor al manejo de la pandemia&#8221;, argument\u00f3 G\u00f3mez.<br \/>\nSeg\u00fan el Observatorio de Salud de Bogot\u00e1 (Saludata), el nivel de ocupaci\u00f3n de las UCI destinadas a pacientes con Covid-19 est\u00e1 en el 93,3%.<br \/>\nDe acuerdo a los datos oficiales, la capital colombiana tiene 538.050 casos confirmados, 479.361 recuperados y 10.922 fallecidos.<br \/>\nSin embargo, gremios del sector de la salud salieron este viernes en respaldo a las afirmaciones del personero.<br \/>\n&#8220;El informe de la personer\u00eda se ajusta mucho a la realidad que se est\u00e1 viviendo&#8221;, manifest\u00f3 Hern\u00e1n Bayona, presidente del Colegio M\u00e9dico de Bogot\u00e1, quien a\u00f1adi\u00f3 que &#8220;no se trata de buscar culpables, pero s\u00ed de generar alertas sobre una situaci\u00f3n cr\u00edtica que es evidente&#8221;.<br \/>\nEl especialista explic\u00f3 que el &#8220;colapso del sistema de salud no depende solo de la ocupaci\u00f3n UCI&#8221;, al advertir que cualquier falla en el &#8220;eslab\u00f3n de la cadena&#8221; puede llevar al traste al sistema de sanitario y cit\u00f3 problemas como dificultades en el transporte de pacientes, servicios de urgencias saturadas y escasez de medicamentos.<br \/>\nLa situaci\u00f3n condujo a un segundo fin de semana de acuartelamiento total de la ciudadan\u00eda en la capital, que adem\u00e1s tiene tres localidades en cuarentena estricta y orden\u00f3 toque de queda nocturno.<br \/>\nLos problemas no solo han tocado a Bogot\u00e1. En Medell\u00edn, la segunda ciudad en importancia del pa\u00eds, su alcalde, Daniel Quintero, orden\u00f3 toque de queda nocturno desde esta noche y hasta el pr\u00f3ximo lunes.<br \/>\nJorge Iv\u00e1n Ospina, mandatario de Cali, la principal ciudad sobre el Pac\u00edfico, tambi\u00e9n orden\u00f3 el encierro nocturno desde este viernes hasta el lunes, dado que la ocupaci\u00f3n de las UCI de esa capital alcanz\u00f3 el 97,5%.<br \/>\nEntre tanto, los gobernadores de los departamentos de Cundinamarca, Antioquia, Bol\u00edvar, Quind\u00edo y Santander decretaron ley seca durante el fin de semana. En algunas de estas zonas tambi\u00e9n se orden\u00f3 toque de queda durante las noches del fin de semana.<\/p>\n","protected":false},"excerpt":{"rendered":"<p>Bogot\u00e1 al borde de ocupaci\u00f3n de Unidades de Cuidado Intensivo BOGOTA, 15 ENE &#8211; Un fin de semana de restricciones estrictas en varias ciudades en&hellip;<\/p>\n","protected":false},"author":99,"featured_media":495679,"comment_status":"open","ping_status":"open","sticky":false,"template":"","format":"standard","meta":{"footnotes":""},"categories":[23],"tags":[],"class_list":["post-495678","post","type-post","status-publish","format-standard","has-post-thumbnail","hentry","category-latinoamerica"],"_links":{"self":[{"href":"https:\/\/diarioelpopular.com\/index.php\/wp-json\/wp\/v2\/posts\/495678","targetHints":{"allow":["GET"]}}],"collection":[{"href":"https:\/\/diarioelpopular.com\/index.php\/wp-json\/wp\/v2\/posts"}],"about":[{"href":"https:\/\/diarioelpopular.com\/index.php\/wp-json\/wp\/v2\/types\/post"}],"author":[{"embeddable":true,"href":"https:\/\/diarioelpopular.com\/index.php\/wp-json\/wp\/v2\/users\/99"}],"replies":[{"embeddable":true,"href":"https:\/\/diarioelpopular.com\/index.php\/wp-json\/wp\/v2\/comments?post=495678"}],"version-history":[{"count":1,"href":"https:\/\/diarioelpopular.com\/index.php\/wp-json\/wp\/v2\/posts\/495678\/revisions"}],"predecessor-version":[{"id":495680,"href":"https:\/\/diarioelpopular.com\/index.php\/wp-json\/wp\/v2\/posts\/495678\/revisions\/495680"}],"wp:featuredmedia":[{"embeddable":true,"href":"https:\/\/diarioelpopular.com\/index.php\/wp-json\/wp\/v2\/media\/495679"}],"wp:attachment":[{"href":"https:\/\/diarioelpopular.com\/index.php\/wp-json\/wp\/v2\/media?parent=495678"}],"wp:term":[{"taxonomy":"category","embeddable":true,"href":"https:\/\/diarioelpopular.com\/index.php\/wp-json\/wp\/v2\/categories?post=495678"},{"taxonomy":"post_tag","embeddable":true,"href":"https:\/\/diarioelpopular.com\/index.php\/wp-json\/wp\/v2\/tags?post=495678"}],"curies":[{"name":"wp","href":"https:\/\/api.w.org\/{rel}","templated":true}]}}