{"id":495688,"date":"2021-01-17T14:20:35","date_gmt":"2021-01-17T18:20:35","guid":{"rendered":"https:\/\/diarioelpopular.com\/?p=495688"},"modified":"2021-01-17T14:20:35","modified_gmt":"2021-01-17T18:20:35","slug":"bolivia-soporta-una-segunda-ola-infernal","status":"publish","type":"post","link":"https:\/\/diarioelpopular.com\/index.php\/2021\/01\/17\/bolivia-soporta-una-segunda-ola-infernal\/","title":{"rendered":"Bolivia soporta una segunda ola infernal"},"content":{"rendered":"<div id=\"attachment_495689\" style=\"width: 160px\" class=\"wp-caption alignnone\"><img loading=\"lazy\" decoding=\"async\" aria-describedby=\"caption-attachment-495689\" class=\"size-thumbnail wp-image-495689\" src=\"https:\/\/diarioelpopular.com\/wp-content\/uploads\/2021\/01\/fe3cdaecac11f6350ee84a14bb2fc897-150x150.jpg\" alt=\"\" width=\"150\" height=\"150\" \/><p id=\"caption-attachment-495689\" class=\"wp-caption-text\"><em>Desborde de pacientes en los hospitales bolivianos.<\/em><\/p><\/div>\n<h4><em><strong>Presidente Arce pide &#8220;aguantar y resistir&#8221;<\/strong><\/em><\/h4>\n<p><em><strong>LA PAZ, 17 ENE &#8211;<\/strong><\/em> Bolivia vive una ca\u00f3tica situaci\u00f3n a merced de la pandemia de\u00a0Covid-19 con una segunda oleada que no da tregua y enfrenta un promedio de dos mil nuevo casos por d\u00eda, con nuevo ministro de\u00a0Salud y el l\u00edder Evo Morales contagiado luchando contra el\u00a0virus.<br \/>\nEl informe 307 del Ministerio de Salud report\u00f3 que el\u00a0s\u00e1bado hubo 2.091 casos nuevos positivos de SARS-CoV2 y que\u00a0Oruro, Tarija y Chuquisaca mostraron un incremento de infectados muy llamativo.\u00a0Desde el mi\u00e9rcoles 13 de enero la cifra diaria de nuevos<br \/>\ncontagios no baja de los dos mil casos. Desde entonces, el Gobierno nacional reconoci\u00f3 que el pa\u00eds en su conjunto hab\u00eda\u00a0ingresado en la segunda ola de la Pandemia.<br \/>\nLa situaci\u00f3n es particularmente ca\u00f3tica en Santa Cruz, que\u00a0ayer report\u00f3 889 casos de Covid-19 con lo que el acumulado de\u00a0contagios asciende a 62.868. Adem\u00e1s, hubo 11 personas muertas,\u00a0que eleva el total de fallecidos en 10 meses de pandemia a\u00a04.597.<br \/>\nEn plena crisis sanitaria, el presidente Luis Arce tom\u00f3 ayer\u00a0juramento a un nuevo ministro de Salud, Yeyson Auza, quien\u00a0reemplaza al renunciante Egar Pozo, de 72 a\u00f1os, quien se contagi\u00f3 de Covid-19, est\u00e1 aislado y teme no poder regresar a funciones.<br \/>\nArce insisti\u00f3 en su pedido a la poblaci\u00f3n de &#8220;aguantar y resistir&#8221; frente a la pandemia hasta que el Gobierno cumpla la\u00a0estrategia de inmunizar con la vacuna contra la Covid-19. Los m\u00e9dicos se mantienen en emergencia, advierten que muchos\u00a0hospitales est\u00e1n en colapso y exigen una cuarentena estricta para frenar los contagios.<br \/>\nSin embargo, Arce descart\u00f3 la implementaci\u00f3n de una\u00a0cuarentena r\u00edgida y anul\u00f3 la posibilidad de emplear a las\u00a0Fuerzas Armadas y a la Polic\u00eda para controlar para que la gente cumpla las medidas b\u00e1sicas de bioseguridad.<br \/>\n&#8220;Aguantar no significa encerrar a los bolivianos en sus hogares en cuarentena r\u00edgida, aguantar no significa sacar a\u00a0militares y polic\u00edas a defender a la poblaci\u00f3n supuestamente del\u00a0coronavirus&#8221;, afirm\u00f3 el mandatario.<br \/>\n&#8220;As\u00ed como nosotros hemos aguantado y hemos resistido un\u00a0gobierno de facto hasta lograr la recuperaci\u00f3n de la democracia,\u00a0hoy nos toca aguantar y resistir el coronavirus hasta vencer y\u00a0recuperar la salud para el pueblo boliviano&#8221;, afirm\u00f3 Arce.\u00a0&#8220;La soluci\u00f3n estructural al problema es la vacunaci\u00f3n&#8221;, dijo.<br \/>\nEl gobierno boliviano anunci\u00f3 la compra de 10 millones de\u00a0vacunas rusas Sputnik V y del laboratorio brit\u00e1nico AstraZeneca,<br \/>\ncuya llegada est\u00e1 prevista para fines de marzo. Sin embargo, el\u00a0mandatario anunci\u00f3 que a fin de enero arribar\u00e1 &#8220;un peque\u00f1o lote&#8221;\u00a0de vacunas que ser\u00e1 aplicado exclusivamente al personal m\u00e9dico\u00a0del pa\u00eds.<br \/>\nEn tanto, para el ministro, Auza la pandemia es &#8220;el momento m\u00e1s duro de la historia de la salud en Bolivia&#8221;.<br \/>\nCon 11 millones de habitantes, Bolivia suma un total 183.589 casos y 9.571 fallecidos desde el inicio de la pandemia.\u00a0La segunda ola ha llevado al gobierno boliviano a restringir por seis semanas la actividad laboral p\u00fablica y\u00a0privada, como una v\u00eda para reducir el contacto entre personas.<br \/>\nAlgunos gobiernos departamentales aprobaron normas para limitar la circulaci\u00f3n de personas durante el fin de semana.<\/p>\n","protected":false},"excerpt":{"rendered":"<p>Presidente Arce pide &#8220;aguantar y resistir&#8221; LA PAZ, 17 ENE &#8211; Bolivia vive una ca\u00f3tica situaci\u00f3n a merced de la pandemia de\u00a0Covid-19 con una segunda&hellip;<\/p>\n","protected":false},"author":99,"featured_media":495689,"comment_status":"open","ping_status":"open","sticky":false,"template":"","format":"standard","meta":{"footnotes":""},"categories":[23],"tags":[],"class_list":["post-495688","post","type-post","status-publish","format-standard","has-post-thumbnail","hentry","category-latinoamerica"],"_links":{"self":[{"href":"https:\/\/diarioelpopular.com\/index.php\/wp-json\/wp\/v2\/posts\/495688","targetHints":{"allow":["GET"]}}],"collection":[{"href":"https:\/\/diarioelpopular.com\/index.php\/wp-json\/wp\/v2\/posts"}],"about":[{"href":"https:\/\/diarioelpopular.com\/index.php\/wp-json\/wp\/v2\/types\/post"}],"author":[{"embeddable":true,"href":"https:\/\/diarioelpopular.com\/index.php\/wp-json\/wp\/v2\/users\/99"}],"replies":[{"embeddable":true,"href":"https:\/\/diarioelpopular.com\/index.php\/wp-json\/wp\/v2\/comments?post=495688"}],"version-history":[{"count":1,"href":"https:\/\/diarioelpopular.com\/index.php\/wp-json\/wp\/v2\/posts\/495688\/revisions"}],"predecessor-version":[{"id":495690,"href":"https:\/\/diarioelpopular.com\/index.php\/wp-json\/wp\/v2\/posts\/495688\/revisions\/495690"}],"wp:featuredmedia":[{"embeddable":true,"href":"https:\/\/diarioelpopular.com\/index.php\/wp-json\/wp\/v2\/media\/495689"}],"wp:attachment":[{"href":"https:\/\/diarioelpopular.com\/index.php\/wp-json\/wp\/v2\/media?parent=495688"}],"wp:term":[{"taxonomy":"category","embeddable":true,"href":"https:\/\/diarioelpopular.com\/index.php\/wp-json\/wp\/v2\/categories?post=495688"},{"taxonomy":"post_tag","embeddable":true,"href":"https:\/\/diarioelpopular.com\/index.php\/wp-json\/wp\/v2\/tags?post=495688"}],"curies":[{"name":"wp","href":"https:\/\/api.w.org\/{rel}","templated":true}]}}