{"id":495726,"date":"2021-01-21T12:12:52","date_gmt":"2021-01-21T16:12:52","guid":{"rendered":"https:\/\/diarioelpopular.com\/?p=495726"},"modified":"2021-01-21T12:12:52","modified_gmt":"2021-01-21T16:12:52","slug":"la-credencial-hacia-el-futuro","status":"publish","type":"post","link":"https:\/\/diarioelpopular.com\/index.php\/2021\/01\/21\/la-credencial-hacia-el-futuro\/","title":{"rendered":"LA CREDENCIAL HACIA EL FUTURO"},"content":{"rendered":"<p><strong><em>\u201cHemos de salir de este estado de confusi\u00f3n cuanto antes\u201d<\/em><\/strong><\/p>\n<p><strong><em>=============================<\/em><\/strong><\/p>\n<p><strong><em>V\u00edctor CORCOBA HERRERO\/ Escritor<\/em><\/strong><\/p>\n<p><strong><em>corcoba@telefonica.net\u00a0\u00a0\u00a0\u00a0\u00a0\u00a0\u00a0\u00a0\u00a0\u00a0\u00a0\u00a0\u00a0\u00a0\u00a0\u00a0\u00a0\u00a0\u00a0\u00a0\u00a0\u00a0\u00a0\u00a0\u00a0\u00a0 <\/em><\/strong><\/p>\n<p><strong>=============================<\/strong><\/p>\n<p>&nbsp;<\/p>\n<p>El ma\u00f1ana est\u00e1 ah\u00ed, pertenece a aquellos que son capaces de reconstruir v\u00ednculos que nos fraternicen. No hay mayor graduaci\u00f3n que la sensatez, que ese esp\u00edritu prudente y reflexivo, que evidencia la crianza de personas maduras. Cada generaci\u00f3n, por tanto, debe reconsiderar la transmisi\u00f3n de sus saberes y sus valores a la siguiente. Es a trav\u00e9s de la educaci\u00f3n, como realmente se avanza en la formaci\u00f3n de un ser consciente, libre y responsable. Ahora bien, dirigir no es \u00fanicamente transmitir conocimientos, es hacernos mejores personas; lo que exige, integrar el lenguaje de la mente con el esp\u00edritu del alma, o si quieren, el movimiento de las manos con el de los andares. Pensemos que uno tambi\u00e9n se reeduca consigo mismo, alumbr\u00e1ndose de silencios y abrazado a lo aut\u00e9ntico para ascender a la libertad.<\/p>\n<p>Indudablemente, la mejor credencial hacia el futuro, ya comienza en el instante del nacimiento. En la propia familia se gestan valores inolvidables que nos transforman. De ah\u00ed, lo importante de hacerlo de modo que lleve consigo la ternura y el afecto, el discernimiento y la autoridad. Unida la familia todo se consigue, porque en realidad todos se reeducan entre s\u00ed, bajo el ejercicio cotidiano del amor, del ejemplo y de la experiencia. En ocasiones, cuesta entender, que demos publicidad al bienestar individual, denigrando los lazos estables del matrimonio y de la paternidad. Mal que nos pese, est\u00e1 comprobado que muchos hijos de padres separados presentan problemas continuos de adaptaci\u00f3n y rendimiento, de desequilibrio ps\u00edquico y de actitudes antisociales. Tal vez este fruto provenga de dos excesos a evitar en la did\u00e1ctica; demasiada dulzura o excesiva severidad. Sin duda, falta ese equilibrio que se dan entre s\u00ed los progenitores.<\/p>\n<p>Sea como fuere, la transmisi\u00f3n de la civilizaci\u00f3n es nuestra gran tarea pendiente. Todos estamos obligados a ponernos en acci\u00f3n. Es menester agitar la vida, pero dejarla libre para que se desdoble en cada viandante. Las personas nunca se deben reducir a meros instrumentos de poder o de mercado, \u00fanicamente el donarse (y el perdonarse) est\u00e1 a la altura de la propia dignificaci\u00f3n de la vida. En consecuencia, hemos de salir de este estado de confusi\u00f3n cuanto antes. As\u00ed, la familia, es la instituci\u00f3n por antonomasia de la donaci\u00f3n. El desaf\u00edo que nos toca como generaci\u00f3n, no es f\u00e1cil dada la degradaci\u00f3n humana a la que hemos llegado, con desconfianza en todo y hacia todo, con el eclipse de hechos inhumanos que el planeta respira por doquier. Pero, ya est\u00e1 bien de permanecer insensibles ante la cantidad de riesgos existenciales que portamos como linaje y que, apenas, hacemos nada por evitarlo.<\/p>\n<p>Para empezar, nos ha llegado la hora del cambio y la formaci\u00f3n es el arma m\u00e1s poderosa con la que contamos. No podemos detenernos en la b\u00fasqueda de lo arm\u00f3nico. El tiempo corre y necesitamos salir de esta atm\u00f3sfera de desprop\u00f3sitos. Tenemos que mundializarnos, ser m\u00e1s cooperantes, sentirnos familia en suma. Si las consecuencias de la pandemia han de servirnos para activar un nuevo marco mundial que apoye su prevenci\u00f3n y la protecci\u00f3n; no en vano, los pa\u00edses de todo el mundo fallaron en responder r\u00e1pido al COVID-19; tampoco pueden permanecer en un contexto de impunidad hechos que activan la violencia, la inseguridad, la pobreza y las desigualdades. Se ha de garantizar, por parte de todos los gobiernos de mundo, la rendici\u00f3n de cuentas, sobre todo para evitar repeticiones de realidades violentas y abusos de los derechos humanos.<\/p>\n<p>Por consiguiente, el mundo entero ha de garantizar una c\u00e1tedra viviente inclusiva y equitativa de calidad y promover oportunidades de aprendizaje permanente para todos. Bajo este esp\u00edritu de solidaridad dirigido a fortalecer la educaci\u00f3n, la UNESCO y sus asociados han puesto en marcha el festival &#8220;Learning Planet&#8221; para celebrar el aprendizaje en todos los contextos y compartir sistemas innovadores que desarrollen el potencial de cada estudiante, independientemente de sus circunstancias. Por desgracia, la divulgaci\u00f3n continua siendo desigual entre la poblaci\u00f3n mundial. Ojal\u00e1 estas conmoraciones nos injerten ese esp\u00edritu generoso y valiente, profundamente arraigado en la esperanza, que est\u00e1n impidiendo el porvenir de millones de criaturas, que son v\u00edctimas de la indigencia, la discriminaci\u00f3n, el cambio clim\u00e1tico o las mismas contiendas entre an\u00e1logos.<\/p>\n<p>En cualquier caso, no se trata de acusar al otro de las adversidades que nos lleguen, ser\u00eda un signo de falta de aprendizaje. Quiz\u00e1s tengamos que aprender a culparnos antes a nosotros mismo. Ser\u00e1 cuando en verdad haya comenzado el aut\u00e9ntico canje de abecedarios, porque el civismo s\u00ed que habr\u00eda comenzado a ejercitarse, con el deseo de convertirse en un ciudadano de bondad y virtud. Personalmente, me niego a continuar en el permanente adoctrinamiento de los muros encerrados, sin horizontes para conquistar, cuando lo que me pide el coraz\u00f3n es ampliar las ventanas para adentrarme en ese mundo, al que le impedimos tener voz y dejarnos ver. Al fin y al cabo, lo importante no son las nociones tomadas las que nos hacen correctos, sino el buen uso que hacemos de esa instrucci\u00f3n vivencial y de las habilidades adquiridas.<\/p>\n<p><strong>V\u00edctor CORCOBA HERRERO \/ Escritor<\/strong><\/p>\n<p><strong><a href=\"mailto:corcoba@telefonica.net\">corcoba@telefonica.net<\/a><\/strong><\/p>\n<p><strong>21 de enero de 2021.-<\/strong><\/p>\n","protected":false},"excerpt":{"rendered":"<p>\u201cHemos de salir de este estado de confusi\u00f3n cuanto antes\u201d ============================= V\u00edctor CORCOBA HERRERO\/ Escritor corcoba@telefonica.net\u00a0\u00a0\u00a0\u00a0\u00a0\u00a0\u00a0\u00a0\u00a0\u00a0\u00a0\u00a0\u00a0\u00a0\u00a0\u00a0\u00a0\u00a0\u00a0\u00a0\u00a0\u00a0\u00a0\u00a0\u00a0\u00a0 ============================= &nbsp; El ma\u00f1ana est\u00e1 ah\u00ed, pertenece a aquellos&hellip;<\/p>\n","protected":false},"author":99,"featured_media":0,"comment_status":"open","ping_status":"open","sticky":false,"template":"","format":"standard","meta":{"footnotes":""},"categories":[11353,81],"tags":[],"class_list":["post-495726","post","type-post","status-publish","format-standard","hentry","category-algo-mas-que-palabras","category-columnistas"],"_links":{"self":[{"href":"https:\/\/diarioelpopular.com\/index.php\/wp-json\/wp\/v2\/posts\/495726","targetHints":{"allow":["GET"]}}],"collection":[{"href":"https:\/\/diarioelpopular.com\/index.php\/wp-json\/wp\/v2\/posts"}],"about":[{"href":"https:\/\/diarioelpopular.com\/index.php\/wp-json\/wp\/v2\/types\/post"}],"author":[{"embeddable":true,"href":"https:\/\/diarioelpopular.com\/index.php\/wp-json\/wp\/v2\/users\/99"}],"replies":[{"embeddable":true,"href":"https:\/\/diarioelpopular.com\/index.php\/wp-json\/wp\/v2\/comments?post=495726"}],"version-history":[{"count":1,"href":"https:\/\/diarioelpopular.com\/index.php\/wp-json\/wp\/v2\/posts\/495726\/revisions"}],"predecessor-version":[{"id":495727,"href":"https:\/\/diarioelpopular.com\/index.php\/wp-json\/wp\/v2\/posts\/495726\/revisions\/495727"}],"wp:attachment":[{"href":"https:\/\/diarioelpopular.com\/index.php\/wp-json\/wp\/v2\/media?parent=495726"}],"wp:term":[{"taxonomy":"category","embeddable":true,"href":"https:\/\/diarioelpopular.com\/index.php\/wp-json\/wp\/v2\/categories?post=495726"},{"taxonomy":"post_tag","embeddable":true,"href":"https:\/\/diarioelpopular.com\/index.php\/wp-json\/wp\/v2\/tags?post=495726"}],"curies":[{"name":"wp","href":"https:\/\/api.w.org\/{rel}","templated":true}]}}