{"id":495745,"date":"2021-01-21T12:39:42","date_gmt":"2021-01-21T16:39:42","guid":{"rendered":"https:\/\/diarioelpopular.com\/?p=495745"},"modified":"2021-01-21T12:39:42","modified_gmt":"2021-01-21T16:39:42","slug":"peru-votara-en-abril","status":"publish","type":"post","link":"https:\/\/diarioelpopular.com\/index.php\/2021\/01\/21\/peru-votara-en-abril\/","title":{"rendered":"Per\u00fa votar\u00e1 en abril"},"content":{"rendered":"<div id=\"attachment_495746\" style=\"width: 160px\" class=\"wp-caption alignnone\"><img loading=\"lazy\" decoding=\"async\" aria-describedby=\"caption-attachment-495746\" class=\"size-thumbnail wp-image-495746\" src=\"https:\/\/diarioelpopular.com\/wp-content\/uploads\/2021\/01\/c8b63a8d9d47636c380f9c3a25774992-150x150.jpg\" alt=\"\" width=\"150\" height=\"150\" \/><p id=\"caption-attachment-495746\" class=\"wp-caption-text\"><em>El exfutbolista George Forsyth.<\/em><br \/><em>(foto: ANSA)<\/em><\/p><\/div>\n<h4><em><strong>Se votar\u00e1 pese a la pandemia<\/strong><\/em><\/h4>\n<p><em><strong>LIMA. 21 ENE.-<\/strong> <\/em>Las elecciones generales se realizar\u00e1n en Per\u00fa el 11 de abril, pese a la emergencia por la pandemia de Covid-19, confirm\u00f3 la presidenta del Consejo de Ministros, Violeta Berm\u00fadez.<\/p>\n<p>La funcionaria subray\u00f3 que el gobierno considera un compromiso relevante la realizaci\u00f3n de la consult electoral.<\/p>\n<p>Berm\u00fadez, refiri\u00f3 radio RPP, agreg\u00f3 que ninguno de los organismos electorales considera la hip\u00f3tesis de postergaci\u00f3n, y observ\u00f3 que Per\u00fa no ser\u00e1 el \u00fanico pa\u00eds del mundo que haga votar a los ciudadanos en un contexto de pandemia.<\/p>\n<p>La primera ronda ser\u00e1 el 11 de abril y la segunda el 6 de junio. Se adoptar\u00e1n todas las medidas necesarias para proteger la salud de los votantes.<\/p>\n<p>M\u00e1s de 25 millones de personas est\u00e1n llamadas a elegir presidente, dos vicepresidentes, 130 miembros del parlamento unicameral y cinco miembros del parlamento andino.<\/p>\n<p>El jefe de Estado ser\u00e1 elegido entre 16 candidatos: por el momento el favorito es un exfutbolista y empresario de 38 a\u00f1os, George Patrick Forsyth, l\u00edder del partido Victoria Nacional.<\/p>\n","protected":false},"excerpt":{"rendered":"<p>Se votar\u00e1 pese a la pandemia LIMA. 21 ENE.- Las elecciones generales se realizar\u00e1n en Per\u00fa el 11 de abril, pese a la emergencia por&hellip;<\/p>\n","protected":false},"author":99,"featured_media":495746,"comment_status":"open","ping_status":"open","sticky":false,"template":"","format":"standard","meta":{"footnotes":""},"categories":[23],"tags":[],"class_list":["post-495745","post","type-post","status-publish","format-standard","has-post-thumbnail","hentry","category-latinoamerica"],"_links":{"self":[{"href":"https:\/\/diarioelpopular.com\/index.php\/wp-json\/wp\/v2\/posts\/495745","targetHints":{"allow":["GET"]}}],"collection":[{"href":"https:\/\/diarioelpopular.com\/index.php\/wp-json\/wp\/v2\/posts"}],"about":[{"href":"https:\/\/diarioelpopular.com\/index.php\/wp-json\/wp\/v2\/types\/post"}],"author":[{"embeddable":true,"href":"https:\/\/diarioelpopular.com\/index.php\/wp-json\/wp\/v2\/users\/99"}],"replies":[{"embeddable":true,"href":"https:\/\/diarioelpopular.com\/index.php\/wp-json\/wp\/v2\/comments?post=495745"}],"version-history":[{"count":1,"href":"https:\/\/diarioelpopular.com\/index.php\/wp-json\/wp\/v2\/posts\/495745\/revisions"}],"predecessor-version":[{"id":495747,"href":"https:\/\/diarioelpopular.com\/index.php\/wp-json\/wp\/v2\/posts\/495745\/revisions\/495747"}],"wp:featuredmedia":[{"embeddable":true,"href":"https:\/\/diarioelpopular.com\/index.php\/wp-json\/wp\/v2\/media\/495746"}],"wp:attachment":[{"href":"https:\/\/diarioelpopular.com\/index.php\/wp-json\/wp\/v2\/media?parent=495745"}],"wp:term":[{"taxonomy":"category","embeddable":true,"href":"https:\/\/diarioelpopular.com\/index.php\/wp-json\/wp\/v2\/categories?post=495745"},{"taxonomy":"post_tag","embeddable":true,"href":"https:\/\/diarioelpopular.com\/index.php\/wp-json\/wp\/v2\/tags?post=495745"}],"curies":[{"name":"wp","href":"https:\/\/api.w.org\/{rel}","templated":true}]}}