{"id":495749,"date":"2021-01-21T12:41:09","date_gmt":"2021-01-21T16:41:09","guid":{"rendered":"https:\/\/diarioelpopular.com\/?p=495749"},"modified":"2021-01-21T12:41:09","modified_gmt":"2021-01-21T16:41:09","slug":"buenos-aires-ratifica-clases-presenciales-17-2","status":"publish","type":"post","link":"https:\/\/diarioelpopular.com\/index.php\/2021\/01\/21\/buenos-aires-ratifica-clases-presenciales-17-2\/","title":{"rendered":"Buenos Aires ratifica clases presenciales 17-2"},"content":{"rendered":"<div id=\"attachment_495750\" style=\"width: 160px\" class=\"wp-caption alignnone\"><img loading=\"lazy\" decoding=\"async\" aria-describedby=\"caption-attachment-495750\" class=\"size-thumbnail wp-image-495750\" src=\"https:\/\/diarioelpopular.com\/wp-content\/uploads\/2021\/01\/0dc9fb2a8ae47d736819148df4312c1e-150x150.jpg\" alt=\"\" width=\"150\" height=\"150\" \/><p id=\"caption-attachment-495750\" class=\"wp-caption-text\"><em>Regreso a clases en Buenos Aires.<\/em><br \/><em>(foto: ANSA)<\/em><\/p><\/div>\n<p><em><strong>BUENOS AIRES 21 ENE &#8211;<\/strong><\/em> El jefe de gobierno de la Ciudad de Buenos Aires, Horacio Rodr\u00edguez Larreta, ratific\u00f3 hoy que el 17 de febrero comenzar\u00e1n las clases en forma presencial en la capital argentina.<br \/>\nEl plan de regreso escalonado prev\u00e9 que el 17 de febrero comiencen los jardines infantiles, el primer ciclo de la primaria (primero a tercer grado) y el primer ciclo de la secundaria (primer y segundo a\u00f1o).<br \/>\nEl 22 de febrero volver\u00e1n a las aulas el resto de los grados de la primaria, y el 1 de marzo el resto de la secundaria.<br \/>\nA partir del 8 de febrero, afirm\u00f3 hoy la prensa local, funcionar\u00e1n dos centros de testeo para docentes, con el fin de detectar eventuales casos de coronavirus.<br \/>\nDocentes y alumnos de riesgo, o quienes convivan con personas que requieran cuidados especiales, quedan exceptuados de volver a la presencialidad.<br \/>\nEl gobierno porte\u00f1o entregar\u00e1 kits de limpieza y de kits de cuidado, adem\u00e1s de distribuir barbijos a los docentes en las escuelas p\u00fablicas. Cuando la escuelas no puedan cumplir los protocolos, deber\u00e1n presentar una organizaci\u00f3n alternativa de la jornada escolar pero siempre con una cierta cantidad de horas presenciales.<\/p>\n","protected":false},"excerpt":{"rendered":"<p>BUENOS AIRES 21 ENE &#8211; El jefe de gobierno de la Ciudad de Buenos Aires, Horacio Rodr\u00edguez Larreta, ratific\u00f3 hoy que el 17 de febrero&hellip;<\/p>\n","protected":false},"author":99,"featured_media":495750,"comment_status":"open","ping_status":"open","sticky":false,"template":"","format":"standard","meta":{"footnotes":""},"categories":[23],"tags":[],"class_list":["post-495749","post","type-post","status-publish","format-standard","has-post-thumbnail","hentry","category-latinoamerica"],"_links":{"self":[{"href":"https:\/\/diarioelpopular.com\/index.php\/wp-json\/wp\/v2\/posts\/495749","targetHints":{"allow":["GET"]}}],"collection":[{"href":"https:\/\/diarioelpopular.com\/index.php\/wp-json\/wp\/v2\/posts"}],"about":[{"href":"https:\/\/diarioelpopular.com\/index.php\/wp-json\/wp\/v2\/types\/post"}],"author":[{"embeddable":true,"href":"https:\/\/diarioelpopular.com\/index.php\/wp-json\/wp\/v2\/users\/99"}],"replies":[{"embeddable":true,"href":"https:\/\/diarioelpopular.com\/index.php\/wp-json\/wp\/v2\/comments?post=495749"}],"version-history":[{"count":1,"href":"https:\/\/diarioelpopular.com\/index.php\/wp-json\/wp\/v2\/posts\/495749\/revisions"}],"predecessor-version":[{"id":495751,"href":"https:\/\/diarioelpopular.com\/index.php\/wp-json\/wp\/v2\/posts\/495749\/revisions\/495751"}],"wp:featuredmedia":[{"embeddable":true,"href":"https:\/\/diarioelpopular.com\/index.php\/wp-json\/wp\/v2\/media\/495750"}],"wp:attachment":[{"href":"https:\/\/diarioelpopular.com\/index.php\/wp-json\/wp\/v2\/media?parent=495749"}],"wp:term":[{"taxonomy":"category","embeddable":true,"href":"https:\/\/diarioelpopular.com\/index.php\/wp-json\/wp\/v2\/categories?post=495749"},{"taxonomy":"post_tag","embeddable":true,"href":"https:\/\/diarioelpopular.com\/index.php\/wp-json\/wp\/v2\/tags?post=495749"}],"curies":[{"name":"wp","href":"https:\/\/api.w.org\/{rel}","templated":true}]}}