{"id":495759,"date":"2021-01-21T18:02:40","date_gmt":"2021-01-21T22:02:40","guid":{"rendered":"https:\/\/diarioelpopular.com\/?p=495759"},"modified":"2021-01-21T18:02:40","modified_gmt":"2021-01-21T22:02:40","slug":"la-gobernadora-general-julie-payette-renuncia-en-medio-de-la-mordaz-revision-de-abusos-en-rideau-hall","status":"publish","type":"post","link":"https:\/\/diarioelpopular.com\/index.php\/2021\/01\/21\/la-gobernadora-general-julie-payette-renuncia-en-medio-de-la-mordaz-revision-de-abusos-en-rideau-hall\/","title":{"rendered":"La gobernadora general Julie Payette renuncia en medio de la &#8220;mordaz&#8221; revisi\u00f3n de abusos en Rideau Hall"},"content":{"rendered":"<p><img loading=\"lazy\" decoding=\"async\" class=\"alignnone size-custom-full-size wp-image-495760\" src=\"https:\/\/diarioelpopular.com\/wp-content\/uploads\/2021\/01\/Screen-Shot-2021-01-21-at-4.32.24-PM-636x385.png\" alt=\"\" width=\"636\" height=\"385\" srcset=\"https:\/\/diarioelpopular.com\/wp-content\/uploads\/2021\/01\/Screen-Shot-2021-01-21-at-4.32.24-PM-636x385.png 636w, https:\/\/diarioelpopular.com\/wp-content\/uploads\/2021\/01\/Screen-Shot-2021-01-21-at-4.32.24-PM-300x182.png 300w, https:\/\/diarioelpopular.com\/wp-content\/uploads\/2021\/01\/Screen-Shot-2021-01-21-at-4.32.24-PM-768x465.png 768w, https:\/\/diarioelpopular.com\/wp-content\/uploads\/2021\/01\/Screen-Shot-2021-01-21-at-4.32.24-PM-120x73.png 120w, https:\/\/diarioelpopular.com\/wp-content\/uploads\/2021\/01\/Screen-Shot-2021-01-21-at-4.32.24-PM.png 1024w\" sizes=\"auto, (max-width: 636px) 100vw, 636px\" \/><\/p>\n<h4><em><strong>La gobernadora general Julie Payette en medio del esc\u00e1ndalo por abusos de autoridad<\/strong><\/em><\/h4>\n<p><em><strong>OTTAWA.-<\/strong><\/em> La decisi\u00f3n llega inmediatamente despu\u00e9s de la finalizaci\u00f3n de una revisi\u00f3n de alto perfil sobre las m\u00faltiples acusaciones de un lugar de trabajo &#8220;t\u00f3xico&#8221; en Rideau Hall, que seg\u00fan las fuentes a Global News pint\u00f3 un retrato &#8220;mordaz&#8221; de la representante de la Reina en Canad\u00e1.<\/p>\n<p>Global News confirm\u00f3 el informe publicado por primera vez por The Globe and Mail este jueves por la ma\u00f1ana de que se hab\u00eda completado la revisi\u00f3n independiente de las acusaciones de abuso en el lugar de trabajo contra Payette y que presenta una imagen condenatoria de la gobernadora general.<\/p>\n<p>Las fuentes le dijeron a Global News que los resultados ofrecieron una dura elecci\u00f3n para Payette: renunciar o ser destituida.<\/p>\n<p>La Oficina del Privy Council contrat\u00f3 a Quintet Consulting Corporation en el oto\u00f1o para realizar la revisi\u00f3n.<\/p>\n<p>Se produjo despu\u00e9s de una serie de acusaciones hechas contra Payette por empleados actuales y anteriores a varias organizaciones de medios. CBC News inform\u00f3 por primera vez las quejas de los empleados de Rideau Hall en las que Payette hab\u00eda gritado y humillado p\u00fablicamente a los miembros del personal.<\/p>\n<p>Las personas que posteriormente hablaron con Global News expresaron experiencias similares.<\/p>\n<p>&#8220;Desde el principio, estaba consternado por lo que estaba pasando&#8221;, dijo un ex empleado.<\/p>\n<p>&#8220;Al principio, estaba como, &#8216;Est\u00e1 bien, tengo que darme tiempo para resolver esto&#8217; o &#8216;Tal vez las cosas est\u00e9n muy ocupadas en este momento y est\u00e1n tensas, no lo s\u00e9'&#8221;, continu\u00f3 el individuo. .<\/p>\n<p>&#8220;El ambiente, la vibra, el estr\u00e9s, el bombardeo constante, era simplemente &#8230; era insoportable&#8221;.<\/p>\n<p>La persona a la que se le pidi\u00f3 permanecer en el anonimato por temor a que el hecho de presentarse podr\u00eda da\u00f1ar sus perspectivas profesionales.<\/p>\n<p>Esas acusaciones agregaron que Payette y su secretaria, Assunta Di Lorenzo, &#8220;se unir\u00edan&#8221; al personal, llam\u00e1ndolos &#8220;vagos&#8221; y menospreciando su trabajo.<\/p>\n<p>Varios empleados salieron de la oficina de Di Lorenzo llorando al menos una vez a la semana, dijo una fuente.<\/p>\n<p>Payette, una ex astronauta, fue nombrada en 2017 por Trudeau en un proceso que se ha enfrentado repetidamente a un escrutinio sobre si fue examinada adecuadamente antes de ser nombrada para el prestigioso puesto.<\/p>\n<p>Los gobernadores generales son nombrados por la monarca con el consejo del primer ministro, y sirven como representantes de ella y jefe del estado canadiense, una posici\u00f3n por encima del jefe de gobierno, que es el primer ministro.<\/p>\n<p>Debido a eso, el primer ministro Justin Trudeau no puede t\u00e9cnicamente despedirla por su cuenta como lo har\u00eda con un alto funcionario pol\u00edtico o asesor.<\/p>\n<p>En cambio, habr\u00eda tenido que dar el paso muy inusual de hablar directamente con la Reina y pedirle que despida a Payette si se negaba a dimitir del puesto.<\/p>\n<p>Seg\u00fan la Biblioteca del Parlamento, no hay evidencia de que algo as\u00ed haya sucedido antes en Canad\u00e1, ni hay evidencia de que un primer ministro canadiense haya pedido la renuncia de un gobernador general.<\/p>\n<p>\u201cLa gobernadora general ser\u00eda muy tonta si intentara rechazar una solicitud de renuncia\u201d, dijo Barbara Messamore, historiadora y miembro del Instituto para el Estudio de la Corona en Canad\u00e1 en Massey College.<\/p>\n<p>&#8220;De todos modos, como lo mires, esto no puede terminar bien para Madame Payette&#8221;.<\/p>\n<p>\u201cSi la gobernadora general renunci\u00f3, hay un plan para la continuidad de esa funci\u00f3n. El presidente de la Corte Suprema podr\u00eda reemplazarlo hasta que se nombre a un sucesor \u201d, dijo.<\/p>\n<p>&#8220;Creo que es especialmente importante en un momento de gobierno minoritario y con muchos desaf\u00edos dif\u00edciles que tengamos a alguien en el cargo que parezca ejercer un buen juicio&#8221;.<\/p>\n<p>Una fuente liberal de alto nivel que habl\u00f3 con Global News dijo que ha habido una tensi\u00f3n significativa entre Payette y Trudeau desde que comenz\u00f3 la revisi\u00f3n en el oto\u00f1o, y Payette dio la impresi\u00f3n de que estaba resentida por la falta de apoyo p\u00fablico percibida por parte del primer ministro.<\/p>\n<p>Trudeau llam\u00f3 a Payette un gobernador general &#8220;excelente&#8221; en septiembre.<\/p>\n<p>&#8220;Tenemos una excelente gobernadora general en este momento y creo que adem\u00e1s de la crisis de COVID, nadie est\u00e1 mirando ninguna crisis constitucional&#8221;, dijo Trudeau en ese momento.<\/p>\n<p>&#8220;Hemos implementado un proceso para revisar algunas de las condiciones de trabajo en Rideau Hall, pero eso no es algo que estemos contemplando en este momento yendo m\u00e1s all\u00e1&#8221;.<\/p>\n<p>La fuente liberal de alto rango dijo que el gobierno esperaba que Payette tomara la decisi\u00f3n de renunciar en lugar de forzar una conversaci\u00f3n con la reina para buscar su despido.<\/p>\n<p>Messamore dijo que la situaci\u00f3n que se desarrolla ahora es \u00fanica.<\/p>\n<p>&#8220;Ciertamente en Canad\u00e1, hasta donde yo s\u00e9, no tiene precedentes&#8221;.<\/p>\n<p>&nbsp;<\/p>\n<h4><em><strong>De una &#8220;gran aventura&#8221; a la resignaci\u00f3n: el ascenso y la ca\u00edda de Julie Payette<\/strong><\/em><\/h4>\n<p><img loading=\"lazy\" decoding=\"async\" class=\"alignnone size-custom-full-size wp-image-495761\" src=\"https:\/\/diarioelpopular.com\/wp-content\/uploads\/2021\/01\/Screen-Shot-2021-01-21-at-5.01.39-PM-636x328.png\" alt=\"\" width=\"636\" height=\"328\" srcset=\"https:\/\/diarioelpopular.com\/wp-content\/uploads\/2021\/01\/Screen-Shot-2021-01-21-at-5.01.39-PM-636x328.png 636w, https:\/\/diarioelpopular.com\/wp-content\/uploads\/2021\/01\/Screen-Shot-2021-01-21-at-5.01.39-PM-300x155.png 300w, https:\/\/diarioelpopular.com\/wp-content\/uploads\/2021\/01\/Screen-Shot-2021-01-21-at-5.01.39-PM-142x73.png 142w, https:\/\/diarioelpopular.com\/wp-content\/uploads\/2021\/01\/Screen-Shot-2021-01-21-at-5.01.39-PM.png 652w\" sizes=\"auto, (max-width: 636px) 100vw, 636px\" \/><\/p>\n<p>El camino profesional que condujo a este resultado para Payette es largo, plagado de logros impresionantes que la convirtieron en una candidata estelar en el papel para servir como representante de la Reina en Canad\u00e1, pero que ha terminado cuando se vio obligada a renunciar.<\/p>\n<p><em><strong>El camino de Payette hacia GG<\/strong><\/em><\/p>\n<p>Payette naci\u00f3 en 1963 y se cri\u00f3 en el barrio Ahuntsic de Montreal, donde asisti\u00f3 a escuelas privadas antes de ser elegida para asistir al prestigioso United World College of the Atlantic en Gales. All\u00ed, complet\u00f3 un diploma de Bachillerato Internacional.<\/p>\n<p>Su padre era ingeniero y la estudiante estrella opt\u00f3 por seguir sus pasos cuando comenz\u00f3 a estudiar ingenier\u00eda en la Universidad McGill. Se gradu\u00f3 en ingenier\u00eda el\u00e9ctrica a mediados de la d\u00e9cada de 1980 antes de obtener una maestr\u00eda en ciencias aplicadas en ingenier\u00eda inform\u00e1tica en la Universidad de Toronto en 1990.<\/p>\n<p>Solo dos a\u00f1os despu\u00e9s, Payette fue seleccionada por un comit\u00e9, que inclu\u00eda al ex astronauta y actual ministro de Relaciones Exteriores, Marc Garneau, para convertirse en astronauta de la Agencia Espacial Canadiense.<\/p>\n<p>A lo largo de los a\u00f1os, Payette acumul\u00f3 un curr\u00edculum impresionante. Ella hab\u00eda estado en el espacio. Hablaba franc\u00e9s e ingl\u00e9s. Se las arreglaba en espa\u00f1ol, italiano, ruso y alem\u00e1n, y recibi\u00f3 la friolera de 28 t\u00edtulos honor\u00edficos. Tambi\u00e9n es miembro de la Orden de Canad\u00e1 y de la Ordre national du Qu\u00e9bec. Adem\u00e1s de todo eso, toca el piano y ha cantado en m\u00faltiples orquestas.<\/p>\n<p>Y en 2017, ese curr\u00edculum le vali\u00f3 el estimado papel de gobernadora general. Ella llam\u00f3 a la cita una &#8220;gran aventura&#8221;.<\/p>\n<p>Sin embargo, cuando comenz\u00f3 su mandato en el papel muy p\u00fablico, de inmediato comenzaron a surgir informes de incidentes en su vida personal y en su pasado que erosionaron la imagen perfecta representada en papel.<\/p>\n<p><em><strong>Acusaciones de abuso<\/strong><\/em><\/p>\n<p>Poco despu\u00e9s de que el primer ministro Justin Trudeau anunciara el plan para nombrarla gobernadora general en el verano de 2017, surgieron informes de que ten\u00eda un cargo de asalto en segundo grado eliminado de 2011, que ella calific\u00f3 de &#8220;infundado&#8221;.<\/p>\n<p>El cargo fue presentado mientras viv\u00eda en Maryland a fines de noviembre de 2011, pero fue formalmente despedido dos semanas despu\u00e9s. Si bien los registros en l\u00ednea no revelaron qu\u00e9 condujo al cargo, iPolitics inform\u00f3 en ese momento que la presunta v\u00edctima era su entonces esposo William &#8220;Billie&#8221; Flynn, un piloto retirado de la Fuerza A\u00e9rea.<\/p>\n<p><em><strong>Los dos se separaron poco despu\u00e9s del presunto incidente.<\/strong><\/em><\/p>\n<p>&#8220;Por razones familiares y personales, no comentar\u00e9 sobre estos cargos infundados, de los cuales fui absuelta de inmediato y por completo hace muchos a\u00f1os, y espero que la gente respete mi vida privada&#8221;, dijo Payette a iPolitics en un comunicado en ese momento.<\/p>\n<p><strong><em>Accidente automovil\u00edstico fatal<\/em><\/strong><\/p>\n<p>La petici\u00f3n de privacidad de la Gobernadora General fue desatendida cuando los periodistas se enteraron r\u00e1pidamente de otro incidente relacionado con Payette. Solo un d\u00eda despu\u00e9s de que surgiera la noticia del cargo de asalto eliminado, el Toronto Star inform\u00f3 que la entonces futura gobernadora general estuvo involucrada en un accidente automovil\u00edstico fatal.<\/p>\n<p>En julio de 2011, Theresa Agnes Potts, de 55 a\u00f1os, fue arrollada cuando cruz\u00f3 una intersecci\u00f3n cuando Payette se dirig\u00eda a un sem\u00e1foro en verde. Un informe del accidente del incidente mostr\u00f3 que Potts ten\u00eda la cabeza agachada y probablemente no vio el veh\u00edculo de Payette.<\/p>\n<p>Una investigaci\u00f3n policial encontr\u00f3 que Payette intent\u00f3 frenar y virar bruscamente para evitar golpear a Potts, pero no hubo tiempo suficiente para que sus esfuerzos tuvieran \u00e9xito. Potts muri\u00f3 m\u00e1s tarde en el hospital.<\/p>\n<p>Los dos informes del pasado de Payette plantearon dudas sobre si la Oficina del Primer Ministro hab\u00eda examinado completamente a la ex astronauta antes de anunciar su nombramiento como gobernadora general. En respuesta a preguntas sobre el asunto, Trudeau dijo que Payette hab\u00eda pasado por el mismo proceso de investigaci\u00f3n &#8220;profundo y extenso&#8221; que otras personas designadas de alto perfil.<\/p>\n<p>Sin embargo, no quiso confirmar si los dos incidentes hab\u00edan surgido durante ese proceso de investigaci\u00f3n.<\/p>\n<p>\u201cObviamente, nuestro coraz\u00f3n est\u00e1 con la familia afectada por este tr\u00e1gico accidente. Fue algo terrible y tr\u00e1gico y sabemos que Mme. Payette en realidad se acerc\u00f3 personalmente para compartir sus condolencias con la familia despu\u00e9s del accidente \u201d, dijo Trudeau.<\/p>\n<p><em><strong>Infeliz en su papel<\/strong><\/em><\/p>\n<p>Cuando Payette se instal\u00f3 en su puesto, disfrut\u00f3 de un primer a\u00f1o relativamente d\u00f3cil y sin esc\u00e1ndalos, es decir, hasta que el National Post inform\u00f3 que se mostraba reacia a realizar las funciones b\u00e1sicas de su trabajo.<\/p>\n<p>En el oto\u00f1o de 2018, escribieron que ella dudaba en firmar la legalizaci\u00f3n del cannabis. Su razonamiento no fue que no entendiera su deber, ni que estuviera trazando una l\u00ednea \u00e9tica en la arena; seg\u00fan los informes, estaba frustrada por tener que hacer un cambio de \u00faltimo minuto en su horario, seg\u00fan el National Post.<\/p>\n<p>El art\u00edculo, que cita varias fuentes an\u00f3nimas, describi\u00f3 a Payette como una mujer tan infeliz en su papel que muchos se preguntaron si podr\u00eda dejar el trabajo, y su salario anual de poco m\u00e1s de 290.000 d\u00f3lares, antes de tiempo. No le gustaba el escrutinio p\u00fablico de su vida personal, las expectativas de c\u00f3mo se supon\u00eda que deb\u00eda vestirse y las exigencias de su tiempo personal, inform\u00f3 el National Post.<\/p>\n<p>En respuesta a preguntas del National Post, un portavoz de Rideau Hall dijo: \u201cLa Gobernadora General est\u00e1 totalmente comprometida a servir a Canad\u00e1 y a los canadienses. Durante los \u00faltimos 11 meses, ha demostrado un gran liderazgo y ha ejecutado, a tiempo, todas las funciones que debe cumplir un gobernador general \u201d.<\/p>\n<p>\u201cNos gustar\u00eda se\u00f1alar que sus afirmaciones son inexactas o se basan en informaci\u00f3n incompleta\u201d, agreg\u00f3 Marie-\u00c8ve \u200b\u200bL\u00e9tourneau.<\/p>\n<p><em><strong>Acoso laboral<\/strong><\/em><\/p>\n<p>El salpic\u00f3n de esc\u00e1ndalos e informes poco halagadores a lo largo de los a\u00f1os adquiri\u00f3 una nueva relevancia en el verano de 2020, cuando CBC News inform\u00f3 por primera vez de acusaciones de m\u00faltiples fuentes de que Payette fomentaba un entorno laboral t\u00f3xico y acosador.<\/p>\n<p>Los empleados de Rideau Hall alegaron a CBC News que Payette les hab\u00eda gritado cont\u00ednuamente y humillado p\u00fablicamente a los miembros del personal. Las personas que luego hablaron con Global News bajo condici\u00f3n de anonimato, temiendo que dar un paso al frente podr\u00eda da\u00f1ar sus perspectivas profesionales, expresaron experiencias similares.<\/p>\n<p>&#8220;Desde el principio, estaba consternado por lo que estaba pasando&#8221;, dijo un ex empleado.<\/p>\n<p>&#8220;El ambiente, la vibra, el estr\u00e9s, el bombardeo constante, era simplemente &#8230; era insoportable&#8221;.<\/p>\n<p>La gran cantidad de acusaciones llev\u00f3 a The Privy Council Office a contratar a Quintet Consulting Corporation en el oto\u00f1o para realizar una revisi\u00f3n de las denuncias de acoso laboral. El resultado de esa revisi\u00f3n, algunas de las cuales se informaron el jueves, fue &#8220;mordaz&#8221;, seg\u00fan las fuentes.<\/p>\n<p>&nbsp;<\/p>\n<p>&nbsp;<\/p>\n","protected":false},"excerpt":{"rendered":"<p>La gobernadora general Julie Payette en medio del esc\u00e1ndalo por abusos de autoridad OTTAWA.- La decisi\u00f3n llega inmediatamente despu\u00e9s de la finalizaci\u00f3n de una revisi\u00f3n&hellip;<\/p>\n","protected":false},"author":99,"featured_media":495760,"comment_status":"open","ping_status":"open","sticky":false,"template":"","format":"standard","meta":{"footnotes":""},"categories":[21,11191],"tags":[],"class_list":["post-495759","post","type-post","status-publish","format-standard","has-post-thumbnail","hentry","category-canada","category-top-news"],"_links":{"self":[{"href":"https:\/\/diarioelpopular.com\/index.php\/wp-json\/wp\/v2\/posts\/495759","targetHints":{"allow":["GET"]}}],"collection":[{"href":"https:\/\/diarioelpopular.com\/index.php\/wp-json\/wp\/v2\/posts"}],"about":[{"href":"https:\/\/diarioelpopular.com\/index.php\/wp-json\/wp\/v2\/types\/post"}],"author":[{"embeddable":true,"href":"https:\/\/diarioelpopular.com\/index.php\/wp-json\/wp\/v2\/users\/99"}],"replies":[{"embeddable":true,"href":"https:\/\/diarioelpopular.com\/index.php\/wp-json\/wp\/v2\/comments?post=495759"}],"version-history":[{"count":1,"href":"https:\/\/diarioelpopular.com\/index.php\/wp-json\/wp\/v2\/posts\/495759\/revisions"}],"predecessor-version":[{"id":495762,"href":"https:\/\/diarioelpopular.com\/index.php\/wp-json\/wp\/v2\/posts\/495759\/revisions\/495762"}],"wp:featuredmedia":[{"embeddable":true,"href":"https:\/\/diarioelpopular.com\/index.php\/wp-json\/wp\/v2\/media\/495760"}],"wp:attachment":[{"href":"https:\/\/diarioelpopular.com\/index.php\/wp-json\/wp\/v2\/media?parent=495759"}],"wp:term":[{"taxonomy":"category","embeddable":true,"href":"https:\/\/diarioelpopular.com\/index.php\/wp-json\/wp\/v2\/categories?post=495759"},{"taxonomy":"post_tag","embeddable":true,"href":"https:\/\/diarioelpopular.com\/index.php\/wp-json\/wp\/v2\/tags?post=495759"}],"curies":[{"name":"wp","href":"https:\/\/api.w.org\/{rel}","templated":true}]}}