{"id":495800,"date":"2021-01-23T15:00:31","date_gmt":"2021-01-23T19:00:31","guid":{"rendered":"https:\/\/diarioelpopular.com\/?p=495800"},"modified":"2021-01-23T15:00:31","modified_gmt":"2021-01-23T19:00:31","slug":"se-elevan-los-casos-y-muertes-en-cuba","status":"publish","type":"post","link":"https:\/\/diarioelpopular.com\/index.php\/2021\/01\/23\/se-elevan-los-casos-y-muertes-en-cuba\/","title":{"rendered":"Se elevan los casos y muertes en Cuba"},"content":{"rendered":"<div id=\"attachment_495801\" style=\"width: 310px\" class=\"wp-caption alignnone\"><img loading=\"lazy\" decoding=\"async\" aria-describedby=\"caption-attachment-495801\" class=\"size-medium wp-image-495801\" src=\"https:\/\/diarioelpopular.com\/wp-content\/uploads\/2021\/01\/e46fa4c18a344797078efa9e4e0d880c-300x200.jpg\" alt=\"\" width=\"300\" height=\"200\" srcset=\"https:\/\/diarioelpopular.com\/wp-content\/uploads\/2021\/01\/e46fa4c18a344797078efa9e4e0d880c-300x200.jpg 300w, https:\/\/diarioelpopular.com\/wp-content\/uploads\/2021\/01\/e46fa4c18a344797078efa9e4e0d880c-110x73.jpg 110w, https:\/\/diarioelpopular.com\/wp-content\/uploads\/2021\/01\/e46fa4c18a344797078efa9e4e0d880c.jpg 476w\" sizes=\"auto, (max-width: 300px) 100vw, 300px\" \/><p id=\"caption-attachment-495801\" class=\"wp-caption-text\"><em>M\u00e1s casos y m\u00e1s muertes por Covid-19 en Cuba. Se atribuye a virus importado.<\/em><\/p><\/div>\n<h4><em><strong>Las dos mayores provincias muy afectadas por casos de Covid-19<\/strong><\/em><\/h4>\n<p><em><strong>LA HABANA, 23 ENE &#8211;<\/strong> <\/em>Cuba report\u00f3 este s\u00e1bado tres muertes m\u00e1s y un total de 4.520 contagiados en todo el pa\u00eds con situaciones complicadas en La Habana y Santiago de Cuba, sus dos provincias m\u00e1s poblada e importantes.<br \/>\nLas cifras del viernes hasta la medianoche indicaban una expansi\u00f3n epidemiol\u00f3gica nacional con 9.068 personas hospitalizadas, una parte de ellas bajo sospecha de tener el virus.<br \/>\nLos nuevos casos son 567 enfermos, de los cuales 532 son considerados como aut\u00f3ctonos y 35 importados, o sea viajeros que arribaron a la isla ya con la Covid-19.<br \/>\n&#8220;Existe transmisi\u00f3n en todo el territorio nacional&#8221;, dijo Francisco Dur\u00e1n, director de Epidemiolog\u00eda del Ministerio de Salud P\u00fablica, quien atribuy\u00f3 nuevamente los rebrotes desde noviembre a los arribos de viajeros del extranjero, tras la decisi\u00f3n oficial de abrir el pa\u00eds.<br \/>\nLa Habana, capital de alrededor de dos millones de habitantes, y Santiago de Cuba, las provincias m\u00e1s importantes del pa\u00eds, son las localidades m\u00e1s afectadas con 276 y 69 pacientes, respectivamente.<br \/>\nNo obstante otras dos provincias, Guant\u00e1namo en el extremo este isle\u00f1o y Matanzas en el occidente reportaron 59 contagiados cada una el jueves.<br \/>\nEl gobierno habanero advirti\u00f3 que la situaci\u00f3n en la capital es &#8220;muy compleja&#8221; y pronostic\u00f3 la expansi\u00f3n de la epidemia. Est\u00e1 &#8220;considerando&#8221; un m\u00e1s largo toque de queda nocturno.<br \/>\nLa alarma sobre Santiago, a 900 kil\u00f3metros al este de La Habana, es a\u00fan m\u00e1s alta.<br \/>\nEl ministro de Salud P\u00fablica visit\u00f3 la ciudad y desde all\u00ed consider\u00f3 que deben &#8220;cerrarse fisuras en la identificaci\u00f3n oportuna de los contagiados&#8221;.<br \/>\nAgreg\u00f3 que &#8220;si bien en un primer momento el motivo del alza de los diagn\u00f3sticos positivos de la pandemia se relacion\u00f3 con el incumplimiento de lo establecido por viajeros, se troc\u00f3 posteriormente en transmisi\u00f3n aut\u00f3ctona vinculada a focos abiertos&#8221; en Santiago.<br \/>\nTambi\u00e9n critic\u00f3 el &#8220;acceso tard\u00edo de algunos enfermos a los centros de salud con deficiencias en las pesquisas diarias&#8221;.<br \/>\nOtras fuentes m\u00e9dicas se refirieron adem\u00e1s como motivo para los rebrotes a la p\u00e9rdida de los ciudadanos de &#8220;la percepci\u00f3n de riesgo&#8221; expuso la vir\u00f3loga Mar\u00eda Guadalupe Guzm\u00e1n, por la televisi\u00f3n nacional.<br \/>\nAtribuy\u00f3 esa situaci\u00f3n cuando las personas &#8220;comparan la situaci\u00f3n favorable de la isla con la de otros pa\u00edses en cuanto a n\u00famero de casos y letalidad, y siempre piensan el coronavirus no los afectar\u00e1 a ellos&#8221;, afirm\u00f3.<br \/>\nLos reportes cubanos diarios agregan un espacio a informar la situaci\u00f3n planetaria de la pandemia.<br \/>\nEl viernes la doctora que es jefa del Centro de Investigaci\u00f3n, Diagn\u00f3stico y Referencia del Instituto de Medicina Tropical Pedro Kour\u00ed (IPK) confirm\u00f3 la detecci\u00f3n en un viajero de una nueva cepa de la Covid-19 surgida en Sud\u00e1frica y que ya se ha extendido a 20 pa\u00edses.<br \/>\nLa mutaci\u00f3n fue detectada en un viajero asintom\u00e1tico procedente de Sud\u00e1frica, a partir de los estudios realizados desde el 15 de diciembre a todas las personas que llegan al pa\u00eds, ya sean sintom\u00e1ticos o no.<\/p>\n","protected":false},"excerpt":{"rendered":"<p>Las dos mayores provincias muy afectadas por casos de Covid-19 LA HABANA, 23 ENE &#8211; Cuba report\u00f3 este s\u00e1bado tres muertes m\u00e1s y un total&hellip;<\/p>\n","protected":false},"author":99,"featured_media":495801,"comment_status":"open","ping_status":"open","sticky":false,"template":"","format":"standard","meta":{"footnotes":""},"categories":[23],"tags":[],"class_list":["post-495800","post","type-post","status-publish","format-standard","has-post-thumbnail","hentry","category-latinoamerica"],"_links":{"self":[{"href":"https:\/\/diarioelpopular.com\/index.php\/wp-json\/wp\/v2\/posts\/495800","targetHints":{"allow":["GET"]}}],"collection":[{"href":"https:\/\/diarioelpopular.com\/index.php\/wp-json\/wp\/v2\/posts"}],"about":[{"href":"https:\/\/diarioelpopular.com\/index.php\/wp-json\/wp\/v2\/types\/post"}],"author":[{"embeddable":true,"href":"https:\/\/diarioelpopular.com\/index.php\/wp-json\/wp\/v2\/users\/99"}],"replies":[{"embeddable":true,"href":"https:\/\/diarioelpopular.com\/index.php\/wp-json\/wp\/v2\/comments?post=495800"}],"version-history":[{"count":1,"href":"https:\/\/diarioelpopular.com\/index.php\/wp-json\/wp\/v2\/posts\/495800\/revisions"}],"predecessor-version":[{"id":495802,"href":"https:\/\/diarioelpopular.com\/index.php\/wp-json\/wp\/v2\/posts\/495800\/revisions\/495802"}],"wp:featuredmedia":[{"embeddable":true,"href":"https:\/\/diarioelpopular.com\/index.php\/wp-json\/wp\/v2\/media\/495801"}],"wp:attachment":[{"href":"https:\/\/diarioelpopular.com\/index.php\/wp-json\/wp\/v2\/media?parent=495800"}],"wp:term":[{"taxonomy":"category","embeddable":true,"href":"https:\/\/diarioelpopular.com\/index.php\/wp-json\/wp\/v2\/categories?post=495800"},{"taxonomy":"post_tag","embeddable":true,"href":"https:\/\/diarioelpopular.com\/index.php\/wp-json\/wp\/v2\/tags?post=495800"}],"curies":[{"name":"wp","href":"https:\/\/api.w.org\/{rel}","templated":true}]}}