{"id":495814,"date":"2021-01-24T13:33:03","date_gmt":"2021-01-24T17:33:03","guid":{"rendered":"https:\/\/diarioelpopular.com\/?p=495814"},"modified":"2021-01-24T13:33:03","modified_gmt":"2021-01-24T17:33:03","slug":"descuidada-campana-electoral-en-ecuador","status":"publish","type":"post","link":"https:\/\/diarioelpopular.com\/index.php\/2021\/01\/24\/descuidada-campana-electoral-en-ecuador\/","title":{"rendered":"Descuidada campa\u00f1a electoral en Ecuador"},"content":{"rendered":"<div id=\"attachment_495815\" style=\"width: 160px\" class=\"wp-caption alignnone\"><img loading=\"lazy\" decoding=\"async\" aria-describedby=\"caption-attachment-495815\" class=\"size-thumbnail wp-image-495815\" src=\"https:\/\/diarioelpopular.com\/wp-content\/uploads\/2021\/01\/b22125b5b0bd7c387b71c7b4000459a0-150x150.jpg\" alt=\"\" width=\"150\" height=\"150\" \/><p id=\"caption-attachment-495815\" class=\"wp-caption-text\"><em>Campa\u00f1a electoral sin recaudos en Ecuador, el virus avanza<\/em><\/p><\/div>\n<h4><em><strong>Se disparan los contagios. Candidatos incumplen medidas<\/strong><\/em><\/h4>\n<p><em><strong>QUITO 24 ENE &#8211;<\/strong> <\/em>El 7 de febrero se realizar\u00e1n en Ecuador elecciones presidenciales y las campa\u00f1as pol\u00edticas riesgosamente est\u00e1n desoyendo las recomendaciones sanitarias frente a la pandemia de Covid-19, que est\u00e1 mostrando un nuevo aceleramiento de los contagios en el pa\u00eds.<br \/>\nEl Comit\u00e9 de Operaciones de Emergencia (COE), el ente nacional que act\u00faa en la gesti\u00f3n de la pandemia, exigi\u00f3 a los municipios que controlen las aglomeraciones y actos pol\u00edticos, inform\u00f3 el diario El Comercio.<br \/>\nEl peri\u00f3dico destaca que no existen sanciones ni controles a las aglomeraciones que ocurren, principalmente, en los recorridos de los candidatos presidenciales.<br \/>\nEs que las medidas impuestas por el COE nacional y el Consejo Nacional Electoral (CNE) est\u00e1n dirigidas a la campa\u00f1a electoral y a la votaci\u00f3n.<br \/>\nSeg\u00fan El Comercio, tanto en Quito, Guayaquil, Cuenca, Loja, Ambato, Machala, Manta y otras ciudades, la mayor\u00eda de los presidenciables ha recorrido plazas, mercados y otros lugares p\u00fablicos generando aglomeraciones, donde se viola la distancia social.<br \/>\nSuele no haber uso correcto de los barbijos y, adem\u00e1s, las personas se acercan y abrazan a los candidatos e, incluso, los saludan con besos.<br \/>\n&#8220;Hay desorden y los candidatos no acatan el distanciamiento ni las medidas de bioseguridad&#8221;, admiti\u00f3 Byron C\u00e1rdenas, alcalde de Latacunga y vicepresidente de la Asociaci\u00f3n de Municipalidades del Ecuador (AME), que calific\u00f3 la campala de &#8220;irresponsable&#8221;.<br \/>\nEl pr\u00f3ximo 7 de febrero, los ecuatorianos deber\u00e1n decidir en las papeletas entre 16 candidatos que aspiran el m\u00e1ximo cargo, luego de que el CNE ordenara eliminar cualquier atisbo de la imagen del expresidente Rafael Correa (2007-2017) de la campa\u00f1a.<br \/>\nAunque el corre\u00edsmo domin\u00f3 la pol\u00edtica ecuatoriana en los \u00faltimos a\u00f1os, en diciembre la encuestadora AtlasIntel se\u00f1al\u00f3 que un 22,8% se identifica como corre\u00edsta, un 24,6% anticorre\u00edsta y un 41% con ninguno. A su vez, el 11% no sabe.<br \/>\nEn medi de la campa\u00f1a, los contagios por Covid-19 se est\u00e1n disparando en Ecuador, donde la suma total de infectados es de 238.232, con los 1.074 nuevos casos detectados en solo 24 horas, seg\u00fan se anunci\u00f3 anoche.<br \/>\nEl reporte del ministerio de Salud indic\u00f3 que las muertes por SARS-CoV-2 subieron en 30, con un total de 14.596, de las cuales, 9.943 son decesos confirmados con ese mal.<br \/>\nQuito, la capital, es la ciudad m\u00e1s golpeada en casos, con 76.838.<br \/>\nEl jueves pasado comenz\u00f3 en Quito, Guayaquil, Cuenca y Manta el plan de vacunaci\u00f3n nacional con las dosis de Pfizer-BioNTech, en su fase cero o piloto, que incluye al personal de salud en primera l\u00ednea de combate a la pandemia y a ancianos y cuidadores de centros geri\u00e1tricos.<br \/>\nEl pa\u00eds andino estuvo en zozobra el a\u00f1o pasado, con ciudades con colapso hospitalarios e imposibilidad de atender al gran n\u00famero de contagiados, al tiempo que los cementerios se vieron desbordados.<br \/>\nIm\u00e1genes de muertos en las calles, como se vieron en mayo pasado, representan las vivencias m\u00e1s nefastas de la pandemia, que Ecuador teme revivir.<\/p>\n","protected":false},"excerpt":{"rendered":"<p>Se disparan los contagios. Candidatos incumplen medidas QUITO 24 ENE &#8211; El 7 de febrero se realizar\u00e1n en Ecuador elecciones presidenciales y las campa\u00f1as pol\u00edticas&hellip;<\/p>\n","protected":false},"author":99,"featured_media":495815,"comment_status":"open","ping_status":"open","sticky":false,"template":"","format":"standard","meta":{"footnotes":""},"categories":[23],"tags":[],"class_list":["post-495814","post","type-post","status-publish","format-standard","has-post-thumbnail","hentry","category-latinoamerica"],"_links":{"self":[{"href":"https:\/\/diarioelpopular.com\/index.php\/wp-json\/wp\/v2\/posts\/495814","targetHints":{"allow":["GET"]}}],"collection":[{"href":"https:\/\/diarioelpopular.com\/index.php\/wp-json\/wp\/v2\/posts"}],"about":[{"href":"https:\/\/diarioelpopular.com\/index.php\/wp-json\/wp\/v2\/types\/post"}],"author":[{"embeddable":true,"href":"https:\/\/diarioelpopular.com\/index.php\/wp-json\/wp\/v2\/users\/99"}],"replies":[{"embeddable":true,"href":"https:\/\/diarioelpopular.com\/index.php\/wp-json\/wp\/v2\/comments?post=495814"}],"version-history":[{"count":1,"href":"https:\/\/diarioelpopular.com\/index.php\/wp-json\/wp\/v2\/posts\/495814\/revisions"}],"predecessor-version":[{"id":495816,"href":"https:\/\/diarioelpopular.com\/index.php\/wp-json\/wp\/v2\/posts\/495814\/revisions\/495816"}],"wp:featuredmedia":[{"embeddable":true,"href":"https:\/\/diarioelpopular.com\/index.php\/wp-json\/wp\/v2\/media\/495815"}],"wp:attachment":[{"href":"https:\/\/diarioelpopular.com\/index.php\/wp-json\/wp\/v2\/media?parent=495814"}],"wp:term":[{"taxonomy":"category","embeddable":true,"href":"https:\/\/diarioelpopular.com\/index.php\/wp-json\/wp\/v2\/categories?post=495814"},{"taxonomy":"post_tag","embeddable":true,"href":"https:\/\/diarioelpopular.com\/index.php\/wp-json\/wp\/v2\/tags?post=495814"}],"curies":[{"name":"wp","href":"https:\/\/api.w.org\/{rel}","templated":true}]}}