{"id":495835,"date":"2021-01-27T13:34:12","date_gmt":"2021-01-27T17:34:12","guid":{"rendered":"https:\/\/diarioelpopular.com\/?p=495835"},"modified":"2021-01-27T13:34:12","modified_gmt":"2021-01-27T17:34:12","slug":"decenas-aislados-por-contagio-de-obrador","status":"publish","type":"post","link":"https:\/\/diarioelpopular.com\/index.php\/2021\/01\/27\/decenas-aislados-por-contagio-de-obrador\/","title":{"rendered":"Decenas aislados por contagio de Obrador"},"content":{"rendered":"<div id=\"attachment_495836\" style=\"width: 160px\" class=\"wp-caption alignnone\"><img loading=\"lazy\" decoding=\"async\" aria-describedby=\"caption-attachment-495836\" class=\"size-thumbnail wp-image-495836\" src=\"https:\/\/diarioelpopular.com\/wp-content\/uploads\/2021\/01\/87b640e8754b351ec1733321dfbc1b49-150x150.jpg\" alt=\"\" width=\"150\" height=\"150\" \/><p id=\"caption-attachment-495836\" class=\"wp-caption-text\"><em>Andr\u00e9s L\u00f3pez Obrador.<\/em><br \/><em>(foto: EPA)<\/em><\/p><\/div>\n<h4><em><strong>Lista incluye ministros, gobernadores y tripulantes de aviones<\/strong><\/em><\/h4>\n<p><em><strong>CIUDAD DE M\u00c9XICO, 27 ENE.-<\/strong> <\/em>Decenas de personas se encuentran aisladas luego de anunciarse el contagio de Covid-19 del presidente Andr\u00e9s L\u00f3pez Obrador, tras el rastreo realizado por el ministerio de Salud para investigar quienes estuvieron cerca del mandatario en los \u00faltimos d\u00edas.<\/p>\n<p>El aviso oficial del domingo pasado de que hab\u00eda dado positivo a la enfermedad, hizo cundir las alarmas entre la gran cantidad de personas que convivieron de alguna manera con el jefe de Estado, especialmente el fin de semana, cuando realiz\u00f3 visitas a los estados de Nuevo Le\u00f3n (norte) y San Luis Potos\u00ed (centro).<\/p>\n<p>Hasta ahora, solo Angel Castillo, comandante de la XII Zona Militar de San Luis Potos\u00ed, que estuvo cerca de L\u00f3pez Obrador, dio positivo en la prueba que se le practic\u00f3, pero se duda si ya hab\u00eda comenzado a incubar la infecci\u00f3n desde antes.<\/p>\n<p>En la larga lista de contactos rastreados por las autoridades sanitarias figuran varios miembros del gabinete, como el canciller Marcelo Ebrard y los titulares de Gobernaci\u00f3n Olga S\u00e1nchez y de Econom\u00eda Tatiana Clouthier, as\u00ed como los ministros de la Defensa Cresencio Sandoval y de Marina Rafael Ojeda.<\/p>\n<p>Otros personajes que se encuentran en la n\u00f3mina son el zar antipandemia Hugo L\u00f3pez-Gatell (que se aisl\u00f3) y la ministra de Seguridad P\u00fablica Rosa Icela Rodr\u00edguez, quien ya se hab\u00eda contagiado hace poco y el comandante de la Guardia Nacional Luis Rodr\u00edguez, que se practic\u00f3 una primera prueba y sali\u00f3 negativo.<\/p>\n<p>Ebrard y S\u00e1nchez dijeron haberse practicado una primera prueba que result\u00f3 negativa, pero deben de someterse a una segunda para confirmar el resultado, mientras que Ojeda ya tuvo Covid-19.<\/p>\n<p>Clara Luz Flores, candidata del oficialista Movimiento de Regeneraci\u00f3n Nacional (Morena) a la gobernaci\u00f3n de Nuevo Le\u00f3n, que tambi\u00e9n ya estuvo contagiada, se reuni\u00f3 el d\u00eda 23 con L\u00f3pez Obrador.<\/p>\n<p>Est\u00e1n tambi\u00e9n los gobernadores de Nuevo Le\u00f3n Jaime Calder\u00f3n y de San Luis Potos\u00ed Juan Manuel Carreras, quienes tambi\u00e9n salieron negativos en los testeos r\u00e1pidos que se practicaron, adem\u00e1s del de Jalisco (occidente), Enrique Alfaro, quien se reuni\u00f3 con L\u00f3pez Obrador el mi\u00e9rcoles pasado.<\/p>\n<p>Del mismo modo, la tripulaci\u00f3n y pasajeros de los vuelos de la compa\u00f1\u00eda Volaris que lo llevaron a Monterrey y lo trajeron desde San Luis a la capital (el presidente no viaja por norma en avi\u00f3n privado) fueron puestos en cuarentena o advertidos de la necesidad de aislarse tras conocerse el contagio del mandatario.<\/p>\n<p>La cadena de rastreo incluye asimismo a Javier May, ministro del Bienestar y su &#8220;vice&#8221; Ariadna Montiel, Alfonso Romo, asesor del mandatario y varios empresarios con los que se reuni\u00f3 en Monterrey, Nuevo Le\u00f3n as\u00ed como la int\u00e9rprete que particip\u00f3 en la entrevista telef\u00f3nica con su par estadounidense Joe Biden.<\/p>\n<p>En analista Sergio Sarmiento estim\u00f3 que &#8220;fue una irresponsabilidad&#8221; de L\u00f3pez Obrador tomar un avi\u00f3n de l\u00ednea para regresar el domingo pasado de San Luis a la capital cuando hab\u00eda un avi\u00f3n de la Marina que despeg\u00f3 casi a la misma hora en esa ruta hacia la Ciudad de M\u00e9xico.<\/p>\n<p>En ese momento y ya ten\u00eda algunos indicios de la enfermedad y le hab\u00eda hecho la prueba sin darle todav\u00eda los resultados.<\/p>\n<p>El mandatario ha sido se\u00f1alado por la oposici\u00f3n de asumir cierta postura negacionista sobre la pandemia, al negarse a usar p\u00fablicamente el llamado &#8220;cubrebocas&#8221; y relativizar el impacto de la peste en el pa\u00eds, pese a que M\u00e9xico se encuentra en el &#8220;top five&#8221; de los pa\u00edses m\u00e1s golpeados por el Covid-19.<\/p>\n<p>Hasta ahora, M\u00e9xico contabiliza 1.778.905 contagios (7.165 m\u00e1s que un d\u00eda antes) y 152.016 muertes (1.744 en 24 horas).<\/p>\n<p>Entre las medidas equivocadas en el manejo de la pandemia que algunos expertos reprochan al gobierno figura la falta de pruebas PCR a nivel masivo, la tardanza en decretar la primera cuarentena y la demora en decretar la obligaci\u00f3n de uso de mascarillas en comercios cerrados y supermercados.<\/p>\n<p>Incluso, el 18 de marzo, L\u00f3pez Obrador dijo que su &#8220;escudo protector es la honestidad&#8221; y presumi\u00f3 un amuleto que carga consigo con la imagen del &#8220;Coraz\u00f3n de Jes\u00fas&#8221;, que dijo mantenerlo protegido.<\/p>\n","protected":false},"excerpt":{"rendered":"<p>Lista incluye ministros, gobernadores y tripulantes de aviones CIUDAD DE M\u00c9XICO, 27 ENE.- Decenas de personas se encuentran aisladas luego de anunciarse el contagio de&hellip;<\/p>\n","protected":false},"author":99,"featured_media":495836,"comment_status":"open","ping_status":"open","sticky":false,"template":"","format":"standard","meta":{"footnotes":""},"categories":[23],"tags":[],"class_list":["post-495835","post","type-post","status-publish","format-standard","has-post-thumbnail","hentry","category-latinoamerica"],"_links":{"self":[{"href":"https:\/\/diarioelpopular.com\/index.php\/wp-json\/wp\/v2\/posts\/495835","targetHints":{"allow":["GET"]}}],"collection":[{"href":"https:\/\/diarioelpopular.com\/index.php\/wp-json\/wp\/v2\/posts"}],"about":[{"href":"https:\/\/diarioelpopular.com\/index.php\/wp-json\/wp\/v2\/types\/post"}],"author":[{"embeddable":true,"href":"https:\/\/diarioelpopular.com\/index.php\/wp-json\/wp\/v2\/users\/99"}],"replies":[{"embeddable":true,"href":"https:\/\/diarioelpopular.com\/index.php\/wp-json\/wp\/v2\/comments?post=495835"}],"version-history":[{"count":1,"href":"https:\/\/diarioelpopular.com\/index.php\/wp-json\/wp\/v2\/posts\/495835\/revisions"}],"predecessor-version":[{"id":495837,"href":"https:\/\/diarioelpopular.com\/index.php\/wp-json\/wp\/v2\/posts\/495835\/revisions\/495837"}],"wp:featuredmedia":[{"embeddable":true,"href":"https:\/\/diarioelpopular.com\/index.php\/wp-json\/wp\/v2\/media\/495836"}],"wp:attachment":[{"href":"https:\/\/diarioelpopular.com\/index.php\/wp-json\/wp\/v2\/media?parent=495835"}],"wp:term":[{"taxonomy":"category","embeddable":true,"href":"https:\/\/diarioelpopular.com\/index.php\/wp-json\/wp\/v2\/categories?post=495835"},{"taxonomy":"post_tag","embeddable":true,"href":"https:\/\/diarioelpopular.com\/index.php\/wp-json\/wp\/v2\/tags?post=495835"}],"curies":[{"name":"wp","href":"https:\/\/api.w.org\/{rel}","templated":true}]}}