{"id":495848,"date":"2021-01-28T12:30:24","date_gmt":"2021-01-28T16:30:24","guid":{"rendered":"https:\/\/diarioelpopular.com\/?p=495848"},"modified":"2021-01-28T12:30:24","modified_gmt":"2021-01-28T16:30:24","slug":"la-rueda-de-la-falsedad","status":"publish","type":"post","link":"https:\/\/diarioelpopular.com\/index.php\/2021\/01\/28\/la-rueda-de-la-falsedad\/","title":{"rendered":"LA RUEDA DE LA FALSEDAD"},"content":{"rendered":"<p><strong><em>\u201cDe humanos es corregir errores y quitar piedras del camino; nunca olvidemos de hacerlo en primera persona\u201d<\/em><\/strong><\/p>\n<p><strong><em>\u00a0<\/em><\/strong><\/p>\n<p><strong><em>=============================<\/em><\/strong><\/p>\n<p><strong><em>V\u00edctor CORCOBA HERRERO\/ Escritor<\/em><\/strong><\/p>\n<p><strong><em>corcoba@telefonica.net\u00a0\u00a0\u00a0\u00a0\u00a0\u00a0\u00a0\u00a0\u00a0\u00a0\u00a0\u00a0\u00a0\u00a0\u00a0\u00a0\u00a0\u00a0\u00a0\u00a0\u00a0\u00a0\u00a0\u00a0\u00a0\u00a0 <\/em><\/strong><\/p>\n<p><strong>=============================<\/strong><\/p>\n<p>&nbsp;<\/p>\n<p><strong>\u00a0<\/strong><\/p>\n<p><strong>\u00a0\u00a0\u00a0\u00a0\u00a0\u00a0\u00a0\u00a0\u00a0\u00a0\u00a0\u00a0\u00a0\u00a0\u00a0\u00a0\u00a0 <\/strong>El territorio de la manipulaci\u00f3n y de la falsedad rueda por doquier. Viene haci\u00e9ndolo como una bola de nieve. Lo cruel es que cada d\u00eda es un poco m\u00e1s grande, lo que envilece las relaciones humanas y nuestra propia convivencia. Por ello, quiz\u00e1s tengamos que ahondar m\u00e1s en nosotros mismos, buscar tiempo para reflexionar sobre los mecanismos ocultos de la maldad, adentrarnos en sus ra\u00edces para poder cambiar el mundo gradualmente. Hoy en d\u00eda, andamos tan sofocados, que es muy f\u00e1cil perpetuar el doblez en nuestras vidas. Sin duda, tenemos que ganar autodominio, tampoco encerrarnos sino abrirnos, cultivar la coherencia solidaria y la disponibilidad para promover el ansiado bien colectivo. Indudablemente, la renovaci\u00f3n debe comenzar por nuestro interior, siendo m\u00e1s aut\u00e9ntico y menos sectario, lo que requiere de un persistente ejercicio de an\u00e1lisis que nos restaure la verdad, en medio de un estado confuso, en el que ingerimos de un solo trago un chisme que nos agasaja, mientras saboreamos gota a gota la verdad que, en ocasiones nos amarga, y en realidad es la que justamente nos amansa. Ojal\u00e1 aprendamos a discernir, tanto cuando debemos hablar como cuando debemos callar.<\/p>\n<p>&nbsp;<\/p>\n<p>Sea como fuere, tenemos que acostumbrarnos a llamar a las cosas por su nombre, no podemos desenvolvernos en una marea de apariencias que nos tritura como seres pensantes. La irresponsabilidad es manifiesta en toda la humanidad; puesto que, la perversa invenci\u00f3n, el odio, la inhumanidad y la deshumanizaci\u00f3n est\u00e1n rompiendo nuestra fibra humana, que es la que nos hermana socialmente. Hemos de reevaluar, por tanto, nuestras actitudes y comportamientos. Nos har\u00e1 bien, para comprender que es necesario tomar otra orientaci\u00f3n y defender los derechos humanos sobre todo lo dem\u00e1s, al menos para que la humanidad pueda sobrevivir. De una vez por todas, tenemos la obligaci\u00f3n de despojarnos de esta atm\u00f3sfera hip\u00f3crita, que todo lo confunde en beneficio de algunos privilegiados. Precisamos, en consecuencia, desterrar esos discursos p\u00fablicos malintencionados, embadurnados de mil atropellos e ilegalidades. Ya est\u00e1 bien de dejarnos falsificar por gentes sin escr\u00fapulos, que lo \u00fanico que siembran es desorden y divisi\u00f3n, contaminando las relaciones e infectando el orbe de escenarios amenazadores de muerte.<\/p>\n<p>&nbsp;<\/p>\n<p>El pueblo, en su conjunto, anda hambriento de veracidad; incluida la verdad fundamental de nuestra igualdad de derechos y dignidad como seres humanos. Me niego, personalmente, a que la farsa comercial pueda deslizarse solapadamente en todas partes. Bajo estos aires de incertidumbre, duda y sospecha, lo \u00fanico que sale ganando es lo salvaje. Lo arm\u00f3nico no entiende ni conoce las armas del disfraz. Las culturas tienen que volver a ser veh\u00edculo de conciencia justa. Abramos bien los ojos ante las tensiones, las injusticias y las luchas que forman parte de nuestro h\u00e1bitat, mir\u00e9monos de frente, reconduzcamos andares con otros lenguajes m\u00e1s sinceros que permitan movilizar las energ\u00edas humanas, contando con el pleno respeto hacia toda vida. De humanos es corregir errores y quitar piedras del camino; nunca olvidemos de hacerlo en primera persona. El ejemplo comienza por el \u201cyo\u201d. Rechazar ese esp\u00edritu reconciliador, significa continuar enga\u00f1\u00e1ndonos y entrar en la horca del embuste. Tal vez, tambi\u00e9n precisemos invertir mucho m\u00e1s en la educaci\u00f3n de los derechos humanos, cuando menos para neutralizar la discriminaci\u00f3n y las teor\u00edas de las conspiraciones t\u00f3xicas e infundadas.<\/p>\n<p>&nbsp;<\/p>\n<p>En cualquier caso, el persistente y continuo enga\u00f1o social, con sus consabidos c\u00f3mplices de batalla, disimulando la franqueza y disfrazando los designios, nos est\u00e1n preparando un terreno propicio verdaderamente catastr\u00f3fico. Es cierto que el ser humano, por s\u00ed mismo, es un ser que se crece en acci\u00f3n y que vive comunicando, por lo que est\u00e1 continuamente en vilo, entre la verdad y la mentira. Pero, tambi\u00e9n es fundamental reconocer que nada est\u00e1 perdido sobre ning\u00fan camino, que nunca es tarde para o\u00edrse y verse internamente, que es como en esencia aprendemos a fundamentar la concordia en la transparencia de una existencia cotidiana inspirada en el quehacer del donarse sin m\u00e1s. Precisamente, bajo la sombra de la pandemia de COVID-19, donde se han visto las fisuras e inmoralidades que existen desde hace tiempo en nuestras sociedades, lo que ha de llevarnos a trabajar m\u00e1s intensamente en recuperar v\u00ednculos, en sentirnos m\u00e1s familia; y, por ende, m\u00e1s amor, puesto que hemos de sanar las sociedades corrompidas por el odio y la sed de venganza que realmente impera por todo el planeta.<\/p>\n<p>&nbsp;<\/p>\n<p><strong>V\u00edctor CORCOBA HERRERO \/ Escritor<\/strong><\/p>\n<p><strong><a href=\"mailto:corcoba@telefonica.net\">corcoba@telefonica.net<\/a><\/strong><\/p>\n<p><strong>27 de enero de 2021<\/strong><\/p>\n","protected":false},"excerpt":{"rendered":"<p>\u201cDe humanos es corregir errores y quitar piedras del camino; nunca olvidemos de hacerlo en primera persona\u201d \u00a0 ============================= V\u00edctor CORCOBA HERRERO\/ Escritor corcoba@telefonica.net\u00a0\u00a0\u00a0\u00a0\u00a0\u00a0\u00a0\u00a0\u00a0\u00a0\u00a0\u00a0\u00a0\u00a0\u00a0\u00a0\u00a0\u00a0\u00a0\u00a0\u00a0\u00a0\u00a0\u00a0\u00a0\u00a0 =============================&hellip;<\/p>\n","protected":false},"author":99,"featured_media":0,"comment_status":"open","ping_status":"open","sticky":false,"template":"","format":"standard","meta":{"footnotes":""},"categories":[11353,81],"tags":[],"class_list":["post-495848","post","type-post","status-publish","format-standard","hentry","category-algo-mas-que-palabras","category-columnistas"],"_links":{"self":[{"href":"https:\/\/diarioelpopular.com\/index.php\/wp-json\/wp\/v2\/posts\/495848","targetHints":{"allow":["GET"]}}],"collection":[{"href":"https:\/\/diarioelpopular.com\/index.php\/wp-json\/wp\/v2\/posts"}],"about":[{"href":"https:\/\/diarioelpopular.com\/index.php\/wp-json\/wp\/v2\/types\/post"}],"author":[{"embeddable":true,"href":"https:\/\/diarioelpopular.com\/index.php\/wp-json\/wp\/v2\/users\/99"}],"replies":[{"embeddable":true,"href":"https:\/\/diarioelpopular.com\/index.php\/wp-json\/wp\/v2\/comments?post=495848"}],"version-history":[{"count":1,"href":"https:\/\/diarioelpopular.com\/index.php\/wp-json\/wp\/v2\/posts\/495848\/revisions"}],"predecessor-version":[{"id":495849,"href":"https:\/\/diarioelpopular.com\/index.php\/wp-json\/wp\/v2\/posts\/495848\/revisions\/495849"}],"wp:attachment":[{"href":"https:\/\/diarioelpopular.com\/index.php\/wp-json\/wp\/v2\/media?parent=495848"}],"wp:term":[{"taxonomy":"category","embeddable":true,"href":"https:\/\/diarioelpopular.com\/index.php\/wp-json\/wp\/v2\/categories?post=495848"},{"taxonomy":"post_tag","embeddable":true,"href":"https:\/\/diarioelpopular.com\/index.php\/wp-json\/wp\/v2\/tags?post=495848"}],"curies":[{"name":"wp","href":"https:\/\/api.w.org\/{rel}","templated":true}]}}