{"id":495856,"date":"2021-01-28T12:40:48","date_gmt":"2021-01-28T16:40:48","guid":{"rendered":"https:\/\/diarioelpopular.com\/?p=495856"},"modified":"2021-01-28T12:40:48","modified_gmt":"2021-01-28T16:40:48","slug":"pandemia-mostro-debilidades-del-capitalismo","status":"publish","type":"post","link":"https:\/\/diarioelpopular.com\/index.php\/2021\/01\/28\/pandemia-mostro-debilidades-del-capitalismo\/","title":{"rendered":"Pandemia mostr\u00f3 debilidades del capitalismo"},"content":{"rendered":"<div id=\"attachment_495857\" style=\"width: 160px\" class=\"wp-caption alignnone\"><img loading=\"lazy\" decoding=\"async\" aria-describedby=\"caption-attachment-495857\" class=\"size-thumbnail wp-image-495857\" src=\"https:\/\/diarioelpopular.com\/wp-content\/uploads\/2021\/01\/48279b078c19f8013935222dcc6b215b-150x150.jpg\" alt=\"\" width=\"150\" height=\"150\" \/><p id=\"caption-attachment-495857\" class=\"wp-caption-text\"><em>El presidente argentino, Alberto Fern\u00e1ndez, en su \u00faltimo d\u00eda de visita oficial en la Rep\u00fablica de Chile.<\/em><br \/><em>(foto: EPA)<\/em><\/p><\/div>\n<p><em><strong>SANTIAGO DE CHILE, 27 ENE<\/strong><\/em>\u00a0&#8211; El presidente argentino, Alberto Fern\u00e1ndez, sostuvo hoy que &#8220;la pandemia dej\u00f3 al descubierto las debilidades&#8221; del sistema capitalista y abog\u00f3 por la integraci\u00f3n de Am\u00e9rica latina, &#8220;regi\u00f3n que ha estado dividida en los \u00faltimos cuatro a\u00f1os por razones ideol\u00f3gicas&#8221;.<br \/>\nEn la c\u00e1tedra dictada en la sede en Santiago de la Comisi\u00f3n Econ\u00f3mica Para Am\u00e9rica latina y el Caribe (Cepal), el mandatario plante\u00f3 que &#8220;quiz\u00e1s el capitalismo debe reiniciarse&#8221; y mencion\u00f3 el caso del magnate Henry Ford que ampli\u00f3 el bien suntuario del autom\u00f3vil a todos sus trabajadores y no solo a una elite. Para ello innov\u00f3 en el encadenamiento productivo para la producci\u00f3n en masa creando m\u00e1s fuentes laborales y revolucionando el transporte en Estados Unidos, apunt\u00f3.<br \/>\nFern\u00e1ndez, quien concluyo hoy una visita oficial de dos d\u00edas a Chile, se\u00f1al\u00f3 que la pandemia sanitaria &#8220;es mucho m\u00e1s que una enfermedad que se ha llevado vidas. La pandemia ha dejado al descubierto la insuficiencia del sistema&#8221;.<br \/>\nA\u00f1adi\u00f3 que hoy un pa\u00eds no se eval\u00faa por cu\u00e1l creci\u00f3 m\u00e1s, sino que cu\u00e1l cay\u00f3 menos, abundando que afect\u00f3 a ricos y pobres.<br \/>\nRecalc\u00f3 que la crisis demostr\u00f3 que &#8220;las bases econ\u00f3micas no eran s\u00f3lidas, las sociales eran d\u00e9biles, la injusticia exist\u00eda y qued\u00f3 al descubierto y la desigualdad era un problema que se expuso en su modo m\u00e1s perverso&#8221;.<br \/>\nSin embargo, se mostr\u00f3 optimista por considerar que este momento puede convertirse en una oportunidad para &#8220;discutir de otra manera&#8221;, se tiene que enfrentar este cambio que es mundial y &#8220;dar soluci\u00f3n a cada ser humano&#8221; sobre todo de aquellos que quedar\u00e1n sin sustento diario.<br \/>\nUtilizando una analog\u00eda con un mazo de cartas, se\u00f1al\u00f3 que hay que &#8220;volver a mezclar el naipe y distribuir las cartas de otro modo&#8221;.<br \/>\nSe debe entender que &#8220;la riqueza de las sociedades no est\u00e1 en la cantidad de oro que tienen, en los metales, sino en el conocimiento&#8221; y reivindic\u00f3 la educaci\u00f3n p\u00fablica y la inversi\u00f3n en ciencia.<br \/>\nA\u00f1adi\u00f3 que la soluci\u00f3n a los problemas no pasa por los ajustes econ\u00f3micos -&#8220;nuestras sociedades no soportan m\u00e1s la idea del ajuste&#8221;- y sacar derechos sociales, como la educaci\u00f3n.<br \/>\nEn ese sentido, valor\u00f3 que la Universidad de Buenos Aires hoy cuente con un rector (Alberto Babieri) provenga de &#8220;una familia que tiene en \u00e9l al primer graduado y eso lo pudo hacer porque toda la Argentina estaba convencida de la importancia de la educaci\u00f3n p\u00fablica&#8221;. Pero observ\u00f3 que no en toda Am\u00e9rica latina se cuenta con educaci\u00f3n p\u00fablica y por ello que su pa\u00eds recibe a muchos latinoamericanos que llegan a estudiar.<br \/>\n&#8220;Con mucho pesar veo que desde hace cuatro a\u00f1os, Am\u00e9rica latina se ha disociado por diferencias ideol\u00f3gicas&#8221; y que la falta de unidad la ha privado de tener fuerza, incluso en esta etapa para haber podido negociar las vacunas en vez de que cada pa\u00eds bregara en solitario por ellas.<br \/>\nAbog\u00f3 por el afianzamiento del Mercosur &#8220;para hacer de Am\u00e9rica latina una regi\u00f3n integrada&#8221;.<br \/>\n&#8220;Tenemos una gran oportunidad de reconstruir Am\u00e9rica latina&#8221; y acoto que &#8220;por eso estoy en Chile, pa\u00eds que &#8220;est\u00e1 viviendo un momento hist\u00f3rico e irrepetible, que est\u00e1 a punto de construir una Constituci\u00f3n, que es ponerse de acuerdo entre todos sobre los derechos que nos deben regir, es decir el contrato social&#8221;.<br \/>\nA juicio del gobernante del pa\u00eds vecino, &#8220;est\u00e1 a punto de darse a luz otro Chile, que tendr\u00e1 algunas cosas del presente, pero que definir\u00e1 otras para mejorar la vida de los chilenos&#8221;.<\/p>\n","protected":false},"excerpt":{"rendered":"<p>SANTIAGO DE CHILE, 27 ENE\u00a0&#8211; El presidente argentino, Alberto Fern\u00e1ndez, sostuvo hoy que &#8220;la pandemia dej\u00f3 al descubierto las debilidades&#8221; del sistema capitalista y abog\u00f3&hellip;<\/p>\n","protected":false},"author":99,"featured_media":495857,"comment_status":"open","ping_status":"open","sticky":false,"template":"","format":"standard","meta":{"footnotes":""},"categories":[23],"tags":[],"class_list":["post-495856","post","type-post","status-publish","format-standard","has-post-thumbnail","hentry","category-latinoamerica"],"_links":{"self":[{"href":"https:\/\/diarioelpopular.com\/index.php\/wp-json\/wp\/v2\/posts\/495856","targetHints":{"allow":["GET"]}}],"collection":[{"href":"https:\/\/diarioelpopular.com\/index.php\/wp-json\/wp\/v2\/posts"}],"about":[{"href":"https:\/\/diarioelpopular.com\/index.php\/wp-json\/wp\/v2\/types\/post"}],"author":[{"embeddable":true,"href":"https:\/\/diarioelpopular.com\/index.php\/wp-json\/wp\/v2\/users\/99"}],"replies":[{"embeddable":true,"href":"https:\/\/diarioelpopular.com\/index.php\/wp-json\/wp\/v2\/comments?post=495856"}],"version-history":[{"count":1,"href":"https:\/\/diarioelpopular.com\/index.php\/wp-json\/wp\/v2\/posts\/495856\/revisions"}],"predecessor-version":[{"id":495858,"href":"https:\/\/diarioelpopular.com\/index.php\/wp-json\/wp\/v2\/posts\/495856\/revisions\/495858"}],"wp:featuredmedia":[{"embeddable":true,"href":"https:\/\/diarioelpopular.com\/index.php\/wp-json\/wp\/v2\/media\/495857"}],"wp:attachment":[{"href":"https:\/\/diarioelpopular.com\/index.php\/wp-json\/wp\/v2\/media?parent=495856"}],"wp:term":[{"taxonomy":"category","embeddable":true,"href":"https:\/\/diarioelpopular.com\/index.php\/wp-json\/wp\/v2\/categories?post=495856"},{"taxonomy":"post_tag","embeddable":true,"href":"https:\/\/diarioelpopular.com\/index.php\/wp-json\/wp\/v2\/tags?post=495856"}],"curies":[{"name":"wp","href":"https:\/\/api.w.org\/{rel}","templated":true}]}}