{"id":495865,"date":"2021-01-30T12:40:06","date_gmt":"2021-01-30T16:40:06","guid":{"rendered":"https:\/\/diarioelpopular.com\/?p=495865"},"modified":"2021-01-30T12:40:06","modified_gmt":"2021-01-30T16:40:06","slug":"no-le-tengo-miedo-a-covid-19-porque-muchos-canadienses-eligen-viajar-al-extranjero-en-medio-de-la-pandemia","status":"publish","type":"post","link":"https:\/\/diarioelpopular.com\/index.php\/2021\/01\/30\/no-le-tengo-miedo-a-covid-19-porque-muchos-canadienses-eligen-viajar-al-extranjero-en-medio-de-la-pandemia\/","title":{"rendered":"&#8220;No le tengo miedo a Covid-19&#8221;. Porqu\u00e9 muchos canadienses eligen viajar al extranjero en medio de la pandemia"},"content":{"rendered":"<div id=\"attachment_495866\" style=\"width: 160px\" class=\"wp-caption alignnone\"><img loading=\"lazy\" decoding=\"async\" aria-describedby=\"caption-attachment-495866\" class=\"size-thumbnail wp-image-495866\" src=\"https:\/\/diarioelpopular.com\/wp-content\/uploads\/2021\/01\/url-150x150.jpg\" alt=\"\" width=\"150\" height=\"150\" \/><p id=\"caption-attachment-495866\" class=\"wp-caption-text\"><em>Las playas repletas de turistas, principalmente estadounidenses, dice una canadiense en su visita a Canc\u00fan.<\/em><\/p><\/div>\n<h4><em><strong>&#8211; A pesar de las innumerables advertencias de viaje de los funcionarios gubernamentales y de salud, los canadienses siguen viajando por todo el mundo durante una pandemia mortal.<\/strong><\/em><\/h4>\n<h4><em><strong>&#8211; Ontario report\u00f3 este s\u00e1bado 73 muertes m\u00e1s relacionadas con COVID-19, 2,063 casos<\/strong><\/em><\/h4>\n<p>El primer ministro Justin Trudeau anunci\u00f3 este viernes nuevas restricciones de viaje, incluida una cuarentena obligatoria de tres d\u00edas en el hotel pagado del bolsillo de los mismos viajeros, para ayudar a detener la propagaci\u00f3n del COVID-19.<\/p>\n<p>Trudeau ha advertido a los canadienses contra los viajes no esenciales durante meses en medio del aumento de casos de coronavirus y nuevas variantes que han surgido en el Reino Unido, Sud\u00e1frica y Brasil.<\/p>\n<p>&#8220;Con los desaf\u00edos que enfrentamos actualmente con COVID-19, tanto aqu\u00ed en casa como en el extranjero, todos estamos de acuerdo en que ahora no es el momento de volar&#8221;, dijo Trudeau.<\/p>\n<p>&#8220;Al implementar estas medidas estrictas ahora, podemos esperar un mejor momento, cuando todos podamos planificar esas vacaciones&#8221;.<\/p>\n<p>La decisi\u00f3n de restringir los viajes se produce m\u00e1s de un a\u00f1o despu\u00e9s de que se descubriera por primera vez el primer caso de COVID-19 en Canad\u00e1. A pesar de las restricciones y advertencias, los canadienses, entre ellos decenas de pol\u00edticos, han seguido viajando al extranjero.<\/p>\n<p><em><strong>&#8220;Fue una locura en Canc\u00fan&#8221;<\/strong><\/em><\/p>\n<p>Ana Marshall, quien vive en Toronto, dijo que debido a que es solo una recomendaci\u00f3n de no viajar y no una prohibici\u00f3n total, recientemente se fue de vacaciones a Canc\u00fan, M\u00e9xico durante las vacaciones con su familia.<\/p>\n<p>\u201cVoy una vez al a\u00f1o a M\u00e9xico. Pens\u00e9 mucho en si deber\u00eda ir este a\u00f1o, ten\u00eda reservas &#8230; pero verifiqu\u00e9 los n\u00fameros de coronavirus antes de irme y la tasa de infecci\u00f3n no era alta \u201d, dijo.<\/p>\n<p>Pero una vez que lleg\u00f3 a Canc\u00fan, dijo que lo pens\u00f3 mejor.<\/p>\n<p>\u201cHab\u00eda mucha gente en Canc\u00fan, el aeropuerto estaba lleno\u2026 el hotel estaba lleno. No hab\u00eda muchos canadienses en el hotel, pero s\u00ed muchos estadounidenses. Empec\u00e9 a pensar que fue un gran error \u201d, dijo Marshall.<\/p>\n<p>A pesar de la multitud, quer\u00eda aprovecharlo al m\u00e1ximo. Su familia trat\u00f3 de estar lo m\u00e1s segura posible, mantuvieron la distancia de los dem\u00e1s y pudieron disfrutar del sol en la playa, dijo.<\/p>\n<p>\u201cPero nadie llevaba una m\u00e1scara. Hab\u00eda tanta gente en la piscina del hotel. En alg\u00fan momento, pens\u00e9, &#8216;esto es una locura&#8217;, ya que nadie se conoc\u00eda, pero todos se estaban reuniendo y dando v\u00edtores entre s\u00ed con sus bebidas y bailando. No hubo distanciamiento social \u201d.<\/p>\n<p>Marshall dijo que volaron de regreso a Canad\u00e1 antes de que el gobierno implementara las pruebas obligatorias.<\/p>\n<p>A partir del 7 de enero, los canadienses deben tener una prueba COVID-19 negativa dentro de las 72 horas posteriores a su salida programada y deben mostrar los resultados a su aerol\u00ednea antes de abordar su vuelo.<\/p>\n<p>Su familia hizo la cuarentena obligatoria de 14 d\u00edas cuando regresaron y dijo que su hija necesitaba hacerse una prueba de COVID-19 para poder volver al trabajo. Result\u00f3 negativo.<\/p>\n<p>\u201cMe siento culpable por ir, pero fuimos muy cuidadosos y tratamos de estar seguros todo el tiempo\u201d, dijo.<\/p>\n<p>Marshall planea ir a ver a su familia en Chile en los pr\u00f3ximos meses, pero dijo que si Trudeau impone restricciones de viaje m\u00e1s severas, cancelar\u00e1 sus planes y se quedar\u00e1 en casa.<\/p>\n<div id=\"attachment_495867\" style=\"width: 160px\" class=\"wp-caption alignnone\"><img loading=\"lazy\" decoding=\"async\" aria-describedby=\"caption-attachment-495867\" class=\"size-thumbnail wp-image-495867\" src=\"https:\/\/diarioelpopular.com\/wp-content\/uploads\/2021\/01\/calgary-150x150.png\" alt=\"\" width=\"150\" height=\"150\" \/><p id=\"caption-attachment-495867\" class=\"wp-caption-text\"><em>Pareja de Calgary atrapada en Barbados suplicando al gobierno canadiense que lleve a su hijo enfermo a casa.<\/em><\/p><\/div>\n<p><strong><em>El derecho a la libertad de movimiento frente a los riesgos para la salud<\/em><\/strong><\/p>\n<p>Actualmente, el derecho a la libertad de movimiento est\u00e1 sancionado en la Secci\u00f3n 6 de la Carta Canadiense de Derechos y Libertades, que dice: &#8220;Todos los ciudadanos de Canad\u00e1 tienen derecho a entrar, permanecer y salir de Canad\u00e1&#8221;.<\/p>\n<p>Por lo tanto, las vacaciones en M\u00e9xico pueden estar mal vistas, pero no es ilegal.<\/p>\n<p>\u201cPara los canadienses, tenemos el derecho de entrar y salir de Canad\u00e1 y tambi\u00e9n para moverse de una provincia a otra para vivir y trabajar\u201d, \u200b\u200bdijo Martha Jackman, profesora de derecho de la Universidad de Ottawa, a Global News el 7 de enero.<\/p>\n<p>&#8220;Cualquier restricci\u00f3n que se imponga a esa movilidad est\u00e1 sujeta a revisi\u00f3n de la carta y tendr\u00eda que justificarse como un l\u00edmite razonable a los derechos de carta de los canadienses&#8221;.<\/p>\n<p>Colin Furness, epidemi\u00f3logo de control de infecciones y profesor asistente de la Universidad de Toronto, argument\u00f3 que el hecho de que viajar no est\u00e9 prohibido no significa que los canadienses deban hacerlo.<\/p>\n<p>&#8220;Hay riesgos para la salud directos e indirectos&#8221;, dijo Furness. &#8220;El mundo es muy peligroso en este momento y hay otras variantes de las que no sabemos mucho&#8221;.<\/p>\n<p>Pero argument\u00f3 que pa\u00edses como M\u00e9xico pueden no tener la capacidad de prueba, lo que significa que podr\u00eda haber variantes peligrosas del coronavirus all\u00ed que a\u00fan no conocemos.<\/p>\n<p>No solo las personas que viajan ponen en peligro sus propias vidas, dijo, sino tambi\u00e9n a las personas que las rodean.<\/p>\n<p>\u201cCada vez que un avi\u00f3n aterriza en Toronto, aumentamos las posibilidades de propagar el virus a personas que no tienen la capacidad de protegerse\u201d, dijo.<\/p>\n<p><em><strong>Un canadiense atrapado en el extranjero<\/strong><\/em><\/p>\n<p>La canadiense Jennifer Johnson, de 39 a\u00f1os, se encuentra actualmente en Dubai con su esposo y su hijo de 12 a\u00f1os.<\/p>\n<p>Sin embargo, a diferencia de otros canadienses que decidieron viajar durante el COVID-19, Johnson ya estaba al otro lado del mundo cuando se produjo la pandemia. Lleva viviendo con una maleta m\u00e1s de un a\u00f1o.<\/p>\n<p>En septiembre de 2019, a su esposo, que trabaja en petr\u00f3leo y gas, se le ofreci\u00f3 un contrato en Turkmenist\u00e1n. Vendieron su casa en Halifax, pero debido a complicaciones con la visa, Johnson y su hijo no pudieron reunirse con su esposo en Turkmenist\u00e1n. As\u00ed que decidieron viajar por el mundo.<\/p>\n<p>\u201cEst\u00e1bamos en India cuando el coronavirus todav\u00eda estaba solo en China. Recuerdo que pens\u00e9 que probablemente deber\u00eda ir a un lugar c\u00f3modo. As\u00ed que el 12 de marzo abordamos un vuelo a Sri Lanka. Fuimos uno de los \u00faltimos en llegar a Sri Lanka antes de que cerrara sus fronteras \u201d, dijo Johnson.<\/p>\n<p>Y cuando llegaron, el pa\u00eds entr\u00f3 en un bloqueo total.<\/p>\n<p>\u201cFue un cierre severo, no pudimos salir de nuestra casa y ni siquiera se permiti\u00f3 a nadie en la carretera\u201d, dijo.<\/p>\n<p>Sin embargo, en julio las restricciones comenzaron a aflojarse lentamente, y ella dijo que ella y su hijo finalmente pudieron salir y viajar por el pa\u00eds un poco m\u00e1s.<\/p>\n<p>En agosto, la visa de Johnson para Sri Lanka expiraba, por lo que tuvo que buscar otro lugar para vivir. A\u00fan no pod\u00eda ver a su marido pero quer\u00eda estar cerca del campo.<\/p>\n<p>\u201cNecesit\u00e1bamos encontrar un pa\u00eds que fuera asequible y un pa\u00eds que tambi\u00e9n estuviera abierto a los viajeros, as\u00ed que nos mudamos (temporalmente) a Turqu\u00eda\u201d, dijo.<\/p>\n<p>Despu\u00e9s de unos meses, dijo que pudo reunirse con su esposo y cuando su visa se agot\u00f3 en Turqu\u00eda, el 8 de enero, decidieron dirigirse a Dubai.<\/p>\n<p>Aunque planea quedarse all\u00ed unos meses m\u00e1s, dijo que su familia en Canad\u00e1 ha expresado su preocupaci\u00f3n por su seguridad.<\/p>\n<p>\u201cToda mi familia est\u00e1 en Quebec, y si quisiera irme a casa, estar\u00edan bien si me quedaba all\u00ed &#8230; pero no quiero volver a Canad\u00e1. Hay mucho que ver &#8220;.<\/p>\n<p><em><strong>&#8220;Nunca me sent\u00ed inseguro&#8221;<\/strong><\/em><\/p>\n<p>A pesar de las pruebas y las reglas de cuarentena, parece que algunos canadienses todav\u00eda est\u00e1n ansiosos por viajar al extranjero.<\/p>\n<p>Danielle, una mujer de 30 a\u00f1os que vive en las afueras de Toronto, regres\u00f3 recientemente de un viaje a las Bahamas y le dijo a Global News que planea viajar tambi\u00e9n a Estados Unidos.<\/p>\n<p>Global News no public\u00f3 el apellido de Danielle en una solicitud para mantener el anonimato.<\/p>\n<p>\u201cMis amigos estadounidenses segu\u00edan invit\u00e1ndome a ir de viaje, pero era en verano y no sab\u00eda si a\u00fan era seguro, as\u00ed que decid\u00ed esperar y ver qu\u00e9 pasaba\u201d, dijo.<\/p>\n<p>Pero despu\u00e9s de sopesar sus opciones durante unos meses, Danielle dijo que decidi\u00f3 ir a Cabo y las Bahamas durante las vacaciones con algunos amigos.<\/p>\n<p>Lo siguiente en su lista era dirigirse a Florida para ver a algunos amigos.<\/p>\n<p>&#8220;No me molesta del todo porque no le tengo miedo a COVID &#8230; pero con respecto a los ancianos, no volver\u00eda a casa e ir\u00eda directamente a ver a mi abuela&#8221;.<\/p>\n<p>Lo siguiente en su lista era dirigirse a Florida para ver a algunos amigos.<\/p>\n<p>&#8220;No me molesta del todo porque no le tengo miedo a COVID &#8230; pero con respecto a los ancianos, no volver\u00eda a casa e ir\u00eda directamente a ver a mi abuela&#8221;.<\/p>\n<p>&nbsp;<\/p>\n<h4><em><strong>Ontario reporta 73 muertes m\u00e1s relacionadas con COVID-19, 2,063 casos<\/strong><\/em><\/h4>\n<p>Actualizado s\u00e1bado 30 de enero de 2021 11:23 a.m.<\/p>\n<p>Ontario inform\u00f3 este s\u00e1bado 2.063 nuevos casos del nuevo coronavirus, lo que eleva el n\u00famero total de casos en la provincia a 266.363.<\/p>\n<p>\u201cA nivel local, hay 713 casos nuevos en Toronto, 379 en Peel y 178 en la regi\u00f3n de York\u201d, dijo la ministra de Salud, Christine Elliott.<\/p>\n<p>Un total de 240,494 casos de COVID-19 se consideran resueltos, lo que representa un aumento de 2,623.<\/p>\n<p>Tambi\u00e9n se informaron setenta y tres muertes adicionales el s\u00e1bado, lo que eleva el n\u00famero de muertos en la provincia a 6.145.<\/p>\n<p>Se completaron casi 59.600 pruebas adicionales. Ontario ha completado un total de 9,624,165 pruebas y 31,463 siguen bajo investigaci\u00f3n.<\/p>\n<p>La provincia indic\u00f3 que la tasa de positividad para el \u00faltimo d\u00eda fue de 3.3 por ciento, que es igual a los dos \u00faltimos d\u00edas y est\u00e1 por debajo del informe del s\u00e1bado pasado, cuando fue de 4.5 por ciento.<\/p>\n<p>Las cifras provinciales mostraron que hay 1.273 personas hospitalizadas con el virus (una disminuci\u00f3n de 18), con 353 en cuidados intensivos (una disminuci\u00f3n de siete), 216 de las cuales est\u00e1n en un ventilador (una disminuci\u00f3n de 55).<\/p>\n<p>A continuaci\u00f3n, se muestra un desglose de los casos de Ontario por edad y sexo:<\/p>\n<p>130,356 personas son hombres<br \/>\n134,528 personas son mujeres<br \/>\n34,787 personas tienen 19 a\u00f1os o menos<br \/>\n97,405 personas tienen entre 20 y 39 a\u00f1os<br \/>\n76,874 personas tienen entre 40 y 59 a\u00f1os<br \/>\n38.455 personas tienen entre 60 y 79 a\u00f1os<br \/>\n18.802 personas tienen 80 a\u00f1os o m\u00e1s<br \/>\nLa provincia se\u00f1ala que no todos los casos tienen una edad o sexo reportados.<\/p>\n<p>La provincia tambi\u00e9n se\u00f1ala que la cantidad de casos notificados p\u00fablicamente cada d\u00eda puede no coincidir con los recuentos de casos notificados por la unidad de salud p\u00fablica local en un d\u00eda determinado. Las unidades de salud p\u00fablica locales informan cu\u00e1ndo se les notific\u00f3 por primera vez de un caso, que puede actualizarse y cambiarse a medida que la informaci\u00f3n est\u00e9 disponible. Los datos tambi\u00e9n se pueden extraer en diferentes momentos.<\/p>\n<p>Seg\u00fan el Ministerio de Cuidados a Largo Plazo, se han reportado 3.516 muertes entre residentes y pacientes en hogares de cuidados a largo plazo en Ontario, lo que representa un aumento de 25. Actualmente hay 227 brotes en hogares de cuidados a largo plazo, 118 de que se informa que no tienen casos de residentes.<\/p>\n<p>Hay 911 casos activos entre los residentes de cuidados a largo plazo y 883 entre el personal.<\/p>\n<p>A partir de las 8 p.m. Viernes, se administraron 336,828 dosis de la vacuna COVID-19 en Ontario, lo que representa un aumento de 9,373. Hasta ahora, 67,787 personas han recibido las dos dosis requeridas de las vacunas Pfizer o Moderna.<\/p>\n","protected":false},"excerpt":{"rendered":"<p>&#8211; A pesar de las innumerables advertencias de viaje de los funcionarios gubernamentales y de salud, los canadienses siguen viajando por todo el mundo durante&hellip;<\/p>\n","protected":false},"author":99,"featured_media":495866,"comment_status":"open","ping_status":"open","sticky":false,"template":"","format":"standard","meta":{"footnotes":""},"categories":[21,11191],"tags":[],"class_list":["post-495865","post","type-post","status-publish","format-standard","has-post-thumbnail","hentry","category-canada","category-top-news"],"_links":{"self":[{"href":"https:\/\/diarioelpopular.com\/index.php\/wp-json\/wp\/v2\/posts\/495865","targetHints":{"allow":["GET"]}}],"collection":[{"href":"https:\/\/diarioelpopular.com\/index.php\/wp-json\/wp\/v2\/posts"}],"about":[{"href":"https:\/\/diarioelpopular.com\/index.php\/wp-json\/wp\/v2\/types\/post"}],"author":[{"embeddable":true,"href":"https:\/\/diarioelpopular.com\/index.php\/wp-json\/wp\/v2\/users\/99"}],"replies":[{"embeddable":true,"href":"https:\/\/diarioelpopular.com\/index.php\/wp-json\/wp\/v2\/comments?post=495865"}],"version-history":[{"count":1,"href":"https:\/\/diarioelpopular.com\/index.php\/wp-json\/wp\/v2\/posts\/495865\/revisions"}],"predecessor-version":[{"id":495868,"href":"https:\/\/diarioelpopular.com\/index.php\/wp-json\/wp\/v2\/posts\/495865\/revisions\/495868"}],"wp:featuredmedia":[{"embeddable":true,"href":"https:\/\/diarioelpopular.com\/index.php\/wp-json\/wp\/v2\/media\/495866"}],"wp:attachment":[{"href":"https:\/\/diarioelpopular.com\/index.php\/wp-json\/wp\/v2\/media?parent=495865"}],"wp:term":[{"taxonomy":"category","embeddable":true,"href":"https:\/\/diarioelpopular.com\/index.php\/wp-json\/wp\/v2\/categories?post=495865"},{"taxonomy":"post_tag","embeddable":true,"href":"https:\/\/diarioelpopular.com\/index.php\/wp-json\/wp\/v2\/tags?post=495865"}],"curies":[{"name":"wp","href":"https:\/\/api.w.org\/{rel}","templated":true}]}}