{"id":495931,"date":"2021-02-06T13:56:24","date_gmt":"2021-02-06T17:56:24","guid":{"rendered":"https:\/\/diarioelpopular.com\/?p=495931"},"modified":"2021-02-06T13:56:24","modified_gmt":"2021-02-06T17:56:24","slug":"ontario-comenzara-la-reapertura-gradual-de-la-economia-la-proxima-semana","status":"publish","type":"post","link":"https:\/\/diarioelpopular.com\/index.php\/2021\/02\/06\/ontario-comenzara-la-reapertura-gradual-de-la-economia-la-proxima-semana\/","title":{"rendered":"Ontario comenzar\u00e1 la reapertura gradual de la econom\u00eda la pr\u00f3xima semana"},"content":{"rendered":"<p><img loading=\"lazy\" decoding=\"async\" class=\"alignnone size-custom-full-size wp-image-495932\" src=\"https:\/\/diarioelpopular.com\/wp-content\/uploads\/2021\/02\/Screen-Shot-2021-02-06-at-12.49.54-PM-636x350.png\" alt=\"\" width=\"636\" height=\"350\" srcset=\"https:\/\/diarioelpopular.com\/wp-content\/uploads\/2021\/02\/Screen-Shot-2021-02-06-at-12.49.54-PM-636x350.png 636w, https:\/\/diarioelpopular.com\/wp-content\/uploads\/2021\/02\/Screen-Shot-2021-02-06-at-12.49.54-PM-300x165.png 300w, https:\/\/diarioelpopular.com\/wp-content\/uploads\/2021\/02\/Screen-Shot-2021-02-06-at-12.49.54-PM-768x422.png 768w, https:\/\/diarioelpopular.com\/wp-content\/uploads\/2021\/02\/Screen-Shot-2021-02-06-at-12.49.54-PM-133x73.png 133w, https:\/\/diarioelpopular.com\/wp-content\/uploads\/2021\/02\/Screen-Shot-2021-02-06-at-12.49.54-PM.png 1024w\" sizes=\"auto, (max-width: 636px) 100vw, 636px\" \/><\/p>\n<h4><em><strong>&#8211; Ontario comenzar\u00e1 a reabrir gradualmente su econom\u00eda la pr\u00f3xima semana, comenzando con las regiones que tienen menos casos de COVID-19, seg\u00fan supo The Canadian Press.<\/strong><\/em><\/h4>\n<h4><em><strong>&#8211; Se reportan este s\u00e1bado 1.388 casos de coronavirus, 45 muertes<\/strong><\/em><\/h4>\n<p><em><strong>TORONTO &#8211;<\/strong><\/em> Se espera que el premier Doug Ford anuncie este lunes que el estado de emergencia declarado el mes pasado podr\u00e1 expirar seg\u00fan lo programado el 9 de febrero, dijo una fuente gubernamental de alto nivel con conocimiento de la decisi\u00f3n.<\/p>\n<p>Seg\u00fan el plan, la provincia tendr\u00e1 un &#8220;freno de emergencia&#8221; para permitir que el gobierno mueva r\u00e1pidamente una regi\u00f3n al bloqueo si &#8220;experimenta una aceleraci\u00f3n r\u00e1pida en la transmisi\u00f3n de COVID-19 o si el sistema de atenci\u00f3n m\u00e9dica se ve abrumado&#8221;.<\/p>\n<p>La medida est\u00e1 destinada a ayudar a lidiar con el riesgo que representan las nuevas variantes de COVID-19, dijo la fuente, que no estaba autorizada a hablar p\u00fablicamente.<\/p>\n<p>La orden actual de quedarse en casa se mantendr\u00e1 en gran parte de la provincia hasta que cada regi\u00f3n vuelva a un marco codificado por colores que le permita a la provincia clasificar las unidades de salud seg\u00fan el n\u00famero de casos y las tendencias.<\/p>\n<p>La reapertura gradual de la econom\u00eda comenzar\u00e1 en cuatro regiones donde la transmisi\u00f3n del virus es baja.<\/p>\n<p>Se espera que las unidades de salud en Hastings Prince Edward, Kingston, Frontenac y Lennox y Addington, el condado de Renfrew y Timiskaming se muden a la zona verde menos restrictiva el mi\u00e9rcoles, lo que significa que los restaurantes y negocios no esenciales pueden reabrir.<\/p>\n<p>En la semana del 15 de febrero, todas las regiones restantes, excepto tres puntos calientes en el \u00e1rea metropolitana de Toronto, se trasladar\u00e1n al marco en funci\u00f3n de sus tasas de casos locales.<\/p>\n<p>Los defensores presionan por la vacunaci\u00f3n urgente de las personas sin hogar en Toronto en medio de los brotes de COVID-19<\/p>\n<p>Se espera que Toronto, la regi\u00f3n de Peel y la regi\u00f3n de York sean las \u00faltimas en hacer esa transici\u00f3n en la semana del 22 de febrero, pero la fuente dijo que cualquier aumento repentino en los casos podr\u00eda retrasar ese plan.<\/p>\n<p>Se impuso un bloqueo provincial a fines de diciembre y fue seguido por el estado de emergencia y una orden de quedarse en casa que entr\u00f3 en vigencia el 14 de enero a medida que aumentaban las tarifas de COVID-19.<\/p>\n<p>Si bien los casos han disminuido desde entonces, los funcionarios de salud p\u00fablica han dicho que la propagaci\u00f3n de variantes m\u00e1s contagiosas de COVID-19 es una preocupaci\u00f3n.<\/p>\n<p>El director m\u00e9dico de salud de Ontario, el Dr. David Williams, ha dicho que le gustar\u00eda ver que los casos diarios cayeran por debajo de los 1,000 y el n\u00famero de pacientes con COVID-19 en las unidades de cuidados intensivos del hospital por debajo de 150 antes de levantar las restricciones.<\/p>\n<p>Los funcionarios de salud p\u00fablica notaron que las actualizaciones de la base de datos de casos provinciales estaban causando fluctuaciones en los recuentos de esta semana.<\/p>\n<p>La provincia tambi\u00e9n dijo que hab\u00eda 325 pacientes con COVID-19 en las unidades de cuidados intensivos hospitalarios, con 225 en ventiladores.<\/p>\n<p>&nbsp;<\/p>\n<h4><em><strong>Ontario report\u00f3 este s\u00e1bado 1.388 casos de coronavirus, 45 muertes<\/strong><\/em><\/h4>\n<p><em>Actualizado s\u00e1bado 6 de febrero de 2021 12:39 p.m.<\/em><\/p>\n<p>Ontario inform\u00f3 hoy s\u00e1bado 1388 casos del nuevo coronavirus, lo que eleva el n\u00famero total de casos en la provincia a 276,718.<\/p>\n<p>\u201cA nivel local, hay 455 casos nuevos en Toronto, 288 en Peel y 131 en la regi\u00f3n de York\u201d, dijo la ministra de Salud Christine Elliott.<\/p>\n<p>Un total de 254,966 casos de COVID-19 se consideran resueltos, lo que representa un aumento de 1,796 y es el 92.1 por ciento de todos los casos conocidos.<\/p>\n<p>Tambi\u00e9n se informaron cuarenta y cinco muertes adicionales el s\u00e1bado, lo que elev\u00f3 el n\u00famero de muertos en la provincia a 6.483.<\/p>\n<p>Se completaron m\u00e1s de 62,300 pruebas adicionales. Ontario ha completado un total de 9,974,364 pruebas y 31,924 siguen bajo investigaci\u00f3n.<\/p>\n<p>La provincia indic\u00f3 que la tasa de positividad para el \u00faltimo d\u00eda fue del 2,6 por ciento, que es ligeramente superior al informe del viernes, cuando fue del 2,5 por ciento, y est\u00e1 por debajo del informe del s\u00e1bado pasado, cuando fue del 3,3 por ciento.<\/p>\n<p>Las cifras provinciales mostraron que hay 1.021 personas hospitalizadas con el virus (una disminuci\u00f3n de 22), 325 en cuidados intensivos (sin cambios), 228 de las cuales est\u00e1n en un ventilador (un aumento de tres).<\/p>\n<p>A continuaci\u00f3n, se muestra un desglose de los casos de Ontario por edad y sexo:<\/p>\n<p>135,373 personas son hombres<br \/>\n139,751 personas son mujeres<br \/>\n36,176 personas tienen 19 a\u00f1os o menos<br \/>\n101,131 personas tienen entre 20 y 39 a\u00f1os<br \/>\n80,017 personas tienen entre 40 y 59 a\u00f1os<br \/>\n39,976 personas tienen 60 a 79<br \/>\n19,368 personas tienen 80 a\u00f1os o m\u00e1s<\/p>\n<p>La provincia se\u00f1ala que no todos los casos tienen una edad o sexo reportados.<\/p>\n<p>La provincia tambi\u00e9n se\u00f1ala que la cantidad de casos notificados p\u00fablicamente cada d\u00eda puede no coincidir con los recuentos de casos notificados por la unidad de salud p\u00fablica local en un d\u00eda determinado. Las unidades de salud p\u00fablica locales informan cu\u00e1ndo se les notific\u00f3 por primera vez de un caso, que puede actualizarse y cambiarse a medida que la informaci\u00f3n est\u00e9 disponible. Los datos tambi\u00e9n se pueden extraer en diferentes momentos.<\/p>\n<p>Seg\u00fan el Ministerio de Cuidados a Largo Plazo, se han reportado 3.654 muertes entre residentes y pacientes en hogares de cuidados a largo plazo en Ontario, lo que representa un aumento de 14. Actualmente hay 208 brotes en hogares de cuidados a largo plazo, 115 de los cuales que se informa que no tienen casos de residentes.<\/p>\n<p>Hay 523 casos activos entre los residentes de cuidados a largo plazo y 707 entre el personal.<\/p>\n<p>A partir de las 8 p.m. Viernes, se administraron 372,666 dosis de la vacuna COVID-19 en Ontario, lo que representa un aumento de 9,917. Hasta ahora, 96,573 personas han recibido las dos dosis requeridas de las vacunas Pfizer o Moderna.<\/p>\n","protected":false},"excerpt":{"rendered":"<p>&#8211; Ontario comenzar\u00e1 a reabrir gradualmente su econom\u00eda la pr\u00f3xima semana, comenzando con las regiones que tienen menos casos de COVID-19, seg\u00fan supo The Canadian&hellip;<\/p>\n","protected":false},"author":99,"featured_media":495932,"comment_status":"open","ping_status":"open","sticky":false,"template":"","format":"standard","meta":{"footnotes":""},"categories":[21,11191],"tags":[],"class_list":["post-495931","post","type-post","status-publish","format-standard","has-post-thumbnail","hentry","category-canada","category-top-news"],"_links":{"self":[{"href":"https:\/\/diarioelpopular.com\/index.php\/wp-json\/wp\/v2\/posts\/495931","targetHints":{"allow":["GET"]}}],"collection":[{"href":"https:\/\/diarioelpopular.com\/index.php\/wp-json\/wp\/v2\/posts"}],"about":[{"href":"https:\/\/diarioelpopular.com\/index.php\/wp-json\/wp\/v2\/types\/post"}],"author":[{"embeddable":true,"href":"https:\/\/diarioelpopular.com\/index.php\/wp-json\/wp\/v2\/users\/99"}],"replies":[{"embeddable":true,"href":"https:\/\/diarioelpopular.com\/index.php\/wp-json\/wp\/v2\/comments?post=495931"}],"version-history":[{"count":1,"href":"https:\/\/diarioelpopular.com\/index.php\/wp-json\/wp\/v2\/posts\/495931\/revisions"}],"predecessor-version":[{"id":495933,"href":"https:\/\/diarioelpopular.com\/index.php\/wp-json\/wp\/v2\/posts\/495931\/revisions\/495933"}],"wp:featuredmedia":[{"embeddable":true,"href":"https:\/\/diarioelpopular.com\/index.php\/wp-json\/wp\/v2\/media\/495932"}],"wp:attachment":[{"href":"https:\/\/diarioelpopular.com\/index.php\/wp-json\/wp\/v2\/media?parent=495931"}],"wp:term":[{"taxonomy":"category","embeddable":true,"href":"https:\/\/diarioelpopular.com\/index.php\/wp-json\/wp\/v2\/categories?post=495931"},{"taxonomy":"post_tag","embeddable":true,"href":"https:\/\/diarioelpopular.com\/index.php\/wp-json\/wp\/v2\/tags?post=495931"}],"curies":[{"name":"wp","href":"https:\/\/api.w.org\/{rel}","templated":true}]}}