{"id":495938,"date":"2021-02-06T14:16:35","date_gmt":"2021-02-06T18:16:35","guid":{"rendered":"https:\/\/diarioelpopular.com\/?p=495938"},"modified":"2021-02-06T14:16:35","modified_gmt":"2021-02-06T18:16:35","slug":"ecuador-elecciones-en-pandemia","status":"publish","type":"post","link":"https:\/\/diarioelpopular.com\/index.php\/2021\/02\/06\/ecuador-elecciones-en-pandemia\/","title":{"rendered":"Ecuador: Elecciones en pandemia"},"content":{"rendered":"<div id=\"attachment_495939\" style=\"width: 160px\" class=\"wp-caption alignnone\"><img loading=\"lazy\" decoding=\"async\" aria-describedby=\"caption-attachment-495939\" class=\"size-thumbnail wp-image-495939\" src=\"https:\/\/diarioelpopular.com\/wp-content\/uploads\/2021\/02\/d6b72f51bb760837d6fc27159f49a35f-150x150.jpg\" alt=\"\" width=\"150\" height=\"150\" \/><p id=\"caption-attachment-495939\" class=\"wp-caption-text\"><em>Campa\u00f1a electoral en Ecuador.<\/em><br \/><em>(foto: ANSA)<\/em><\/p><\/div>\n<p><em><strong>QUITO, 06 FEB &#8211;<\/strong> <\/em>Este domingo los ecuatorianos ir\u00e1n a las urnas para elegir al sucesor del presidente Len\u00edn Moreno, bajo la sombra inquietante de la pandemia del Covid-19 que dej\u00f3 hasta el momento al pa\u00eds andino con un total de 14.982 fallecidos y 255.412 contagiados.<br \/>\nAl menos 13.099.150 ciudadanos est\u00e1n habilitados para votar en los 4.276 recintos electorales dispuestos por el Consejo Nacional Electoral (CNE), que estableci\u00f3 una serie de medidas sanitarias para los electores que incluye el uso de barbijo y desinfectante, llevar bol\u00edgrafo propio y acudir sin acompa\u00f1ante a la mesa de votaci\u00f3n.<br \/>\nPara evitar aglomeraciones, el CNE estableci\u00f3 una jornada electoral en dos tiempos y el ingreso a los puestos de votaci\u00f3n depender\u00e1 del \u00faltimo n\u00famero de la c\u00e9dula de identidad; en la ma\u00f1ana los pares, en la tarde los impares.<br \/>\nEn total, son 16 los candidatos que est\u00e1n en la disputa presidencial.<br \/>\nLa baraja de aspirantes incluye entre otros a un expresidente, un soci\u00f3logo, un aborigen y hasta un cantante.<br \/>\nSin embargo, los reflectores medi\u00e1ticos han apuntado a dos candidatos en particular: el economista Andr\u00e9s Arauz, de apenas 35 a\u00f1os, del izquierdista Movimiento Centro Democr\u00e1tico y abanderado de las ideas de Rafael Correa del que fue su ministro; y el banquero Guillermo Lasso, de 65 a\u00f1os, del conservador Movimiento Creo y el partido Social Cristiano.<br \/>\nArauz propone una reactivaci\u00f3n econ\u00f3mica inmediata, a trav\u00e9s de un plan de construcci\u00f3n de obras p\u00fablicas que d\u00e9 apertura a plazas laborales y hasta la entrega de un bono de mil d\u00f3lares para cada familia, a fin de reactivar la alica\u00eddas finanzas del pa\u00eds, cuyo PIB cay\u00f3 un 9,5% en 2020 y con una tasa de desempleo del 6,6% y de subempleo del 23,4%.<br \/>\nLasso, quien se presenta por tercera ocasi\u00f3n consecutiva a las presidenciales, maneja un discurso de corte neoliberal de privatizaciones y apertura de mercados como f\u00f3rmula para superar la grave crisis econ\u00f3mica que atraviesa el pa\u00eds, producto de la pandemia.<br \/>\nLa crisis, de hecho, es el tema que preocupa a los ecuatorianos, seg\u00fan varios de los encuestadores locales.<br \/>\nLos sondeos hechos en las \u00faltimas semanas por cuatro encuestadoras arrojaron que los indecisos, frente a la amplia variedad de aspirantes, se mueven en m\u00e1rgenes que van desde el 30% hasta el 60%, aunque todos coinciden que adem\u00e1s del desempleo la otra preocupaci\u00f3n es el contagio del Covid-19. El CNE autoriz\u00f3 a seis empresas para entregar datos a boca de urna despu\u00e9s del cierre de las urnas, que abrir\u00e1n a las 7 horas locales (12 GMT) y cerrar\u00e1n a las 17 horas (22 GMT).<br \/>\nAdem\u00e1s de las presidenciales, los ecuatorianos elegir\u00e1n 15 asamble\u00edstas nacionales, 116 provid\u00e9nciales y cinco del exterior, adem\u00e1s de cinco miembros del Parlamento Andino.<br \/>\nEn caso de balotaje, los ecuatorianos volver\u00edan a las urnas el pr\u00f3ximo 11 de abril, y quien resulte elegido presidente asumir\u00e1 las riendas del pa\u00eds el 24 de mayo.<\/p>\n","protected":false},"excerpt":{"rendered":"<p>QUITO, 06 FEB &#8211; Este domingo los ecuatorianos ir\u00e1n a las urnas para elegir al sucesor del presidente Len\u00edn Moreno, bajo la sombra inquietante de&hellip;<\/p>\n","protected":false},"author":99,"featured_media":495939,"comment_status":"open","ping_status":"open","sticky":false,"template":"","format":"standard","meta":{"footnotes":""},"categories":[23],"tags":[],"class_list":["post-495938","post","type-post","status-publish","format-standard","has-post-thumbnail","hentry","category-latinoamerica"],"_links":{"self":[{"href":"https:\/\/diarioelpopular.com\/index.php\/wp-json\/wp\/v2\/posts\/495938","targetHints":{"allow":["GET"]}}],"collection":[{"href":"https:\/\/diarioelpopular.com\/index.php\/wp-json\/wp\/v2\/posts"}],"about":[{"href":"https:\/\/diarioelpopular.com\/index.php\/wp-json\/wp\/v2\/types\/post"}],"author":[{"embeddable":true,"href":"https:\/\/diarioelpopular.com\/index.php\/wp-json\/wp\/v2\/users\/99"}],"replies":[{"embeddable":true,"href":"https:\/\/diarioelpopular.com\/index.php\/wp-json\/wp\/v2\/comments?post=495938"}],"version-history":[{"count":1,"href":"https:\/\/diarioelpopular.com\/index.php\/wp-json\/wp\/v2\/posts\/495938\/revisions"}],"predecessor-version":[{"id":495940,"href":"https:\/\/diarioelpopular.com\/index.php\/wp-json\/wp\/v2\/posts\/495938\/revisions\/495940"}],"wp:featuredmedia":[{"embeddable":true,"href":"https:\/\/diarioelpopular.com\/index.php\/wp-json\/wp\/v2\/media\/495939"}],"wp:attachment":[{"href":"https:\/\/diarioelpopular.com\/index.php\/wp-json\/wp\/v2\/media?parent=495938"}],"wp:term":[{"taxonomy":"category","embeddable":true,"href":"https:\/\/diarioelpopular.com\/index.php\/wp-json\/wp\/v2\/categories?post=495938"},{"taxonomy":"post_tag","embeddable":true,"href":"https:\/\/diarioelpopular.com\/index.php\/wp-json\/wp\/v2\/tags?post=495938"}],"curies":[{"name":"wp","href":"https:\/\/api.w.org\/{rel}","templated":true}]}}