{"id":495941,"date":"2021-02-06T14:19:03","date_gmt":"2021-02-06T18:19:03","guid":{"rendered":"https:\/\/diarioelpopular.com\/?p=495941"},"modified":"2021-02-06T14:19:03","modified_gmt":"2021-02-06T18:19:03","slug":"mexico-iniciativa-de-reforma-electrica-genera-rechazo","status":"publish","type":"post","link":"https:\/\/diarioelpopular.com\/index.php\/2021\/02\/06\/mexico-iniciativa-de-reforma-electrica-genera-rechazo\/","title":{"rendered":"M\u00e9xico: Iniciativa de reforma el\u00e9ctrica genera rechazo"},"content":{"rendered":"<div id=\"attachment_495942\" style=\"width: 160px\" class=\"wp-caption alignnone\"><img loading=\"lazy\" decoding=\"async\" aria-describedby=\"caption-attachment-495942\" class=\"size-thumbnail wp-image-495942\" src=\"https:\/\/diarioelpopular.com\/wp-content\/uploads\/2021\/02\/a3c30a73e9ded4f2b1fbaba976319c63-150x150.jpg\" alt=\"\" width=\"150\" height=\"150\" \/><p id=\"caption-attachment-495942\" class=\"wp-caption-text\"><em>Andr\u00e9s L\u00f3pez Obrador<\/em><\/p><\/div>\n<h4><em><strong>Expertos estiman que viola Constituci\u00f3n y tratado con EEUU<\/strong><\/em><\/h4>\n<p><em><strong>CIUDAD DE M\u00c9XICO. FEB 06.-<\/strong><\/em> El gobierno del presidente Andr\u00e9s L\u00f3pez Obrador envi\u00f3 al Congreso una iniciativa de reforma al sector el\u00e9ctrico que, de inmediato, puso en pie de guerra a amplios sectores, sobre todo a inversionistas nacionales y extranjeros.<br \/>\nLos especialistas consideran que esta propuesta &#8220;es anticonstitucional&#8221; y &#8220;viola&#8221; el Tratado de Libre Comercio de M\u00e9xico con Estados Unidos y Canad\u00e1 (T-MEC), suscrito el a\u00f1o pasado despu\u00e9s de ser renegociado a instancias del expresidente Donald Trump, adem\u00e1s del Acuerdo Transpac\u00edfico y el acuerdo comercial con la Uni\u00f3n Europea (UE).<br \/>\nEl proyecto &#8220;intenta socavar el r\u00e9gimen jur\u00eddico establecido a trav\u00e9s de las modificaciones a la Constituci\u00f3n que se llevaron a cabo en la Reforma Energ\u00e9tica del 2013&#8221;, se\u00f1al\u00f3 Kenneth Smith, jefe de la negociaci\u00f3n t\u00e9cnica de la delegaci\u00f3n mexicana del T-MEC y socio de la firma Ag\u00f3n Econom\u00eda Derecho y Estrategia.<br \/>\nSmith record\u00f3 que &#8220;los compromisos de M\u00e9xico en energ\u00eda &#8220;est\u00e1n plasmados en diversos cap\u00edtulos&#8221; del acuerdo, principalmente en materia de inversi\u00f3n, empresas gubernamentales y comercio transfronterizo de servicios.<br \/>\nEl especialista recuerda que una de las cl\u00e1usulas del instrumento, suscrito originalmente en 1994 y que triplic\u00f3 el volumen del comercio regional, creando uno de los mayores mercados de consumo del mundo, establece que M\u00e9xico debe otorgarle a sus socios &#8220;el mismo trato&#8221; que concedi\u00f3 a otros socios en acuerdos previos.<br \/>\nEn esencia, la reforma prev\u00e9 modificar las condiciones de inversi\u00f3n de las empresas privadas a partir de energ\u00edas limpias, &#8220;d\u00e1ndole prioridad&#8221; al monopolio estatal Comisi\u00f3n Federal de Electricidad (CFE) y &#8220;dejando al final de la fila a las plantas e\u00f3licas y solares&#8221;.<br \/>\nEmpresas extranjeras gigantes, entre ellas las italianas ENI (Ente Nazionale Idrocarburi) y el ENEL (Ente Nazionale per l&#8217;energia elettrica), mantienen ambiciosos proyectos de energ\u00edas sustentables en M\u00e9xico.<br \/>\nENI anunci\u00f3 una reducci\u00f3n del 97% en febrero pasado de su inversi\u00f3n de 2021 para un contrato para explorar dos pozos en el Golfo de M\u00e9xico.<br \/>\nPor su parte, ENEL, que construy\u00f3 entre 2017 y 2018 la mayor planta de energ\u00eda solar en Am\u00e9rica Latina en el estado norte\u00f1o de Coahuila, desde su llegada a M\u00e9xico en 2008 ha invertido 3.736 millones de d\u00f3lares.<br \/>\nA juicio de Smith, &#8220;m\u00e1s all\u00e1 de las violaciones a los tratados, la verdadera tragedia ser\u00eda que a trav\u00e9s de esta iniciativa encarecer\u00edamos la energ\u00eda en M\u00e9xico y afectar\u00edamos al medio ambiente al darle preferencia a la generaci\u00f3n de energ\u00eda sucia&#8221;.<br \/>\n&#8220;El resultado ser\u00eda devastador para los usuarios y reducir\u00eda la competitividad de todos los sectores productivos del pa\u00eds&#8221;, indic\u00f3.<br \/>\nPor su parte, la ministra de Energ\u00eda Roc\u00edo Nahle sali\u00f3 al paso de las fuertes cr\u00edticas de la oposici\u00f3n al plan de reforma el\u00e9ctrica y dijo que s\u00f3lo se busca poner un alto a los cambios legales de la pasada administraci\u00f3n del expresidente Enrique Pe\u00f1a (2012-2018) que &#8220;profundiz\u00f3 la apertura del sector energ\u00e9tico al capital privado&#8221;, debilitando a las empresas del gobierno.<br \/>\n&#8220;El gobierno mexicano no pretende expropiar activos de empresas privadas&#8221;, se\u00f1al\u00f3 Nahle al indicar que &#8220;todo este ruido&#8221; de que &#8220;no queremos las energ\u00edas&#8221; renovables y que &#8220;va a costar m\u00e1s cara la electricidad, no es cierto&#8221;.<br \/>\nEn declaraciones a la emisora local Radio F\u00f3rmula, se\u00f1al\u00f3 que los adversarios de esta reforma &#8220;est\u00e1n en su papel de hacer una campa\u00f1a como la hicieron hace seis a\u00f1os con la reforma energ\u00e9tica&#8221;.<br \/>\n&#8220;Nos dijeron que todo iba a ser maravilloso y nos estamos chocando con una realidad que tenemos que poner orden&#8221;, se\u00f1al\u00f3.<br \/>\nLas organizaciones del sector privado como el Consejo Coordinador Empresarial (CCE), pusieron el grito en el cielo al describir la propuesta como una &#8220;expropiaci\u00f3n indirecta&#8221; que viola acuerdos comerciales internacionales.<br \/>\nLa iniciativa da\u00f1ar\u00eda &#8220;irremediablemente&#8221; la certeza regulatoria y de contrataci\u00f3n en la segunda econom\u00eda m\u00e1s grande de Am\u00e9rica Latina, se\u00f1al\u00f3.<\/p>\n","protected":false},"excerpt":{"rendered":"<p>Expertos estiman que viola Constituci\u00f3n y tratado con EEUU CIUDAD DE M\u00c9XICO. FEB 06.- El gobierno del presidente Andr\u00e9s L\u00f3pez Obrador envi\u00f3 al Congreso una&hellip;<\/p>\n","protected":false},"author":99,"featured_media":495942,"comment_status":"open","ping_status":"open","sticky":false,"template":"","format":"standard","meta":{"footnotes":""},"categories":[23],"tags":[],"class_list":["post-495941","post","type-post","status-publish","format-standard","has-post-thumbnail","hentry","category-latinoamerica"],"_links":{"self":[{"href":"https:\/\/diarioelpopular.com\/index.php\/wp-json\/wp\/v2\/posts\/495941","targetHints":{"allow":["GET"]}}],"collection":[{"href":"https:\/\/diarioelpopular.com\/index.php\/wp-json\/wp\/v2\/posts"}],"about":[{"href":"https:\/\/diarioelpopular.com\/index.php\/wp-json\/wp\/v2\/types\/post"}],"author":[{"embeddable":true,"href":"https:\/\/diarioelpopular.com\/index.php\/wp-json\/wp\/v2\/users\/99"}],"replies":[{"embeddable":true,"href":"https:\/\/diarioelpopular.com\/index.php\/wp-json\/wp\/v2\/comments?post=495941"}],"version-history":[{"count":1,"href":"https:\/\/diarioelpopular.com\/index.php\/wp-json\/wp\/v2\/posts\/495941\/revisions"}],"predecessor-version":[{"id":495943,"href":"https:\/\/diarioelpopular.com\/index.php\/wp-json\/wp\/v2\/posts\/495941\/revisions\/495943"}],"wp:featuredmedia":[{"embeddable":true,"href":"https:\/\/diarioelpopular.com\/index.php\/wp-json\/wp\/v2\/media\/495942"}],"wp:attachment":[{"href":"https:\/\/diarioelpopular.com\/index.php\/wp-json\/wp\/v2\/media?parent=495941"}],"wp:term":[{"taxonomy":"category","embeddable":true,"href":"https:\/\/diarioelpopular.com\/index.php\/wp-json\/wp\/v2\/categories?post=495941"},{"taxonomy":"post_tag","embeddable":true,"href":"https:\/\/diarioelpopular.com\/index.php\/wp-json\/wp\/v2\/tags?post=495941"}],"curies":[{"name":"wp","href":"https:\/\/api.w.org\/{rel}","templated":true}]}}