{"id":495944,"date":"2021-02-06T14:23:31","date_gmt":"2021-02-06T18:23:31","guid":{"rendered":"https:\/\/diarioelpopular.com\/?p=495944"},"modified":"2021-02-06T14:23:31","modified_gmt":"2021-02-06T18:23:31","slug":"la-muerte-de-un-artista-callejero-a-manos-de-un-carabinero-reactiva-las-protestas-en-chile","status":"publish","type":"post","link":"https:\/\/diarioelpopular.com\/index.php\/2021\/02\/06\/la-muerte-de-un-artista-callejero-a-manos-de-un-carabinero-reactiva-las-protestas-en-chile\/","title":{"rendered":"La muerte de un artista callejero a manos de un carabinero reactiva las protestas en Chile"},"content":{"rendered":"<div id=\"attachment_495945\" style=\"width: 646px\" class=\"wp-caption alignnone\"><img loading=\"lazy\" decoding=\"async\" aria-describedby=\"caption-attachment-495945\" class=\"size-custom-full-size wp-image-495945\" src=\"https:\/\/diarioelpopular.com\/wp-content\/uploads\/2021\/02\/YUR4XKGRO6G6H6QAUQ3ZYGSBMY-636x424.jpg\" alt=\"\" width=\"636\" height=\"424\" srcset=\"https:\/\/diarioelpopular.com\/wp-content\/uploads\/2021\/02\/YUR4XKGRO6G6H6QAUQ3ZYGSBMY-636x424.jpg 636w, https:\/\/diarioelpopular.com\/wp-content\/uploads\/2021\/02\/YUR4XKGRO6G6H6QAUQ3ZYGSBMY-300x200.jpg 300w, https:\/\/diarioelpopular.com\/wp-content\/uploads\/2021\/02\/YUR4XKGRO6G6H6QAUQ3ZYGSBMY-768x512.jpg 768w, https:\/\/diarioelpopular.com\/wp-content\/uploads\/2021\/02\/YUR4XKGRO6G6H6QAUQ3ZYGSBMY-1200x800.jpg 1200w, https:\/\/diarioelpopular.com\/wp-content\/uploads\/2021\/02\/YUR4XKGRO6G6H6QAUQ3ZYGSBMY-110x73.jpg 110w, https:\/\/diarioelpopular.com\/wp-content\/uploads\/2021\/02\/YUR4XKGRO6G6H6QAUQ3ZYGSBMY.jpg 1024w\" sizes=\"auto, (max-width: 636px) 100vw, 636px\" \/><p id=\"caption-attachment-495945\" class=\"wp-caption-text\"><em>La Municipalidad de Panguipulli, incendiada esta madrugada en protesta por la muerte a tiros de un malabarista.<\/em><br \/><em>ALICIA CACECERES \/ AFP<\/em><\/p><\/div>\n<h4 class=\"a_st font_secondary color_gray_dark \"><em><strong>Un agente de la polic\u00eda mat\u00f3 a tiros a Francisco Mart\u00ednez Romero en pleno centro de la ciudad tur\u00edstica de Panguipulli<\/strong><\/em><\/h4>\n<p><em><strong>SANTIAGO DE CHILE. FEB 06.-<\/strong><\/em>Una decena de edificios p\u00fablicos de la sure\u00f1a ciudad chilena de Panguipulli han ardido esta madrugada en protesta por la muerte del malabarista Francisco Mart\u00ednez Romero. Lo mat\u00f3 a tiros un carabinero este viernes en pleno centro de esta localidad tur\u00edstica de la regi\u00f3n de Los Lagos tras negarse a un control de identidad, seg\u00fan han denunciado varios testigos. Los disparos fueron registrados en un v\u00eddeo que se ha viralizado con rapidez y la motivado cientos de mensajes de repudio contra la <a href=\"https:\/\/elpais.com\/internacional\/2020-11-19\/sebastian-pinera-destituye-al-jefe-de-la-policia-icono-de-la-represion-en-el-estallido-social-en-chile.html\" target=\"_blank\" rel=\"noopener\" data-link-track-dtm=\"\">cuestionada polic\u00eda chilena<\/a> y convocatorias de protestas para este s\u00e1bado.<\/p>\n<p class=\"\">En la grabaci\u00f3n se aprecia c\u00f3mo el artista callejero es abordado por carabineros que lo apuntan con sus pistolas. Discuten y uno de los oficiales realiza dos disparos. En ese momento, Mart\u00ednez Romero arremete contra \u00e9l con los sables que usaba para hacer malabares frente al sem\u00e1foro y es abatido en medio de la calle.<\/p>\n<p class=\"\">Su muerte tuvo una reacci\u00f3n ciudadana inmediata en esta ciudad situada 825 kil\u00f3metros al sur de Santiago. Decenas de personas salieron a protestar; otras se enfrentaron al personal policial e incendiaron edificios p\u00fablicos, entre ellos la Municipalidad. El alcalde de Panguipulli, Rodrigo Valdivia, ha culpado a los carabineros de la magnitud de los disturbios: \u201cEsta situaci\u00f3n ha pasado debido a la inoperancia de carabineros\u201d, ha se\u00f1alado en declaraciones reproducidas por medios locales. \u201cPrimero, en el control de identidad [del malabarista], cuestionable desde todo punto de vista. Aunque la responsabilidad la van a establecer los tribunales\u201d, ha continuado Valdivia, quien acusa a la polic\u00eda de no resguardar los edificios municipales: \u201cSe dedic\u00f3 solo a atrincherarse en la 5ta comisar\u00eda, que ya hab\u00eda sido afectada por intento de saqueos, en desmedro de nuestra municipalidad\u201d.<\/p>\n<p class=\"\">El autor de los disparos est\u00e1 detenido y ha sido puesto a disposici\u00f3n judicial, mientras el Gobierno de <a href=\"https:\/\/elpais.com\/noticias\/sebastian-pinera\/\" target=\"_blank\" rel=\"noopener\" data-link-track-dtm=\"\">Sebasti\u00e1n Pi\u00f1era<\/a> hace lo posible por controlar el nuevo esc\u00e1ndalo generado por los carabineros, en el ojo del hurac\u00e1n desde <a href=\"https:\/\/elpais.com\/internacional\/2020-10-19\/el-primer-aniversario-de-las-revueltas-en-chile-deja-iglesias-incendiadas-saqueos-y-ataques-al-metro.html\" target=\"_blank\" rel=\"noopener\" data-link-track-dtm=\"\">el estallido social de octubre de 2019<\/a> y acusados de m\u00faltiples violaciones de los derechos humanos.<\/p>\n<p class=\"\">El subsecretario de Interior, Juan Francisco Galli, ha viajado a Panguipulli para analizar la situaci\u00f3n desde el terreno. \u201cCorresponde a los tribunales que esclarezcan las circunstancias en las que fueron estos hechos\u201d, ha declarado Galli en rueda de prensa desde una comisar\u00eda de la ciudad, en un gesto de respaldo a la instituci\u00f3n. Acto seguido, el subsecretario ha arremetido con dureza contra quienes incendiaron la Municipalidad: \u201cNinguna investigaci\u00f3n judicial puede justificar que personas atenten en contra de servicios p\u00fablicos\u201d.<\/p>\n<p class=\"\">La indignaci\u00f3n contra los carabineros se ha extendido con rapidez por todo el pa\u00eds, donde se multiplican las convocatorias a protestas para este s\u00e1bado. La oposici\u00f3n ha condenado la actuaci\u00f3n de esta fuerza policial y exige su reestructuraci\u00f3n. <a href=\"https:\/\/twitter.com\/PSChile\/status\/1358051740814311424?s=20\" target=\"_blank\" rel=\"noopener\" data-link-track-dtm=\"\">\u201cCondenamos en\u00e9rgicamente este crimen\u201d<\/a>, ha manifestado el Partido Socialista en un comunicado donde critican tambi\u00e9n el \u201cuso desproporcionado e injustificado de la fuerza\u201d en un episodio que no es un hecho aislado.<\/p>\n<p class=\"\">\u201cCarabineros de Chile es instituci\u00f3n donde la autoridad se consolida por la violencia y la obediencia. El legado post dictadura y limitada capacidad pol\u00edtica les permiti\u00f3 desarrollar autonom\u00eda en democracia. Chile hoy necesita un modelo distinto de policia\u201d, ha exigido la soci\u00f3loga Luc\u00eda Dammert, dedicada a temas de seguridad, en las redes sociales.<\/p>\n<p class=\"\">El pasado octubre, un joven de 16 a\u00f1os que se manifestaba en Santiago termin\u00f3 herido luego de una ca\u00edda de siete metros desde un puente al r\u00edo Mapocho, el principal de la capital chilena, <a href=\"https:\/\/elpais.com\/internacional\/2020-10-03\/carabineros-de-chile-en-el-ojo-del-huracan-por-la-caida-de-un-joven-a-un-rio-en-medio-de-una-manifestacion.html\" target=\"_blank\" rel=\"noopener\" data-link-track-dtm=\"\">por acci\u00f3n de un carabinero que fue acusado de homicidio frustrado y detenido<\/a>. Semanas despu\u00e9s, el Gobierno cambi\u00f3 a la c\u00fapula de la polic\u00eda en aras de enfriar, sin \u00e9xito, el malestar social.<\/p>\n","protected":false},"excerpt":{"rendered":"<p>Un agente de la polic\u00eda mat\u00f3 a tiros a Francisco Mart\u00ednez Romero en pleno centro de la ciudad tur\u00edstica de Panguipulli SANTIAGO DE CHILE. FEB&hellip;<\/p>\n","protected":false},"author":99,"featured_media":495945,"comment_status":"open","ping_status":"open","sticky":false,"template":"","format":"standard","meta":{"footnotes":""},"categories":[23],"tags":[],"class_list":["post-495944","post","type-post","status-publish","format-standard","has-post-thumbnail","hentry","category-latinoamerica"],"_links":{"self":[{"href":"https:\/\/diarioelpopular.com\/index.php\/wp-json\/wp\/v2\/posts\/495944","targetHints":{"allow":["GET"]}}],"collection":[{"href":"https:\/\/diarioelpopular.com\/index.php\/wp-json\/wp\/v2\/posts"}],"about":[{"href":"https:\/\/diarioelpopular.com\/index.php\/wp-json\/wp\/v2\/types\/post"}],"author":[{"embeddable":true,"href":"https:\/\/diarioelpopular.com\/index.php\/wp-json\/wp\/v2\/users\/99"}],"replies":[{"embeddable":true,"href":"https:\/\/diarioelpopular.com\/index.php\/wp-json\/wp\/v2\/comments?post=495944"}],"version-history":[{"count":1,"href":"https:\/\/diarioelpopular.com\/index.php\/wp-json\/wp\/v2\/posts\/495944\/revisions"}],"predecessor-version":[{"id":495946,"href":"https:\/\/diarioelpopular.com\/index.php\/wp-json\/wp\/v2\/posts\/495944\/revisions\/495946"}],"wp:featuredmedia":[{"embeddable":true,"href":"https:\/\/diarioelpopular.com\/index.php\/wp-json\/wp\/v2\/media\/495945"}],"wp:attachment":[{"href":"https:\/\/diarioelpopular.com\/index.php\/wp-json\/wp\/v2\/media?parent=495944"}],"wp:term":[{"taxonomy":"category","embeddable":true,"href":"https:\/\/diarioelpopular.com\/index.php\/wp-json\/wp\/v2\/categories?post=495944"},{"taxonomy":"post_tag","embeddable":true,"href":"https:\/\/diarioelpopular.com\/index.php\/wp-json\/wp\/v2\/tags?post=495944"}],"curies":[{"name":"wp","href":"https:\/\/api.w.org\/{rel}","templated":true}]}}