{"id":495955,"date":"2021-02-07T13:40:08","date_gmt":"2021-02-07T17:40:08","guid":{"rendered":"https:\/\/diarioelpopular.com\/?p=495955"},"modified":"2021-02-07T13:40:08","modified_gmt":"2021-02-07T17:40:08","slug":"ultimos-desarrollos-en-el-area-metropolitana-de-toronto-al-7-de-febrero","status":"publish","type":"post","link":"https:\/\/diarioelpopular.com\/index.php\/2021\/02\/07\/ultimos-desarrollos-en-el-area-metropolitana-de-toronto-al-7-de-febrero\/","title":{"rendered":"\u00daltimos desarrollos en el \u00e1rea metropolitana de Toronto al 7 de febrero"},"content":{"rendered":"<p><img loading=\"lazy\" decoding=\"async\" class=\"alignnone size-custom-full-size wp-image-495956\" src=\"https:\/\/diarioelpopular.com\/wp-content\/uploads\/2021\/02\/Screen-Shot-2021-02-07-at-12.27.56-PM-636x355.png\" alt=\"\" width=\"636\" height=\"355\" srcset=\"https:\/\/diarioelpopular.com\/wp-content\/uploads\/2021\/02\/Screen-Shot-2021-02-07-at-12.27.56-PM-636x355.png 636w, https:\/\/diarioelpopular.com\/wp-content\/uploads\/2021\/02\/Screen-Shot-2021-02-07-at-12.27.56-PM-300x168.png 300w, https:\/\/diarioelpopular.com\/wp-content\/uploads\/2021\/02\/Screen-Shot-2021-02-07-at-12.27.56-PM-768x429.png 768w, https:\/\/diarioelpopular.com\/wp-content\/uploads\/2021\/02\/Screen-Shot-2021-02-07-at-12.27.56-PM-131x73.png 131w, https:\/\/diarioelpopular.com\/wp-content\/uploads\/2021\/02\/Screen-Shot-2021-02-07-at-12.27.56-PM.png 1024w\" sizes=\"auto, (max-width: 636px) 100vw, 636px\" \/><\/p>\n<p><em>Publicado domingo 7 de febrero de 2021 11:43 am<\/em><\/p>\n<p>Aqu\u00ed est\u00e1n los \u00faltimos desarrollos sobre la pandemia de coronavirus en el \u00e1rea metropolitana de Toronto para este domingo.<\/p>\n<p>Elegibilidad ampliada para el cuidado infantil de emergencia para trabajadores esenciales en las regiones de Toronto, Peel y York<\/p>\n<p>El ministro de Educaci\u00f3n de Ontario, Stephen Lecce, dijo el domingo que m\u00e1s trabajadores esenciales en las regiones de Toronto, Peel y York ser\u00e1n elegibles para el cuidado infantil de emergencia durante gran parte de esta pr\u00f3xima semana laboral.<\/p>\n<p>Lecce dijo que a partir del martes, m\u00e1s trabajadores, incluidos los de la construcci\u00f3n que trabajan en proyectos esenciales y los trabajadores de tr\u00e1nsito que no pueden trabajar de forma remota, ser\u00e1n elegibles para el cuidado infantil sin costo.<\/p>\n<p>\u201cMientras que los estudiantes en muchas partes de la provincia est\u00e1n regresando o han regresado al aprendizaje en persona, los estudiantes en Toronto, la regi\u00f3n de York y Peel regresar\u00e1n a clases una semana despu\u00e9s, el 16 de febrero\u201d, dijo Lecce en un comunicado.<\/p>\n<p>\u201cDurante este per\u00edodo de aprendizaje remoto, nuestro gobierno est\u00e1 apoyando a estos trabajadores clave asegur\u00e1ndose de que sus hijos est\u00e9n bien cuidados\u201d.<\/p>\n<p>El acceso a la guarder\u00eda de emergencia finalizar\u00e1 el viernes antes del regreso a clases.<\/p>\n<p>El nuevo hospital de Vaughan acepta al primer paciente<\/p>\n<p>El Hospital Cortellucci Vaughan ha aceptado a su primer paciente.<\/p>\n<p>Inicialmente, el hospital se dedicar\u00e1 a aliviar las presiones que enfrentan otros hospitales en el \u00e1rea metropolitana de Toronto debido a la pandemia de COVID-19.<\/p>\n<p>\u201cComo el primer hospital reci\u00e9n construido en 30 a\u00f1os en agregar nueva capacidad neta, este es un hito emocionante para la comunidad y la provincia\u201d, dijo la ministra de Salud, Christine Elliott.<\/p>\n<p><em><strong>Estado de los casos en el GTA<\/strong><\/em><\/p>\n<p>Ontario inform\u00f3 de un total de 1489 casos nuevos el domingo.<\/p>\n<p>De aquellos:<\/p>\n<p>517 estaban en Toronto<br \/>\n261 estaban en la regi\u00f3n de Peel<br \/>\n121 estaban en la regi\u00f3n de York<br \/>\n50 estaban en la regi\u00f3n de Durham<br \/>\n61 estaban en la regi\u00f3n de Halton<br \/>\nHaz clic para reproducir el v\u00eddeo &#8216;Focus Ontario: Back to School&#8217;<br \/>\n23:04<br \/>\nFocus Ontario: Regreso a la escuela<br \/>\nFocus Ontario: Regreso a la escuela<br \/>\nOntario reporta 1489 nuevos casos, 22 muertes m\u00e1s<\/p>\n<p>Ontario inform\u00f3 el domingo 1.489 casos del nuevo coronavirus, lo que eleva el n\u00famero total de casos en la provincia a 278.207.<\/p>\n<p>Tambi\u00e9n se reportaron veintid\u00f3s muertes adicionales el domingo, con lo que la cifra provincial de muertos asciende a 6.505.<\/p>\n<p>La provincia indic\u00f3 que la tasa de positividad para el \u00faltimo d\u00eda fue del 2.8 por ciento, que es superior al informe del s\u00e1bado, cuando fue del 2.6 por ciento, y est\u00e1 por debajo del informe del domingo pasado cuando fue del 3.7 por ciento.<\/p>\n<p>Las cifras provinciales mostraron que hay 926 personas hospitalizadas con el virus (un descenso de 95), con 335 en cuidados intensivos (un aumento de 10), de las cuales 233 est\u00e1n en un ventilador (un aumento de cinco).<\/p>\n<p>Poco m\u00e1s de 6.500 dosis m\u00e1s de vacuna COVID-19 administradas en Ontario<\/p>\n<p>A partir de las 8 p.m. El s\u00e1bado, se administraron 379.184 dosis de la vacuna COVID-19 en Ontario, lo que representa un aumento de 6.518.<\/p>\n<p>Hasta ahora, 101,744 personas han recibido las dos dosis requeridas de las vacunas Pfizer o Moderna.<\/p>\n<p>&nbsp;<\/p>\n<h4><em><strong>Quebec se acerca a las 10,000 muertes mientras la provincia informa 1.204 nuevos casos de COVID-19 este domingo<\/strong><\/em><\/h4>\n<p>Quebec est\u00e1 a una muerte por COVID-19 de 10,000 desde el comienzo de la pandemia despu\u00e9s de reportar 27 muertes m\u00e1s junto con 1,204 nuevas infecciones el s\u00e1bado.<\/p>\n<p>Las nuevas muertes incluyen nueve en las 24 horas anteriores, pero se elimin\u00f3 una muerte previamente atribuida al COVID-19. La provincia ahora ha registrado 9,999 muertes desde marzo pasado, junto con 268,977 infecciones y 246,695 ahora clasificadas como recuperadas.<\/p>\n<p>El Departamento de Salud de Quebec tambi\u00e9n inform\u00f3 una ca\u00edda de 58 pacientes en el hospital, lo que llev\u00f3 a los que requer\u00edan tratamiento a 982.<\/p>\n<p>Tambi\u00e9n hay nueve pacientes menos en cuidados intensivos para un total de 159.<\/p>\n<p>El ministro de Salud, Christian Dub\u00e9, destac\u00f3 un aumento en el n\u00famero de infecciones en los \u00faltimos cuatro d\u00edas e inst\u00f3 a los quebequenses a hacerse la prueba incluso si tienen s\u00edntomas menores de COVID.<\/p>\n<p>\u201cRepito mi llamada de ayer: hazte la prueba de cualquier s\u00edntoma\u201d, escribi\u00f3 Dub\u00e9. &#8220;Esta es una forma de detener la propagaci\u00f3n de nuevas variantes&#8221;.<\/p>\n<p>La provincia administr\u00f3 4,373 dosis de la vacuna COVID-19 el viernes, para un total de 253,904.<\/p>\n<p>&nbsp;<\/p>\n<h4><em><strong>&#8220;Siguen moviendo los postes de la porter\u00eda&#8221;, dice Rempel-Garner al criticar los retrasos en la vacuna COVID-19<\/strong><\/em><\/h4>\n<p>La cr\u00edtica de salud conservadora federal advirti\u00f3 sobre el impacto de las demoras en la vacuna COVID-19 de Canad\u00e1, diciendo que podr\u00eda haber enormes implicaciones para el sistema de salud p\u00fablica del pa\u00eds debido a esto.<\/p>\n<p>En declaraciones a Mercedes Stephenson de The West Block, la cr\u00edtica de salud conservadora Michelle Rempel-Garner dijo que el gobierno federal sigue &#8220;moviendo los objetivos&#8221; para el lanzamiento de la vacuna en medio de noticias de m\u00e1s retrasos por parte de los fabricantes de vacunas en las \u00faltimas semanas.<\/p>\n<p>&#8220;Bueno, siguen moviendo los postes de la porter\u00eda, y esto no es algo que puedan eludir f\u00e1cilmente porque una vacuna es algo tangible, \u00bfverdad?&#8221; Dijo Rempel-Garner.<\/p>\n<p>\u201cY tambi\u00e9n mover los postes de la porter\u00eda tambi\u00e9n tiene implicaciones para la entrega con las provincias, por lo que si estamos recibiendo una gran cantidad de vacunas al final de un trimestre, en lugar de semana tras semana como hab\u00edan estado informando a las provincias, esto podr\u00eda haber , como dije, un impacto en el almacenamiento, en la entrega &#8221;<\/p>\n<p>Sus comentarios despu\u00e9s del env\u00edo de esta semana de la vacuna de Moderna ten\u00edan 50.000 dosis menos de las 230.000 prometidas, mientras que esta semana solo se recibi\u00f3 una quinta parte del env\u00edo de Pfizer-BioNTech. A pesar de los contratiempos, el gobierno liberal asegur\u00f3 a los canadienses que el pa\u00eds todav\u00eda estaba en camino de recibir todas las dosis prometidas, un total de seis millones, para fines de marzo.<\/p>\n<p>&#8220;A pesar de los temores de los miembros de los partidos de la oposici\u00f3n, puedo asegurarles a los canadienses que estamos muy bien encaminados para obtener los seis millones de dosis o m\u00e1s para fines del primer trimestre, y para que todos los que quieran una vacuna est\u00e9n vacunados para septiembre&#8221;. Dijo el primer ministro Justin Trudeau durante un debate en la C\u00e1mara de los Comunes el mi\u00e9rcoles.<\/p>\n<p>Sin embargo, Rempel-Garner dijo que incluso si Canad\u00e1 recibiera la cantidad prometida de vacunas para entonces, un env\u00edo tan grande que llegara todo al mismo tiempo, a diferencia del despliegue provincial y territorial escalonado de las entregas, crear\u00eda problemas log\u00edsticos no solo para el almacenamiento. , sino tambi\u00e9n en la ventana entre las dos dosis necesarias para administrar las vacunas.<\/p>\n<p>En enero, tanto BioNTech como Pfizer advirtieron que no hab\u00eda evidencia de que su vacuna, que necesita una segunda dosis administrada dentro de los 21 d\u00edas posteriores a la primera, continuar\u00eda protegiendo contra el virus si la vacuna de refuerzo se administrar\u00eda m\u00e1s tarde de lo que estaba previsto. probado en ensayos.<\/p>\n<p>Al mismo tiempo, Moderna no coment\u00f3 si su vacuna fue efectiva fuera de su programa de dos dosis y 28 d\u00edas, pero dijo que dos dosis administradas con cuatro semanas de diferencia daban una respuesta inmune m\u00e1s fuerte que solo recibir una inyecci\u00f3n.<\/p>\n<p>Sin embargo, un informe de enero de la gu\u00eda del Comit\u00e9 Asesor Nacional de Inmunizaciones (NACI) sobre vacunas COVID-19 dijo que el intervalo entre dosis podr\u00eda extenderse hasta 42 d\u00edas, citando recomendaciones de la Organizaci\u00f3n Mundial de la Salud.<\/p>\n<p>&#8220;Entonces, decir &#8216;bueno, lo obtendremos en alg\u00fan momento&#8217; no funciona cuando lo traduces a la realidad pr\u00e1ctica del parto y de averiguar qui\u00e9n recibe las dosis y cu\u00e1ndo&#8221;, dijo Rempel-Garner. \u201cCreo que lo que sucedi\u00f3 aqu\u00ed es que tomaron la palabra de algunos de estos fabricantes. Realmente no planificaron contingencias. Llegamos tarde a la mesa con estas cosas y ahora estamos luchando &#8220;.<\/p>\n<p>El lanzamiento de la vacuna en Canad\u00e1 ha sido comparativamente lento en relaci\u00f3n con los lanzamientos de otros pa\u00edses importantes, con el pa\u00eds vacunando a 2.8 de cada 100 personas, seg\u00fan la publicaci\u00f3n de estad\u00edsticas Our World In Data. Por otro lado, Israel ha vacunado a 62,1, el Reino Unido a 16,9 y los EE. UU. A 11 de cada 100 personas.<\/p>\n<p>Durante una entrevista en The West Block, Stephenson pregunt\u00f3 a la ministra de adquisiciones, Anita Anand, por qu\u00e9 Canad\u00e1 estaba tan atrasado en t\u00e9rminos de la cantidad de vacunas administradas.<\/p>\n<p>Anand defendi\u00f3 el lanzamiento de vacunas en el pa\u00eds y dijo que el rev\u00e9s fue solo &#8220;temporal&#8221;.<\/p>\n<p>\u201cTenemos que recordar que todo el mundo est\u00e1 buscando acceso a estas vacunas y la presi\u00f3n y la competencia son incre\u00edblemente intensas a medida que aumentan las instalaciones de producci\u00f3n\u201d, dijo.<\/p>\n<p>\u201cHabiendo dicho eso, fuimos uno de los primeros pa\u00edses en comenzar las vacunas y uno de los primeros pa\u00edses en firmar con Pfizer y Moderna, y estamos en camino con el cronograma que acabo de establecer para ustedes con la reanudaci\u00f3n de las entregas, como dije. dijo, esta semana y continuando hasta la pr\u00f3xima &#8220;.<\/p>\n<p>Anand tambi\u00e9n dijo que muchos pa\u00edses ya ten\u00edan instalaciones de biofabricaci\u00f3n en funcionamiento y pudieron aprovechar aquellas a diferencia de Canad\u00e1, que recientemente anunci\u00f3 planes para la producci\u00f3n nacional en un contrato con Novavax.<\/p>\n<p>Sin embargo, las cr\u00edticas sobre por qu\u00e9 esos planes para la producci\u00f3n nacional se hicieron con un a\u00f1o de anticipaci\u00f3n, como lo ha hecho el Reino Unido, han sido generalizadas, ya que es muy probable que las vacunas de la nueva instalaci\u00f3n de Novavax se produzcan en el oto\u00f1o, ya que el edificio todav\u00eda lo habr\u00eda hecho. a construir y certificar durante la primavera y verano.<\/p>\n<p>Tanto Anand como Trudeau dijeron que el gobierno firm\u00f3 contratos de producci\u00f3n nacional con las compa\u00f1\u00edas biofarmac\u00e9uticas Medicago y Vido-Intervac hace m\u00e1s de un a\u00f1o, pero sus vacunas a\u00fan no han sido aprobadas por Health Canada y a\u00fan no est\u00e1 claro si ser\u00edan aprobadas a tiempo para contribuir al objetivo del gobierno federal de ofrecer una vacuna a todos los canadienses que deseen una vacuna para septiembre.<\/p>\n<p>\u201cCreo que la fruta madura aqu\u00ed es decir que hay un problema de gesti\u00f3n. Necesitamos reestructurar eso muy r\u00e1pidamente. Necesitamos tener mejores l\u00edneas de comunicaci\u00f3n \u201d, dijo Rempel-Garner. \u201cLo digo sabiendo que todo el mundo est\u00e1 trabajando duro, pero no estamos obteniendo resultados y no podemos dejar esto en una esperanza y una oraci\u00f3n con tanto en juego entre nuestras vidas, nuestra econom\u00eda y nuestros trabajos.<\/p>\n<p>\u201cAs\u00ed que creo que, ya sabes, el plan B en este momento debe reconocer que hay un problema. Los liberales tienen que decir &#8230; &#8220;tenemos un problema aqu\u00ed&#8221; y luego y luego corregir el rumbo desde all\u00ed. Ese es el paso n\u00famero uno &#8220;.<\/p>\n","protected":false},"excerpt":{"rendered":"<p>Publicado domingo 7 de febrero de 2021 11:43 am Aqu\u00ed est\u00e1n los \u00faltimos desarrollos sobre la pandemia de coronavirus en el \u00e1rea metropolitana de Toronto&hellip;<\/p>\n","protected":false},"author":99,"featured_media":495956,"comment_status":"open","ping_status":"open","sticky":false,"template":"","format":"standard","meta":{"footnotes":""},"categories":[21,11191],"tags":[],"class_list":["post-495955","post","type-post","status-publish","format-standard","has-post-thumbnail","hentry","category-canada","category-top-news"],"_links":{"self":[{"href":"https:\/\/diarioelpopular.com\/index.php\/wp-json\/wp\/v2\/posts\/495955","targetHints":{"allow":["GET"]}}],"collection":[{"href":"https:\/\/diarioelpopular.com\/index.php\/wp-json\/wp\/v2\/posts"}],"about":[{"href":"https:\/\/diarioelpopular.com\/index.php\/wp-json\/wp\/v2\/types\/post"}],"author":[{"embeddable":true,"href":"https:\/\/diarioelpopular.com\/index.php\/wp-json\/wp\/v2\/users\/99"}],"replies":[{"embeddable":true,"href":"https:\/\/diarioelpopular.com\/index.php\/wp-json\/wp\/v2\/comments?post=495955"}],"version-history":[{"count":1,"href":"https:\/\/diarioelpopular.com\/index.php\/wp-json\/wp\/v2\/posts\/495955\/revisions"}],"predecessor-version":[{"id":495957,"href":"https:\/\/diarioelpopular.com\/index.php\/wp-json\/wp\/v2\/posts\/495955\/revisions\/495957"}],"wp:featuredmedia":[{"embeddable":true,"href":"https:\/\/diarioelpopular.com\/index.php\/wp-json\/wp\/v2\/media\/495956"}],"wp:attachment":[{"href":"https:\/\/diarioelpopular.com\/index.php\/wp-json\/wp\/v2\/media?parent=495955"}],"wp:term":[{"taxonomy":"category","embeddable":true,"href":"https:\/\/diarioelpopular.com\/index.php\/wp-json\/wp\/v2\/categories?post=495955"},{"taxonomy":"post_tag","embeddable":true,"href":"https:\/\/diarioelpopular.com\/index.php\/wp-json\/wp\/v2\/tags?post=495955"}],"curies":[{"name":"wp","href":"https:\/\/api.w.org\/{rel}","templated":true}]}}