{"id":495962,"date":"2021-02-07T13:50:59","date_gmt":"2021-02-07T17:50:59","guid":{"rendered":"https:\/\/diarioelpopular.com\/?p=495962"},"modified":"2021-02-07T13:50:59","modified_gmt":"2021-02-07T17:50:59","slug":"en-cuba-febrero-tiende-a-ser-el-peor-mes","status":"publish","type":"post","link":"https:\/\/diarioelpopular.com\/index.php\/2021\/02\/07\/en-cuba-febrero-tiende-a-ser-el-peor-mes\/","title":{"rendered":"En Cuba febrero tiende a ser el peor mes"},"content":{"rendered":"<div id=\"attachment_495963\" style=\"width: 160px\" class=\"wp-caption alignnone\"><img loading=\"lazy\" decoding=\"async\" aria-describedby=\"caption-attachment-495963\" class=\"size-thumbnail wp-image-495963\" src=\"https:\/\/diarioelpopular.com\/wp-content\/uploads\/2021\/02\/485af4cd777a9797332e182fdee8c7f1-150x150.jpg\" alt=\"\" width=\"150\" height=\"150\" \/><p id=\"caption-attachment-495963\" class=\"wp-caption-text\"><em>Cubanos usan mascarilla en fila frente a un mercado, en La Habana.<\/em><br \/><em>(foto: EPA)<\/em><\/p><\/div>\n<h4><em><strong>Hay 820 nuevos casos en las \u00faltimas 24 horas<\/strong><\/em><\/h4>\n<p>Cuba registr\u00f3 5.239 nuevos casos de coronavirus y 22 decesos durante los primeros seis d\u00edas de febrero, cifras que confirman los pron\u00f3sticos de que el segundo mes del a\u00f1o puede convertirse en el peor de la pandemia en la isla.<\/p>\n<p>Esas estad\u00edsticas aumentaron con el reporte de hoy, que corresponde a la situaci\u00f3n del s\u00e1bado hasta la medianoche, con cinco nuevos fallecimientos y 16,057 personas hospitalizadas en toda la isla bajo sospecha de estar infectados, con 5,799 activos.<br \/>\nLos nuevos casos surgidos son 820.<br \/>\nOtro indicador son las 67 personas contagiadas bajo tratamiento intensivo, entre ellos,35 en estado cr\u00edtico y 30 graves.<br \/>\nPron\u00f3sticos oficiales indican que se espera que a partir de finales de febrero o inicios de marzo los casos activos nacionales lleguen a un &#8220;pico&#8221; y la situaci\u00f3n de la epidemia vuelva a &#8220;estabilizarse&#8221; aunque se advirti\u00f3 que &#8220;tal vez ocurran situaciones m\u00e1s complejas&#8221;.<br \/>\nDurante diciembre y enero la incidencia del nuevo coronavirus aument\u00f3 en el pa\u00eds consecutivamente, tras una reapertura en noviembre.<br \/>\nEso elev\u00f3 las cifras generales epidemiol\u00f3gicas del Covid-19 a 32,831 infectados, con 238 muertes desde que se inici\u00f3 la pandemia.<br \/>\nLas principales provincias nacionales, La Habana, con 378 enfermos y Santiago de Cuba, con 141,encabezan esa incidencia, seguidos por Pinar del R\u00edo, en el oeste,75 y Guant\u00e1namo, en el extremo este isle\u00f1o, con 50.<br \/>\nEl resto de las demarcaciones provinciales registraron tambi\u00e9n casos, aunque en menor cuant\u00eda.<\/p>\n","protected":false},"excerpt":{"rendered":"<p>Hay 820 nuevos casos en las \u00faltimas 24 horas Cuba registr\u00f3 5.239 nuevos casos de coronavirus y 22 decesos durante los primeros seis d\u00edas de&hellip;<\/p>\n","protected":false},"author":99,"featured_media":495963,"comment_status":"open","ping_status":"open","sticky":false,"template":"","format":"standard","meta":{"footnotes":""},"categories":[23],"tags":[],"class_list":["post-495962","post","type-post","status-publish","format-standard","has-post-thumbnail","hentry","category-latinoamerica"],"_links":{"self":[{"href":"https:\/\/diarioelpopular.com\/index.php\/wp-json\/wp\/v2\/posts\/495962","targetHints":{"allow":["GET"]}}],"collection":[{"href":"https:\/\/diarioelpopular.com\/index.php\/wp-json\/wp\/v2\/posts"}],"about":[{"href":"https:\/\/diarioelpopular.com\/index.php\/wp-json\/wp\/v2\/types\/post"}],"author":[{"embeddable":true,"href":"https:\/\/diarioelpopular.com\/index.php\/wp-json\/wp\/v2\/users\/99"}],"replies":[{"embeddable":true,"href":"https:\/\/diarioelpopular.com\/index.php\/wp-json\/wp\/v2\/comments?post=495962"}],"version-history":[{"count":1,"href":"https:\/\/diarioelpopular.com\/index.php\/wp-json\/wp\/v2\/posts\/495962\/revisions"}],"predecessor-version":[{"id":495964,"href":"https:\/\/diarioelpopular.com\/index.php\/wp-json\/wp\/v2\/posts\/495962\/revisions\/495964"}],"wp:featuredmedia":[{"embeddable":true,"href":"https:\/\/diarioelpopular.com\/index.php\/wp-json\/wp\/v2\/media\/495963"}],"wp:attachment":[{"href":"https:\/\/diarioelpopular.com\/index.php\/wp-json\/wp\/v2\/media?parent=495962"}],"wp:term":[{"taxonomy":"category","embeddable":true,"href":"https:\/\/diarioelpopular.com\/index.php\/wp-json\/wp\/v2\/categories?post=495962"},{"taxonomy":"post_tag","embeddable":true,"href":"https:\/\/diarioelpopular.com\/index.php\/wp-json\/wp\/v2\/tags?post=495962"}],"curies":[{"name":"wp","href":"https:\/\/api.w.org\/{rel}","templated":true}]}}