{"id":495971,"date":"2021-02-08T12:32:25","date_gmt":"2021-02-08T16:32:25","guid":{"rendered":"https:\/\/diarioelpopular.com\/?p=495971"},"modified":"2021-02-08T12:32:25","modified_gmt":"2021-02-08T16:32:25","slug":"hallan-en-argentina-variantes-brasilenas","status":"publish","type":"post","link":"https:\/\/diarioelpopular.com\/index.php\/2021\/02\/08\/hallan-en-argentina-variantes-brasilenas\/","title":{"rendered":"Hallan en Argentina variantes brasile\u00f1as"},"content":{"rendered":"<div id=\"attachment_495972\" style=\"width: 160px\" class=\"wp-caption alignnone\"><img loading=\"lazy\" decoding=\"async\" aria-describedby=\"caption-attachment-495972\" class=\"size-thumbnail wp-image-495972\" src=\"https:\/\/diarioelpopular.com\/wp-content\/uploads\/2021\/02\/c0384e3139fc11d09e210f81a208a961-150x150.jpg\" alt=\"\" width=\"150\" height=\"150\" \/><p id=\"caption-attachment-495972\" class=\"wp-caption-text\"><em>Viajeros volvieron de Brasil a Argentina con variante brasile\u00f1a de coronavirus.<\/em><br \/><em>(foto: EPA)<\/em><\/p><\/div>\n<p><em><strong>BUENOS AIRES 8 FEB &#8211;<\/strong><\/em> Dos variantes brasile\u00f1as del coronavirus fueron identificadas en la Argentina, confirmaron fuentes gubernamentales basadas en datos del Instituto Anlis-Malbr\u00e1n.<br \/>\nSe trata de cuatro personas contagiadas que llegaron desde Brasil.<br \/>\n&#8220;Recientemente se detect\u00f3 la variante de Amazonas P.1 en dos muestras, y la variante de R\u00edo de Janeiro P.2 en otros dos viajeros. Todos ellos provenientes de Brasil&#8221;, dijo el ministro de Salud, Gin\u00e9s Gonz\u00e1lez Garc\u00eda.<\/p>\n","protected":false},"excerpt":{"rendered":"<p>BUENOS AIRES 8 FEB &#8211; Dos variantes brasile\u00f1as del coronavirus fueron identificadas en la Argentina, confirmaron fuentes gubernamentales basadas en datos del Instituto Anlis-Malbr\u00e1n. Se&hellip;<\/p>\n","protected":false},"author":99,"featured_media":495972,"comment_status":"open","ping_status":"open","sticky":false,"template":"","format":"standard","meta":{"footnotes":""},"categories":[23],"tags":[],"class_list":["post-495971","post","type-post","status-publish","format-standard","has-post-thumbnail","hentry","category-latinoamerica"],"_links":{"self":[{"href":"https:\/\/diarioelpopular.com\/index.php\/wp-json\/wp\/v2\/posts\/495971","targetHints":{"allow":["GET"]}}],"collection":[{"href":"https:\/\/diarioelpopular.com\/index.php\/wp-json\/wp\/v2\/posts"}],"about":[{"href":"https:\/\/diarioelpopular.com\/index.php\/wp-json\/wp\/v2\/types\/post"}],"author":[{"embeddable":true,"href":"https:\/\/diarioelpopular.com\/index.php\/wp-json\/wp\/v2\/users\/99"}],"replies":[{"embeddable":true,"href":"https:\/\/diarioelpopular.com\/index.php\/wp-json\/wp\/v2\/comments?post=495971"}],"version-history":[{"count":1,"href":"https:\/\/diarioelpopular.com\/index.php\/wp-json\/wp\/v2\/posts\/495971\/revisions"}],"predecessor-version":[{"id":495973,"href":"https:\/\/diarioelpopular.com\/index.php\/wp-json\/wp\/v2\/posts\/495971\/revisions\/495973"}],"wp:featuredmedia":[{"embeddable":true,"href":"https:\/\/diarioelpopular.com\/index.php\/wp-json\/wp\/v2\/media\/495972"}],"wp:attachment":[{"href":"https:\/\/diarioelpopular.com\/index.php\/wp-json\/wp\/v2\/media?parent=495971"}],"wp:term":[{"taxonomy":"category","embeddable":true,"href":"https:\/\/diarioelpopular.com\/index.php\/wp-json\/wp\/v2\/categories?post=495971"},{"taxonomy":"post_tag","embeddable":true,"href":"https:\/\/diarioelpopular.com\/index.php\/wp-json\/wp\/v2\/tags?post=495971"}],"curies":[{"name":"wp","href":"https:\/\/api.w.org\/{rel}","templated":true}]}}