{"id":495974,"date":"2021-02-08T12:34:19","date_gmt":"2021-02-08T16:34:19","guid":{"rendered":"https:\/\/diarioelpopular.com\/?p=495974"},"modified":"2021-02-08T12:34:19","modified_gmt":"2021-02-08T16:34:19","slug":"perez-se-consolida-cono-rival-de-arauz-en-balotaje","status":"publish","type":"post","link":"https:\/\/diarioelpopular.com\/index.php\/2021\/02\/08\/perez-se-consolida-cono-rival-de-arauz-en-balotaje\/","title":{"rendered":"P\u00e9rez se consolida cono rival de Arauz en balotaje"},"content":{"rendered":"<div id=\"attachment_495975\" style=\"width: 160px\" class=\"wp-caption alignnone\"><img loading=\"lazy\" decoding=\"async\" aria-describedby=\"caption-attachment-495975\" class=\"size-thumbnail wp-image-495975\" src=\"https:\/\/diarioelpopular.com\/wp-content\/uploads\/2021\/02\/aa836840893de67cb03c6aabc0af301d-150x150.jpg\" alt=\"\" width=\"150\" height=\"150\" \/><p id=\"caption-attachment-495975\" class=\"wp-caption-text\"><em>El candidato Yaku P\u00e9rez. (foto: EPA)<\/em><\/p><\/div>\n<h4><em><strong>Arauz, P\u00e9rez y Lasso, los m\u00e1s votados<\/strong><\/em><\/h4>\n<p><em><strong>QUITO, 08 FEB &#8211;<\/strong><\/em> Con el 97,56% de las actas procesadas, el candidato indigenista Yaku P\u00e9rez se manten\u00eda como el rival en el balotaje presidencia del aspirante corre\u00edsta Andr\u00e9s Arauz.<br \/>\nDe acuerdo con los datos de Consejo Nacional Electoral (CNE), Arauz segu\u00eda en el tope de las preferencias electorales con el 32,20%, P\u00e9rez alcanzaba el 19,80% y Guillermo Lasso el 19,60%.<br \/>\nLos resultados est\u00e1n en consonancia con lo anticipado la noche del domingo cuando el CNE anticip\u00f3 en un conteo r\u00e1pido que habr\u00eda segunda vuelta el pr\u00f3ximo 11 de abril y le dio el triunfo re\u00f1ido a P\u00e9rez, por encima de Lasso, y confirm\u00f3 a Arauz como seguro en la contienda.<br \/>\nEl CNE confirm\u00f3 que el total de votantes que se presentaron en la v\u00edspera a los 4.276 recintos electorales fueron 8.950.484 ciudadanos, mientras que los ausentes contabilizaban 2.066.970 del universo electoral ecuatoriano.<\/p>\n","protected":false},"excerpt":{"rendered":"<p>Arauz, P\u00e9rez y Lasso, los m\u00e1s votados QUITO, 08 FEB &#8211; Con el 97,56% de las actas procesadas, el candidato indigenista Yaku P\u00e9rez se manten\u00eda&hellip;<\/p>\n","protected":false},"author":99,"featured_media":495975,"comment_status":"open","ping_status":"open","sticky":false,"template":"","format":"standard","meta":{"footnotes":""},"categories":[23],"tags":[],"class_list":["post-495974","post","type-post","status-publish","format-standard","has-post-thumbnail","hentry","category-latinoamerica"],"_links":{"self":[{"href":"https:\/\/diarioelpopular.com\/index.php\/wp-json\/wp\/v2\/posts\/495974","targetHints":{"allow":["GET"]}}],"collection":[{"href":"https:\/\/diarioelpopular.com\/index.php\/wp-json\/wp\/v2\/posts"}],"about":[{"href":"https:\/\/diarioelpopular.com\/index.php\/wp-json\/wp\/v2\/types\/post"}],"author":[{"embeddable":true,"href":"https:\/\/diarioelpopular.com\/index.php\/wp-json\/wp\/v2\/users\/99"}],"replies":[{"embeddable":true,"href":"https:\/\/diarioelpopular.com\/index.php\/wp-json\/wp\/v2\/comments?post=495974"}],"version-history":[{"count":1,"href":"https:\/\/diarioelpopular.com\/index.php\/wp-json\/wp\/v2\/posts\/495974\/revisions"}],"predecessor-version":[{"id":495976,"href":"https:\/\/diarioelpopular.com\/index.php\/wp-json\/wp\/v2\/posts\/495974\/revisions\/495976"}],"wp:featuredmedia":[{"embeddable":true,"href":"https:\/\/diarioelpopular.com\/index.php\/wp-json\/wp\/v2\/media\/495975"}],"wp:attachment":[{"href":"https:\/\/diarioelpopular.com\/index.php\/wp-json\/wp\/v2\/media?parent=495974"}],"wp:term":[{"taxonomy":"category","embeddable":true,"href":"https:\/\/diarioelpopular.com\/index.php\/wp-json\/wp\/v2\/categories?post=495974"},{"taxonomy":"post_tag","embeddable":true,"href":"https:\/\/diarioelpopular.com\/index.php\/wp-json\/wp\/v2\/tags?post=495974"}],"curies":[{"name":"wp","href":"https:\/\/api.w.org\/{rel}","templated":true}]}}