{"id":495982,"date":"2021-02-10T12:26:44","date_gmt":"2021-02-10T16:26:44","guid":{"rendered":"https:\/\/diarioelpopular.com\/?p=495982"},"modified":"2021-02-10T12:26:44","modified_gmt":"2021-02-10T16:26:44","slug":"la-mayoria-de-canadienses-dicen-que-los-gobiernos-debieron-haber-actuado-mas-rapido-en-medio-de-covid-19-encuesta-de-ipsos","status":"publish","type":"post","link":"https:\/\/diarioelpopular.com\/index.php\/2021\/02\/10\/la-mayoria-de-canadienses-dicen-que-los-gobiernos-debieron-haber-actuado-mas-rapido-en-medio-de-covid-19-encuesta-de-ipsos\/","title":{"rendered":"La mayor\u00eda de canadienses dicen que los gobiernos debieron haber actuado m\u00e1s r\u00e1pido en medio de COVID-19: encuesta de Ipsos"},"content":{"rendered":"<p><img loading=\"lazy\" decoding=\"async\" class=\"alignnone size-custom-full-size wp-image-495984\" src=\"https:\/\/diarioelpopular.com\/wp-content\/uploads\/2021\/02\/Screen-Shot-2021-02-10-at-11.25.36-AM-636x326.png\" alt=\"\" width=\"636\" height=\"326\" srcset=\"https:\/\/diarioelpopular.com\/wp-content\/uploads\/2021\/02\/Screen-Shot-2021-02-10-at-11.25.36-AM-636x326.png 636w, https:\/\/diarioelpopular.com\/wp-content\/uploads\/2021\/02\/Screen-Shot-2021-02-10-at-11.25.36-AM-300x154.png 300w, https:\/\/diarioelpopular.com\/wp-content\/uploads\/2021\/02\/Screen-Shot-2021-02-10-at-11.25.36-AM-768x394.png 768w, https:\/\/diarioelpopular.com\/wp-content\/uploads\/2021\/02\/Screen-Shot-2021-02-10-at-11.25.36-AM-142x73.png 142w, https:\/\/diarioelpopular.com\/wp-content\/uploads\/2021\/02\/Screen-Shot-2021-02-10-at-11.25.36-AM.png 1024w\" sizes=\"auto, (max-width: 636px) 100vw, 636px\" \/><\/p>\n<h4><em><strong>La mayor\u00eda de los canadienses cree que los gobiernos deber\u00edan haber actuado antes para reducir el n\u00famero de casos de coronavirus en el pa\u00eds, seg\u00fan una nueva encuesta de Ipsos.<\/strong><\/em><\/h4>\n<p><em><strong>OTTAWA.-<\/strong> <\/em>Aproximadamente el 63 por ciento de los canadienses, o apenas dos tercios, dijo que los gobiernos deber\u00edan haber tomado acciones antes con medidas m\u00e1s estrictas, incluidas prohibiciones de viaje, toques de queda y cierres, en un intento por frenar la propagaci\u00f3n del virus.<\/p>\n<p>\u201cLos canadienses esperan que sus gobiernos lideren. Esperan que sus gobiernos tomen las decisiones dif\u00edciles y esperan que sus gobiernos den un ejemplo \u201d, dijo Darrell Bricker, director ejecutivo de Ipsos, en una entrevista con Global News.<\/p>\n<p>&#8220;Y hasta ahora, el 63 por ciento de los canadienses no cree que las instituciones gubernamentales est\u00e9n haciendo el trabajo&#8221;.<\/p>\n<p>El otro tercio dijo que cree que el gobierno tom\u00f3 las mejores decisiones posibles bas\u00e1ndose en la informaci\u00f3n disponible en ese momento. Ese grupo de canadienses tambi\u00e9n dijo que cree que las decisiones se tomaron en un esfuerzo por mantener la econom\u00eda abierta el mayor tiempo posible, seg\u00fan una encuesta de Ipsos.<\/p>\n<p>Los canadienses m\u00e1s j\u00f3venes fueron un poco m\u00e1s comprensivos con el momento del gobierno con respecto a la promulgaci\u00f3n de medidas m\u00e1s estrictas. Un total del 42 por ciento de las personas de entre 18 y 54 a\u00f1os dijo que el gobierno hizo lo mejor que pudo, mientras que solo el 30 por ciento de las personas mayores de 55 a\u00f1os tuvo una visi\u00f3n m\u00e1s conciliadora.<\/p>\n<p>La encuesta tambi\u00e9n profundiz\u00f3 en qui\u00e9n creen los canadienses que es el culpable del recuento actual de casos de COVID-19, y no surgi\u00f3 un culpable claro. Muchos se\u00f1alaron con el dedo al gobierno, pero incluso m\u00e1s canadienses se culparon entre s\u00ed.<\/p>\n<p>\u201cCuando se pregunta qui\u00e9n tiene la mayor culpa de la r\u00e1pida propagaci\u00f3n de los casos y la extensa propagaci\u00f3n de los casos que hemos tenido en Canad\u00e1, s\u00ed, culpan al gobierno hasta cierto punto, pero a una cantidad tremendamente grande de canadienses en realidad se se\u00f1alan a s\u00ed mismos y a otras personas \u201d, dijo Bricker.<\/p>\n<p>\u201cEntonces saben que esto simplemente no es una cuesti\u00f3n de lo que el gobierno nos dice que hagamos. Tambi\u00e9n est\u00e1 muy impulsado por lo que decidimos hacer nosotros mismos. Y para muchos canadienses, sus compatriotas canadienses no est\u00e1n haciendo lo que necesitan para acabar con esta enfermedad &#8220;.<\/p>\n<p>Poco m\u00e1s de tres de cada 10 de los encuestados, un total del 31 por ciento, dijeron que los canadienses individuales eran los m\u00e1s culpables, diciendo que no creen que las personas sigan muy bien las reglas de distanciamiento f\u00edsico. Otro 16 por ciento de los canadienses culp\u00f3 al gobierno federal, y solo el cinco por ciento dijo que los gobiernos provinciales eran los culpables.<\/p>\n<p>Sin embargo, profundizando en esa cifra, el 10 por ciento de los canadienses de 18 a 34 a\u00f1os culparon a las provincias, en comparaci\u00f3n con solo el cuatro por ciento de los de 35 a 54 a\u00f1os. Mientras tanto, solo el dos por ciento de los canadienses mayores de 55 a\u00f1os culparon a los gobiernos provinciales.<\/p>\n<p>Las provincias tienen jurisdicci\u00f3n sobre la salud y la educaci\u00f3n, lo que significa que a medida que el virus se propaga, tomaron la iniciativa de imponer cierres de escuelas, toques de queda o cierres de escuelas espec\u00edficos. Las provincias tambi\u00e9n han sido encargadas de administrar las vacunas, mientras que el gobierno federal est\u00e1 tomando la iniciativa en la compra de las dosis.<\/p>\n<p>Sin embargo, los federales son responsables de imponer prohibiciones de viaje y han tomado la iniciativa en algunos otros aspectos de la respuesta al coronavirus, lo que significa que cada nivel de gobierno es responsable de parte de la jurisdicci\u00f3n cuando se trata de promulgar restricciones.<\/p>\n<p>\u201cLa gente tiene una comprensi\u00f3n bastante pr\u00e1ctica de c\u00f3mo se propaga (COVID-19). No es m\u00edstico. Saben que viene de otros lugares y luego se transmite a trav\u00e9s de la poblaci\u00f3n en general &#8220;, dijo Bricker.<\/p>\n<p>\u201c\u00bfPor qu\u00e9 los gobiernos tardaron tanto en restringir la capacidad de las personas para cruzar nuestras fronteras? Entonces ese es uno que tiene que estar en el escritorio del gobierno federal. Pero luego todo se reduce a preguntas sobre qu\u00e9 han estado haciendo las provincias para detener la propagaci\u00f3n dentro de sus propias jurisdicciones. Y el p\u00fablico tambi\u00e9n lo encuentra deficiente &#8220;.<\/p>\n<p>Ipsos tambi\u00e9n pregunt\u00f3 a los canadienses si las empresas o las agencias farmac\u00e9uticas tienen la culpa de los recuentos de casos de COVID-19, pero solo el dos por ciento cree que ese es el caso. Esa cifra est\u00e1 compuesta principalmente por canadienses m\u00e1s j\u00f3venes, ya que el siete por ciento de los de 18 a 34 a\u00f1os culparon a las compa\u00f1\u00edas farmac\u00e9uticas, en comparaci\u00f3n con el uno por ciento de los de 25 a 54 a\u00f1os. Ning\u00fan canadiense mayor de 55 a\u00f1os cree que estas compa\u00f1\u00edas deber\u00edan tener la culpa.<\/p>\n<p>Hubo otros datos demogr\u00e1ficos que obtuvieron resultados diferentes en lo que respecta al juego de la culpa.<\/p>\n<p>Los canadienses que ganan m\u00e1s de $ 100,000 al a\u00f1o eran m\u00e1s propensos a culpar a los canadienses individuales por no seguir los protocolos COVID-19 correctamente, mientras que menos canadienses que ganan menos de $ 40,000 por a\u00f1o dijeron que la propagaci\u00f3n del virus es atribuible a sus pares.<\/p>\n<p>Mientras tanto, los residentes de Columbia Brit\u00e1nica, Quebec y el Atl\u00e1ntico de Canad\u00e1 tambi\u00e9n eran m\u00e1s propensos a culpar al canadiense promedio que a los que viv\u00edan en Alberta.<\/p>\n<p>Tambi\u00e9n hubo quienes se inclinaron por jugar el juego de la culpa m\u00e1s extremo. M\u00e1s de una cuarta parte de los encuestados dicen que todos tienen la misma culpa de la propagaci\u00f3n del COVID-19, mientras que poco menos de una quinta parte de los canadienses dijeron que no es culpa de nadie.<\/p>\n<p><em>Las encuestas exclusivas de Global News Ipsos est\u00e1n protegidas por derechos de autor. La informaci\u00f3n y \/ o los datos solo se pueden retransmitir o publicar con el cr\u00e9dito y la atribuci\u00f3n completos y adecuados a &#8220;Global News Ipsos&#8221;. Esta encuesta se realiz\u00f3 entre el 2 y el 3 de febrero de 2021, con una muestra de 1,000 canadienses mayores de 18 a\u00f1os entrevistados en l\u00ednea. La precisi\u00f3n de las encuestas en l\u00ednea de Ipsos se mide mediante un intervalo de credibilidad. Esta encuesta tiene una precisi\u00f3n de \u00b1 3,5 puntos porcentuales, 19 de cada 20 veces, si todos los canadienses mayores de 18 a\u00f1os hubieran sido encuestados.<\/em><\/p>\n<p>&nbsp;<\/p>\n<h4><em><strong>Ontario reporta 1.072 nuevos casos de coronavirus, 41 muertes m\u00e1s<\/strong><\/em><\/h4>\n<p><img loading=\"lazy\" decoding=\"async\" class=\"alignnone size-custom-full-size wp-image-495983\" src=\"https:\/\/diarioelpopular.com\/wp-content\/uploads\/2021\/02\/Screen-Shot-2021-02-10-at-11.17.14-AM-636x368.png\" alt=\"\" width=\"636\" height=\"368\" srcset=\"https:\/\/diarioelpopular.com\/wp-content\/uploads\/2021\/02\/Screen-Shot-2021-02-10-at-11.17.14-AM-636x368.png 636w, https:\/\/diarioelpopular.com\/wp-content\/uploads\/2021\/02\/Screen-Shot-2021-02-10-at-11.17.14-AM-300x174.png 300w, https:\/\/diarioelpopular.com\/wp-content\/uploads\/2021\/02\/Screen-Shot-2021-02-10-at-11.17.14-AM-768x444.png 768w, https:\/\/diarioelpopular.com\/wp-content\/uploads\/2021\/02\/Screen-Shot-2021-02-10-at-11.17.14-AM-126x73.png 126w, https:\/\/diarioelpopular.com\/wp-content\/uploads\/2021\/02\/Screen-Shot-2021-02-10-at-11.17.14-AM.png 1024w\" sizes=\"auto, (max-width: 636px) 100vw, 636px\" \/><\/p>\n<p><em>Actualizado mi\u00e9rcoles 10 de febrero de 2021 11:17 a.m.<\/em><\/p>\n<p>Ontario report\u00f3 1.072 nuevos casos de coronavirus este mi\u00e9rcoles, lo que eleva el total provincial a 281.566.<\/p>\n<p>El recuento de casos del mi\u00e9rcoles es ligeramente superior al del martes, en el que se registraron 1.022 nuevas infecciones. Sin embargo, hubo unas 20.000 pruebas m\u00e1s procesadas el mi\u00e9rcoles que el martes. El lunes se registraron 1.265 casos nuevos y el domingo 1.484.<\/p>\n<p>Seg\u00fan el informe provincial del mi\u00e9rcoles, se registraron 393 casos en Toronto, 196 en la regi\u00f3n de Peel y 125 en la regi\u00f3n de York.<\/p>\n<p>Todas las dem\u00e1s unidades de salud p\u00fablica locales informaron menos de 50 casos nuevos en el informe provincial del mi\u00e9rcoles.<\/p>\n<p>El n\u00famero de muertos en la provincia ha aumentado a 6.596, ya que se informaron 41 muertes m\u00e1s.<\/p>\n<p>Los funcionarios han incluido una secci\u00f3n para casos variantes confirmados y han enumerado 228 casos de variantes del Reino Unido (B.1.1.7) y tres variantes sudafricanas (B.1.351) detectadas hasta ahora en la provincia. A \u00faltima hora de la tarde del domingo, Toronto Public Health detect\u00f3 el primer caso de variante de COVID-19 brasile\u00f1o conocido.<\/p>\n<p>Mientras tanto, se inform\u00f3 que 261,700 habitantes de Ontario se hab\u00edan recuperado del COVID-19, que es el 93 por ciento de los casos conocidos.<\/p>\n<p>Los casos resueltos aumentaron en 1.709 respecto al d\u00eda anterior. Hubo m\u00e1s casos resueltos que casos nuevos el mi\u00e9rcoles.<\/p>\n<p>Los casos activos en Ontario ahora ascienden a 13.270, por debajo del d\u00eda anterior cuando eran 13.948, y por debajo del mi\u00e9rcoles pasado en 16.811.<\/p>\n<p>El promedio de siete d\u00edas ha llegado a 1.353, por debajo de ayer en 1.367 y por debajo de la semana pasada en 1.675, lo que muestra una tendencia a la baja en nuevos casos.<\/p>\n<p>Ontario inform\u00f3 que 948 personas fueron hospitalizadas con COVID-19 (39 m\u00e1s que el d\u00eda anterior) con 313 pacientes en unidades de cuidados intensivos (cinco menos) y 226 pacientes en UCI con ventilador (tres tres).<\/p>\n<p>El gobierno dijo que se procesaron 52.504 pruebas en las \u00faltimas 24 horas. Actualmente hay una acumulaci\u00f3n de 41,725 \u200b\u200bpruebas en espera de resultados. Se han realizado un total de 10.137.627 pruebas desde el inicio de la pandemia.<\/p>\n<p>La positividad de las pruebas, el porcentaje de pruebas que dan positivo, para el mi\u00e9rcoles fue del 2.5 por ciento, por debajo del martes cuando fue del 3.3 por ciento, y por debajo de hace una semana tambi\u00e9n en el 3.3 por ciento.<\/p>\n<p>A partir de las 8 p.m. el martes, la provincia ha administrado 412.119 dosis de la vacuna COVID-19.<\/p>\n<p>Aqu\u00ed hay un desglose del total de casos en Ontario por g\u00e9nero y edad:<\/p>\n<p>137.879 personas son hombres, un aumento de 592 casos.<br \/>\n142.028 personas son mujeres, un aumento de 467 casos.<br \/>\n36.863 personas tienen 19 a\u00f1os o menos, un aumento de 162 casos.<br \/>\n102,919 personas tienen entre 20 y 39 a\u00f1os, un aumento de 388 casos.<br \/>\n81.415 personas tienen entre 40 y 59 a\u00f1os, un aumento de 298 casos.<br \/>\n40.727 personas tienen entre 60 y 79 a\u00f1os, un aumento de 175 casos.<br \/>\n19.591 personas tienen 80 a\u00f1os o m\u00e1s, un aumento de 50 casos.<br \/>\nLa provincia se\u00f1ala que no todos los casos tienen una edad o sexo reportados.<br \/>\nAqu\u00ed hay un desglose del total de muertes relacionadas con COVID-19 por edad:<\/p>\n<p>Muertes reportadas en menores de 19 a\u00f1os: 2<br \/>\nMuertes reportadas en edades de 20 a 39: 26<br \/>\nMuertes reportadas en edades de 40 a 59: 256<br \/>\nMuertes reportadas en edades de 60 a 79: 1,790<br \/>\nMuertes reportadas en 80 a\u00f1os o m\u00e1s: 4.521<br \/>\nLa provincia se\u00f1ala que puede haber un retraso en la notificaci\u00f3n de las muertes y que las correcciones o actualizaciones de datos pueden resultar en la eliminaci\u00f3n de los registros de defunci\u00f3n.<\/p>\n<p><em><strong>Hogares de atenci\u00f3n a largo plazo de Ontario<\/strong><\/em><\/p>\n<p>Seg\u00fan el Ministerio de Atenci\u00f3n a Largo Plazo, se han reportado 3.683 muertes entre residentes y pacientes en hogares de atenci\u00f3n a largo plazo en Ontario, lo que representa un aumento de 15 muertes. Se han informado 11 muertes relacionadas con virus en total entre el personal.<\/p>\n<p>&nbsp;<\/p>\n<p>&nbsp;<\/p>\n","protected":false},"excerpt":{"rendered":"<p>La mayor\u00eda de los canadienses cree que los gobiernos deber\u00edan haber actuado antes para reducir el n\u00famero de casos de coronavirus en el pa\u00eds, seg\u00fan&hellip;<\/p>\n","protected":false},"author":99,"featured_media":495984,"comment_status":"open","ping_status":"open","sticky":false,"template":"","format":"standard","meta":{"footnotes":""},"categories":[21,11191],"tags":[],"class_list":["post-495982","post","type-post","status-publish","format-standard","has-post-thumbnail","hentry","category-canada","category-top-news"],"_links":{"self":[{"href":"https:\/\/diarioelpopular.com\/index.php\/wp-json\/wp\/v2\/posts\/495982","targetHints":{"allow":["GET"]}}],"collection":[{"href":"https:\/\/diarioelpopular.com\/index.php\/wp-json\/wp\/v2\/posts"}],"about":[{"href":"https:\/\/diarioelpopular.com\/index.php\/wp-json\/wp\/v2\/types\/post"}],"author":[{"embeddable":true,"href":"https:\/\/diarioelpopular.com\/index.php\/wp-json\/wp\/v2\/users\/99"}],"replies":[{"embeddable":true,"href":"https:\/\/diarioelpopular.com\/index.php\/wp-json\/wp\/v2\/comments?post=495982"}],"version-history":[{"count":1,"href":"https:\/\/diarioelpopular.com\/index.php\/wp-json\/wp\/v2\/posts\/495982\/revisions"}],"predecessor-version":[{"id":495985,"href":"https:\/\/diarioelpopular.com\/index.php\/wp-json\/wp\/v2\/posts\/495982\/revisions\/495985"}],"wp:featuredmedia":[{"embeddable":true,"href":"https:\/\/diarioelpopular.com\/index.php\/wp-json\/wp\/v2\/media\/495984"}],"wp:attachment":[{"href":"https:\/\/diarioelpopular.com\/index.php\/wp-json\/wp\/v2\/media?parent=495982"}],"wp:term":[{"taxonomy":"category","embeddable":true,"href":"https:\/\/diarioelpopular.com\/index.php\/wp-json\/wp\/v2\/categories?post=495982"},{"taxonomy":"post_tag","embeddable":true,"href":"https:\/\/diarioelpopular.com\/index.php\/wp-json\/wp\/v2\/tags?post=495982"}],"curies":[{"name":"wp","href":"https:\/\/api.w.org\/{rel}","templated":true}]}}