{"id":495997,"date":"2021-02-11T13:07:40","date_gmt":"2021-02-11T17:07:40","guid":{"rendered":"https:\/\/diarioelpopular.com\/?p=495997"},"modified":"2021-02-11T13:07:40","modified_gmt":"2021-02-11T17:07:40","slug":"una-segunda-ola-progresista","status":"publish","type":"post","link":"https:\/\/diarioelpopular.com\/index.php\/2021\/02\/11\/una-segunda-ola-progresista\/","title":{"rendered":"\u00bfUna segunda ola progresista?"},"content":{"rendered":"<div id=\"attachment_495998\" style=\"width: 646px\" class=\"wp-caption alignnone\"><img loading=\"lazy\" decoding=\"async\" aria-describedby=\"caption-attachment-495998\" class=\"size-custom-full-size wp-image-495998\" src=\"https:\/\/diarioelpopular.com\/wp-content\/uploads\/2021\/02\/Marcel-Lhermitte_3039-636x421.jpg\" alt=\"\" width=\"636\" height=\"421\" srcset=\"https:\/\/diarioelpopular.com\/wp-content\/uploads\/2021\/02\/Marcel-Lhermitte_3039-636x421.jpg 636w, https:\/\/diarioelpopular.com\/wp-content\/uploads\/2021\/02\/Marcel-Lhermitte_3039-300x199.jpg 300w, https:\/\/diarioelpopular.com\/wp-content\/uploads\/2021\/02\/Marcel-Lhermitte_3039-768x509.jpg 768w, https:\/\/diarioelpopular.com\/wp-content\/uploads\/2021\/02\/Marcel-Lhermitte_3039-85x55.jpg 85w, https:\/\/diarioelpopular.com\/wp-content\/uploads\/2021\/02\/Marcel-Lhermitte_3039-1990x1318.jpg 1990w, https:\/\/diarioelpopular.com\/wp-content\/uploads\/2021\/02\/Marcel-Lhermitte_3039-1200x795.jpg 1200w, https:\/\/diarioelpopular.com\/wp-content\/uploads\/2021\/02\/Marcel-Lhermitte_3039-110x73.jpg 110w, https:\/\/diarioelpopular.com\/wp-content\/uploads\/2021\/02\/Marcel-Lhermitte_3039.jpg 1024w\" sizes=\"auto, (max-width: 636px) 100vw, 636px\" \/><p id=\"caption-attachment-495998\" class=\"wp-caption-text\"><em>Marcel Lhermitte<\/em><br \/><em>Montevideo, Uruguay<\/em><\/p><\/div>\n<p>Los relatos van tejiendo la historia. Enunciados que van prevaleciendo e imponi\u00e9ndose unos sobre otros, que cuentan con la complicidad de los medios de comunicaci\u00f3n y con las sentencias de los formadores de opini\u00f3n. Generan un clima social y un sentir ciudadano. A veces se sostienen sobre bases reales, pero en muchas oportunidades terminan siendo ficticios, meras pompas de jab\u00f3n que explotan antes o despu\u00e9s, solo les hace falta tiempo para su disoluci\u00f3n.<\/p>\n<p>El domingo 7 de febrero Ecuador fue a las urnas. Las encuestas preve\u00edan que solo exist\u00edan tres candidatos con chances de alcanzar la Presidencia: Andr\u00e9s Arauz (Uni\u00f3n por la Esperanza), Yaku P\u00e9rez (Pachakutik) y Guillermo Lasso (CREO).<\/p>\n<p>Arauz (36 a\u00f1os), es economista y fue ministro en el gobierno del expresidente Rafael Correa, es el delf\u00edn pol\u00edtico del l\u00edder ecuatoriano. P\u00e9rez (51 a\u00f1os), pertenece al movimiento ind\u00edgena Pachakutik, es doctor en Jurisprudencia y expresidente de la Confederaci\u00f3n de los Pueblos de la Nacionalidad Kichwa. Lasso (65 a\u00f1os), es banquero, exministro durante la presidencia de Jamil Mahuad, ex gobernador y candidato a presidente por tercera vez.<\/p>\n<p>Al momento de escribir estas l\u00edneas \u2013martes 9 de febrero\u2013 a\u00fan no est\u00e1 el resultado definitivo de las elecciones, pero s\u00ed pueden hacerse algunas lecturas, que ata\u00f1en al proceso eleccionario, a Ecuador y a nuestra Am\u00e9rica Latina.<\/p>\n<p>Habr\u00e1 segunda vuelta en Ecuador. Ser\u00e1 entre Arauz (32%) y quien logre imponerse en las urnas entre P\u00e9rez y Lasso (alrededor del 20% ambos) que, seg\u00fan el escrutinio, est\u00e1n peleando voto a voto el pasaje al balotaje con una leve ventaja para el l\u00edder de Pachakutik, que no es definitiva, y que podr\u00eda demorar hasta diez d\u00edas en confirmarse.<\/p>\n<p>En el escenario Arauz \u2013 Lasso es claramente favorito el representante de la Revoluci\u00f3n Ciudadana, ya que los votos de los progresistas dif\u00edcilmente apoyen al candidato de la derecha; en cambio, una segunda vuelta entre Arauz y P\u00e9rez, dos candidatos progresistas se prev\u00e9 que ser\u00eda mucho m\u00e1s disputada, ya que pesar\u00eda el voto del segmento anticorre\u00edsta, m\u00e1s all\u00e1 del clivaje izquierda \u2013 derecha, y eso beneficiar\u00eda al l\u00edder ind\u00edgena. Claro est\u00e1 que en ambos escenarios el favorito contin\u00faa siendo el referente de la Uni\u00f3n por la Esperanza, m\u00e1s all\u00e1 de que falta una nueva campa\u00f1a electoral y redefinir c\u00f3mo se pronuncian el resto de los l\u00edderes ecuatorianos.<\/p>\n<p>Si bien no se puede vender la piel del oso antes de cazarlo, lo que s\u00ed parece casi sentenciado, es que Ecuador volver\u00e1 a la senda progresista, posiblemente con Arauz, que present\u00f3 en su campa\u00f1a el mensaje de \u201cVamos a recuperar el futuro\u201d, en alusi\u00f3n a la Revoluci\u00f3n Ciudadana de Correa, e incluso se apoy\u00f3 en las pautas publicitarias en el expresidente, m\u00e1s all\u00e1 de censuras que impuso el \u00f3rgano electoral a todos los <em>spots<\/em> en los que apareciera el antiguo mandatario.<\/p>\n<p>Lo curioso del anunciado regreso al camino de la Revoluci\u00f3n Ciudadana es que la ciudadan\u00eda, en las elecciones de 2017 ya lo hab\u00eda definido, cuando vot\u00f3 como presidente al candidato de Alianza Pa\u00eds, Len\u00edn Moreno, que parad\u00f3jicamente se enfrent\u00f3 en un balotaje al mismo Guillermo Lasso, que hoy pugna por llegar a segunda vuelta. Sorprendentemente, al poco tiempo de asumir como jefe de Estado, Moreno, vir\u00f3 su gobierno hacia la derecha y se constituy\u00f3 en enemigo de Correa y de quienes lo hab\u00edan llevado hasta la presidencia. Los ecuatorianos tuvieron durante cuatro a\u00f1os un gobierno con un programa que no hab\u00edan elegido.<\/p>\n<p>Esta situaci\u00f3n no parece nueva en Am\u00e9rica Latina. En la primera d\u00e9cada del siglo nos encontramos con lo que muchos analistas pol\u00edticos denominaron la ola progresista, era el auge de los gobiernos de Lula en Brasil, Kirchner en Argentina, Ch\u00e1vez en Venezuela, Evo Morales en Bolivia, Fernando Lugo en Paraguay, Bachelet en Chile, Correa en Ecuador y Tabar\u00e9 V\u00e1zquez o Mujica en Uruguay.<\/p>\n<p>Pocos a\u00f1os despu\u00e9s se instal\u00f3 el relato del fin de esa era, y del comienzo de un ciclo en donde los conservadores gobernaban la regi\u00f3n. Tiempos de Bolsonaro en Brasil, Macri en Argentina, Pi\u00f1era en Chile, Moreno en Ecuador, Santos o Duque en Colombia, Abdo en Paraguay, A\u00f1ez en Bolivia, Kuczynski en Per\u00fa y Lacalle Pou en Uruguay.<\/p>\n<p>El tiempo \u2013o la ciudadan\u00eda\u2013 se encarg\u00f3 de poner en su lugar a dos pa\u00edses: Bolivia y Ecuador, ya que Moreno hab\u00eda sido electo para continuar con la Revoluci\u00f3n Ciudadana y tom\u00f3 el camino inverso, mientras que \u00c1\u00f1ez fue presidenta de facto, cuando se derroc\u00f3 al gobierno de Evo Morales por presuntas irregularidades \u2013con una devaluada OEA como testigo\u2013 en las elecciones presidenciales. Los nuevos comicios llevaron a Luis Arce, candidato del MAS y delf\u00edn pol\u00edtico de Evo Morales a continuar la senda trazada por el l\u00edder ind\u00edgena. Tambi\u00e9n el triunfo de Bolsonaro en Brasil estuvo te\u00f1ido de irregularidades, cuando se le neg\u00f3 a Lula \u2013que encabezaba ampliamente todas las encuestas\u2013 participar de las elecciones al ser encarcelado en un proceso judicial irregular.<\/p>\n<p>Renovados liderazgos surgen en Am\u00e9rica Latina, para el debate quedar\u00e1 si se trata de una segunda ola progresista o si a\u00fan es la primera, que estaba siendo ahogada con un relato hegem\u00f3nico que anunciaba la instauraci\u00f3n de la neoderecha continental.<\/p>\n<p><strong>Marcel Lhermitte<\/strong> es consultor en comunicaci\u00f3n pol\u00edtica y campa\u00f1as electorales. Periodista, licenciado en Ciencias de la Comunicaci\u00f3n y mag\u00edster en Comunicaci\u00f3n Pol\u00edtica y gesti\u00f3n de Campa\u00f1as Electorales. Ha asesorado a candidatos y colectivos progresistas en Uruguay, Chile, Rep\u00fablica Dominicana, Francia y Espa\u00f1a fundamentalmente.<\/p>\n","protected":false},"excerpt":{"rendered":"<p>Los relatos van tejiendo la historia. Enunciados que van prevaleciendo e imponi\u00e9ndose unos sobre otros, que cuentan con la complicidad de los medios de comunicaci\u00f3n&hellip;<\/p>\n","protected":false},"author":99,"featured_media":495998,"comment_status":"open","ping_status":"open","sticky":false,"template":"","format":"standard","meta":{"footnotes":""},"categories":[23],"tags":[],"class_list":["post-495997","post","type-post","status-publish","format-standard","has-post-thumbnail","hentry","category-latinoamerica"],"_links":{"self":[{"href":"https:\/\/diarioelpopular.com\/index.php\/wp-json\/wp\/v2\/posts\/495997","targetHints":{"allow":["GET"]}}],"collection":[{"href":"https:\/\/diarioelpopular.com\/index.php\/wp-json\/wp\/v2\/posts"}],"about":[{"href":"https:\/\/diarioelpopular.com\/index.php\/wp-json\/wp\/v2\/types\/post"}],"author":[{"embeddable":true,"href":"https:\/\/diarioelpopular.com\/index.php\/wp-json\/wp\/v2\/users\/99"}],"replies":[{"embeddable":true,"href":"https:\/\/diarioelpopular.com\/index.php\/wp-json\/wp\/v2\/comments?post=495997"}],"version-history":[{"count":1,"href":"https:\/\/diarioelpopular.com\/index.php\/wp-json\/wp\/v2\/posts\/495997\/revisions"}],"predecessor-version":[{"id":495999,"href":"https:\/\/diarioelpopular.com\/index.php\/wp-json\/wp\/v2\/posts\/495997\/revisions\/495999"}],"wp:featuredmedia":[{"embeddable":true,"href":"https:\/\/diarioelpopular.com\/index.php\/wp-json\/wp\/v2\/media\/495998"}],"wp:attachment":[{"href":"https:\/\/diarioelpopular.com\/index.php\/wp-json\/wp\/v2\/media?parent=495997"}],"wp:term":[{"taxonomy":"category","embeddable":true,"href":"https:\/\/diarioelpopular.com\/index.php\/wp-json\/wp\/v2\/categories?post=495997"},{"taxonomy":"post_tag","embeddable":true,"href":"https:\/\/diarioelpopular.com\/index.php\/wp-json\/wp\/v2\/tags?post=495997"}],"curies":[{"name":"wp","href":"https:\/\/api.w.org\/{rel}","templated":true}]}}