{"id":496022,"date":"2021-02-12T13:26:59","date_gmt":"2021-02-12T17:26:59","guid":{"rendered":"https:\/\/diarioelpopular.com\/?p=496022"},"modified":"2021-02-12T13:26:59","modified_gmt":"2021-02-12T17:26:59","slug":"plan-de-vacunacion-contra-el-covid-19-en-chile-incluira-a-extranjeros-irregulares","status":"publish","type":"post","link":"https:\/\/diarioelpopular.com\/index.php\/2021\/02\/12\/plan-de-vacunacion-contra-el-covid-19-en-chile-incluira-a-extranjeros-irregulares\/","title":{"rendered":"Plan de vacunaci\u00f3n contra el COVID-19 en Chile incluir\u00e1 a extranjeros irregulares"},"content":{"rendered":"<div id=\"attachment_496023\" style=\"width: 646px\" class=\"wp-caption alignnone\"><img loading=\"lazy\" decoding=\"async\" aria-describedby=\"caption-attachment-496023\" class=\"size-custom-full-size wp-image-496023\" src=\"https:\/\/diarioelpopular.com\/wp-content\/uploads\/2021\/02\/vacunacio--n_en_chile-636x442.jpg\" alt=\"\" width=\"636\" height=\"442\" srcset=\"https:\/\/diarioelpopular.com\/wp-content\/uploads\/2021\/02\/vacunacio--n_en_chile-636x442.jpg 636w, https:\/\/diarioelpopular.com\/wp-content\/uploads\/2021\/02\/vacunacio--n_en_chile-300x209.jpg 300w, https:\/\/diarioelpopular.com\/wp-content\/uploads\/2021\/02\/vacunacio--n_en_chile-80x55.jpg 80w, https:\/\/diarioelpopular.com\/wp-content\/uploads\/2021\/02\/vacunacio--n_en_chile-105x73.jpg 105w, https:\/\/diarioelpopular.com\/wp-content\/uploads\/2021\/02\/vacunacio--n_en_chile.jpg 700w\" sizes=\"auto, (max-width: 636px) 100vw, 636px\" \/><p id=\"caption-attachment-496023\" class=\"wp-caption-text\"><em>Desde el 3 de febrero Chile ha logrado vacunar con al menos una dosis a casi de 1,4 millones de personas.<\/em><\/p><\/div>\n<h4><em><strong>El gobierno chileno tiene como meta vacunar a cinco millones de personas antes del final de marzo.<\/strong><\/em><\/h4>\n<p><em><strong>SANTIAGO.-<\/strong> <\/em>Las autoridades sanitarias de Chile aclararon que la inmunizaci\u00f3n contra el coronavirus incluye a extranjeros irregulares que se encuentren en el pa\u00eds, en medio de las cr\u00edticas que gener\u00f3 el cambio en el protocolo para evitar el \u201cturismo de vacunas\u201d.<\/p>\n<p>La subsecretaria de Salud, Paula Daza, explic\u00f3 que \u201ctodas las personas que est\u00e1n en Chile en distintas situaciones de residencia -personas que est\u00e1n en proceso de sacar su visa o de normalizaci\u00f3n- y que viven en Chile tienen derecho a la vacuna\u201d.<\/p>\n<p>\u201cLo que no queremos es que esto se transforme en un turismo de vacuna\u201d, agreg\u00f3 la autoridad sanitaria repitiendo un concepto definido as\u00ed por un programa de televisi\u00f3n en Per\u00fa.<\/p>\n<p>El mi\u00e9rcoles, tras la difusi\u00f3n en Chile de un reportaje de una cadena de televisi\u00f3n peruana que explicaba que por unos 1.000 d\u00f3lares se pod\u00eda viajar a Chile, hospedarse y recibir la vacuna gratis, la Canciller\u00eda anunci\u00f3 la modificaci\u00f3n del criterio de inmunizaci\u00f3n para extranjeros.<\/p>\n<p>El canciller, Andr\u00e9s Allamand, dijo que no tendr\u00edan derecho a vacunarse los extranjeros que est\u00e9n en el pa\u00eds con una visa de turista ni \u201ctampoco van a poder vacunarse los extranjeros que est\u00e9n en el pa\u00eds en una situaci\u00f3n irregular, pero que no hayan iniciado los tr\u00e1mites de solicitud de una visa temporal o definitiva\u201d.<\/p>\n<p>Este \u00faltimo punto fue el que gener\u00f3 m\u00e1s pol\u00e9mica, sobre todo al considerar al gran n\u00famero de migrantes (m\u00e1s de 1,5 millones) que han ingresado a Chile en los \u00faltimos a\u00f1os, en su mayor\u00eda provenientes de Venezuela, que desde 2017 llegan en condiciones muy precarias y algunos sin documentos de identidad por las dificultades para adquirirlos en su pa\u00eds.<\/p>\n<p>Chile estableci\u00f3 en 2018, solo para los venezolanos, una Visa de Responsabilidad Democr\u00e1tica, cuyos requisitos son para la mayor\u00eda de quienes salen a pie de su pa\u00eds imposibles de obtener, como un pasaporte vigente y certificados de matrimonio o de nacimiento apostillados.<\/p>\n<p>Quienes logran entrar al pa\u00eds tras una ruta clandestina pueden autodenunciarse y, seg\u00fan explic\u00f3 el Gobierno este jueves, \u201cinmediatamente tienen Fonasa A\u201d, un plan de cobertura m\u00e9dica b\u00e1sica y universal, que contempla las vacunas.<\/p>\n<p>El Colegio M\u00e9dico hab\u00eda criticado el anuncio del canciller el mi\u00e9rcoles al afirmar que limitar la vacunaci\u00f3n \u201cafectar\u00e1 a migrantes en condici\u00f3n de mayor vulnerabilidad\u201d y atenta contra la salud de toda la poblaci\u00f3n.<\/p>\n<p>\u201cTodas las personas que han ingresado de forma irregular y hacen una autodenuncia ante la Polic\u00eda ya est\u00e1n en el calendario de vacunaci\u00f3n\u201d, reiter\u00f3 Daza este jueves.<\/p>\n<p>Desde el 3 de febrero Chile ha logrado vacunar con al menos una dosis a casi 1,4 millones de personas.<\/p>\n<p>La meta del Gobierno es vacunar a cinco millones de personas antes del final de marzo y llegar a 15 de los casi 19 millones de habitantes del pa\u00eds a fines de junio.<\/p>\n","protected":false},"excerpt":{"rendered":"<p>El gobierno chileno tiene como meta vacunar a cinco millones de personas antes del final de marzo. SANTIAGO.- Las autoridades sanitarias de Chile aclararon que&hellip;<\/p>\n","protected":false},"author":99,"featured_media":496023,"comment_status":"open","ping_status":"open","sticky":false,"template":"","format":"standard","meta":{"footnotes":""},"categories":[23],"tags":[],"class_list":["post-496022","post","type-post","status-publish","format-standard","has-post-thumbnail","hentry","category-latinoamerica"],"_links":{"self":[{"href":"https:\/\/diarioelpopular.com\/index.php\/wp-json\/wp\/v2\/posts\/496022","targetHints":{"allow":["GET"]}}],"collection":[{"href":"https:\/\/diarioelpopular.com\/index.php\/wp-json\/wp\/v2\/posts"}],"about":[{"href":"https:\/\/diarioelpopular.com\/index.php\/wp-json\/wp\/v2\/types\/post"}],"author":[{"embeddable":true,"href":"https:\/\/diarioelpopular.com\/index.php\/wp-json\/wp\/v2\/users\/99"}],"replies":[{"embeddable":true,"href":"https:\/\/diarioelpopular.com\/index.php\/wp-json\/wp\/v2\/comments?post=496022"}],"version-history":[{"count":1,"href":"https:\/\/diarioelpopular.com\/index.php\/wp-json\/wp\/v2\/posts\/496022\/revisions"}],"predecessor-version":[{"id":496024,"href":"https:\/\/diarioelpopular.com\/index.php\/wp-json\/wp\/v2\/posts\/496022\/revisions\/496024"}],"wp:featuredmedia":[{"embeddable":true,"href":"https:\/\/diarioelpopular.com\/index.php\/wp-json\/wp\/v2\/media\/496023"}],"wp:attachment":[{"href":"https:\/\/diarioelpopular.com\/index.php\/wp-json\/wp\/v2\/media?parent=496022"}],"wp:term":[{"taxonomy":"category","embeddable":true,"href":"https:\/\/diarioelpopular.com\/index.php\/wp-json\/wp\/v2\/categories?post=496022"},{"taxonomy":"post_tag","embeddable":true,"href":"https:\/\/diarioelpopular.com\/index.php\/wp-json\/wp\/v2\/tags?post=496022"}],"curies":[{"name":"wp","href":"https:\/\/api.w.org\/{rel}","templated":true}]}}