{"id":496043,"date":"2021-02-14T14:02:13","date_gmt":"2021-02-14T18:02:13","guid":{"rendered":"https:\/\/diarioelpopular.com\/?p=496043"},"modified":"2021-02-14T14:02:13","modified_gmt":"2021-02-14T18:02:13","slug":"peru-si-falta-oxigeno-confiscacion","status":"publish","type":"post","link":"https:\/\/diarioelpopular.com\/index.php\/2021\/02\/14\/peru-si-falta-oxigeno-confiscacion\/","title":{"rendered":"Per\u00fa: si falta ox\u00edgeno, confiscaci\u00f3n"},"content":{"rendered":"<div id=\"attachment_496044\" style=\"width: 160px\" class=\"wp-caption alignnone\"><img loading=\"lazy\" decoding=\"async\" aria-describedby=\"caption-attachment-496044\" class=\"size-thumbnail wp-image-496044\" src=\"https:\/\/diarioelpopular.com\/wp-content\/uploads\/2021\/02\/1cbe8fec942a9530bb318bf57597954e-150x150.jpg\" alt=\"\" width=\"150\" height=\"150\" \/><p id=\"caption-attachment-496044\" class=\"wp-caption-text\"><em>Ox\u00edgeno, vital en el tratamiento de los pacientes con Covid-19<\/em><\/p><\/div>\n<h4><em><strong>El estado puede hacer uso de los stocks de empresas y privados<\/strong><\/em><\/h4>\n<p><em><strong>LIMA 13 FEB &#8211;<\/strong><\/em> El presidente de Per\u00fa, Francisco Sagasti, anunci\u00f3 que en pr\u00f3ximamente se publicar\u00e1 un decreto supremo que establece un procedimiento para que las empresas productoras, importadoras, consumidoras y usuarias de ox\u00edgeno dreporten la cantidad de ox\u00edgeno que disponen.<br \/>\nCon esa informaci\u00f3n, el gobierno podr\u00e1 hacer uso de ese vital elemento para asistencia a los enfermos graves, en medio de la pandemia de Covid-19, de ser necesario, report\u00f3 la emisora RPP.<br \/>\n&#8220;Puedo anunciar que esto saldr\u00e1 en horas, pero hay una cosa m\u00e1s importante: el cambiar de producir ox\u00edgeno para una fundici\u00f3n de cobre a producir ox\u00edgeno de calidad para uso m\u00e9dico no es una tarea que se hace en un d\u00eda ni que se resuelve por decreto supremo ni por una ley, requiere trabajo&#8221;, se\u00f1al\u00f3.<\/p>\n","protected":false},"excerpt":{"rendered":"<p>El estado puede hacer uso de los stocks de empresas y privados LIMA 13 FEB &#8211; El presidente de Per\u00fa, Francisco Sagasti, anunci\u00f3 que en&hellip;<\/p>\n","protected":false},"author":99,"featured_media":496044,"comment_status":"open","ping_status":"open","sticky":false,"template":"","format":"standard","meta":{"footnotes":""},"categories":[23],"tags":[],"class_list":["post-496043","post","type-post","status-publish","format-standard","has-post-thumbnail","hentry","category-latinoamerica"],"_links":{"self":[{"href":"https:\/\/diarioelpopular.com\/index.php\/wp-json\/wp\/v2\/posts\/496043","targetHints":{"allow":["GET"]}}],"collection":[{"href":"https:\/\/diarioelpopular.com\/index.php\/wp-json\/wp\/v2\/posts"}],"about":[{"href":"https:\/\/diarioelpopular.com\/index.php\/wp-json\/wp\/v2\/types\/post"}],"author":[{"embeddable":true,"href":"https:\/\/diarioelpopular.com\/index.php\/wp-json\/wp\/v2\/users\/99"}],"replies":[{"embeddable":true,"href":"https:\/\/diarioelpopular.com\/index.php\/wp-json\/wp\/v2\/comments?post=496043"}],"version-history":[{"count":1,"href":"https:\/\/diarioelpopular.com\/index.php\/wp-json\/wp\/v2\/posts\/496043\/revisions"}],"predecessor-version":[{"id":496045,"href":"https:\/\/diarioelpopular.com\/index.php\/wp-json\/wp\/v2\/posts\/496043\/revisions\/496045"}],"wp:featuredmedia":[{"embeddable":true,"href":"https:\/\/diarioelpopular.com\/index.php\/wp-json\/wp\/v2\/media\/496044"}],"wp:attachment":[{"href":"https:\/\/diarioelpopular.com\/index.php\/wp-json\/wp\/v2\/media?parent=496043"}],"wp:term":[{"taxonomy":"category","embeddable":true,"href":"https:\/\/diarioelpopular.com\/index.php\/wp-json\/wp\/v2\/categories?post=496043"},{"taxonomy":"post_tag","embeddable":true,"href":"https:\/\/diarioelpopular.com\/index.php\/wp-json\/wp\/v2\/tags?post=496043"}],"curies":[{"name":"wp","href":"https:\/\/api.w.org\/{rel}","templated":true}]}}