{"id":496049,"date":"2021-02-14T14:07:55","date_gmt":"2021-02-14T18:07:55","guid":{"rendered":"https:\/\/diarioelpopular.com\/?p=496049"},"modified":"2021-02-14T14:07:55","modified_gmt":"2021-02-14T18:07:55","slug":"fallecio-el-expresidente-carlos-menem","status":"publish","type":"post","link":"https:\/\/diarioelpopular.com\/index.php\/2021\/02\/14\/fallecio-el-expresidente-carlos-menem\/","title":{"rendered":"Falleci\u00f3 el expresidente Carlos Menem"},"content":{"rendered":"<div id=\"attachment_496050\" style=\"width: 160px\" class=\"wp-caption alignnone\"><img loading=\"lazy\" decoding=\"async\" aria-describedby=\"caption-attachment-496050\" class=\"size-thumbnail wp-image-496050\" src=\"https:\/\/diarioelpopular.com\/wp-content\/uploads\/2021\/02\/e12810ef6e14e4ca7685d3887f4b4fbb-150x150.jpg\" alt=\"\" width=\"150\" height=\"150\" \/><p id=\"caption-attachment-496050\" class=\"wp-caption-text\"><em>Carlos Menem, marc\u00f3 una \u00e9poca en la pol\u00edtica de Argentina<\/em><\/p><\/div>\n<h4><em><strong>Un mandatario que marc\u00f3 una \u00e9poca. Liberal y &#8220;playboy&#8221;<\/strong><\/em><\/h4>\n<p><em><strong>BUENOS AIRES 14 FEB &#8211;<\/strong> <\/em>El expresidente Carlos Menem, que marc\u00f3 una \u00e9poca en la pol\u00edtica de Argentina, muri\u00f3 en el Sanatorio Los Arcos de la Ciudad de Buenos Aires, donde estaba ingresado por problemas de salud desde hac\u00eda dos semanas, report\u00f3 hoy la prensa local.<br \/>\nMenem, que ten\u00eda 90 a\u00f1os, fue presidente entre 1989 y 1999 por el peronismo, aunque gobern\u00f3 con un sesgo ultra liberal, en una administraci\u00f3n que estableci\u00f3 la paridad entre la moneda argentina y el d\u00f3lar (1 a 1).<br \/>\nDesde 2005 hasta 2021 fue senador nacional, representando a la provincia de La Rioja.<br \/>\nLa noticia de su fallecimiento fue publicada por los peri\u00f3dicos P\u00e1gina 12, Clar\u00edn en sus p\u00e1ginas de Internet y el portal Infobae, aunque a\u00fan no fue informada por su familia.<br \/>\nEl exmandatario hab\u00eda sido ingresado al centro de salud por una infecci\u00f3n urinaria, luego de que sintiera dolores y que aumentara su frecuencia card\u00edaca.<br \/>\nSeg\u00fan report\u00f3 el peri\u00f3dico P\u00e1gina 12, los m\u00e9dicos hab\u00edan considerado dar de alta al tambi\u00e9n senador riojano el fin de semana pasado, pero su cuadro card\u00edaco se agrav\u00f3 en los \u00faltimos d\u00edas.<br \/>\nSu estilo de gobierno sorprendi\u00f3 a propios y extra\u00f1os, gobern\u00f3 amparado en un liberalismo inesperado para un caudillo provincial y sus apariciones p\u00fablicas en estilo &#8220;playboy&#8221; marcaron una \u00e9poca.<br \/>\nMenem condujo Ferraris a alta velocidad, manej\u00f3 lanchas, jug\u00f3 al f\u00fatbol con el seleccionado argentino profesional, estuvo rodeado de bellas mujeres y anim\u00f3 un escandaloso divorcio.<br \/>\nLa tragedia tambi\u00e9n lo rode\u00f3 cuando falleci\u00f3 su hijo en un accidente de helic\u00f3ptero, que encendi\u00f3 sudadas y sospechas y que se investig\u00f3 como producto de un atentado.<br \/>\nSorprendi\u00f3 el primer d\u00eda de gobierno nacional con un giro brutal entre las promesas de campa\u00f1a de &#8220;salariazo&#8221; y &#8220;revoluci\u00f3n productiva&#8221;, al implementar un programa econ\u00f3mico dise\u00f1ado por el grupo empresari Bunge &amp; Born, basado en un tipo de cambio alto, privatizaciones, renegociaciones con los acreedores externos y disciplina fiscal.<br \/>\nEn un contexto internacional que marcaba la ca\u00edda del bloque sovi\u00e9tico, Menem adhiri\u00f3 a las pol\u00edticas del economista John Williamson, que justamente en 1989 propuso un conjunto de diez f\u00f3rmulas espec\u00edficas para que los para los pa\u00edses en desarrollo afectados por las crisis macroecon\u00f3micas.<br \/>\nEsas recetas inclu\u00edan reformas fiscales, comerciales y laborales para estabilizar los precios, atraer la inversi\u00f3n extranjera; reducir el tama\u00f1o del Estado, e impulsar la expansi\u00f3n de las fuerzas del mercado interno.<br \/>\nFue hist\u00f3rico el Plan de Convertibilidad implementado por el ministro de Econom\u00eda Domingo Cavallo, que estableci\u00f3 la paridad con el d\u00f3lar. El programa fue clave para cortar de ra\u00edz el proceso inflacionario y habilit\u00f3 las transacciones en moneda extranjera.<br \/>\nEso se complement\u00f3 con la privatizaci\u00f3n de todas las empresas del estado para reducir el d\u00e9ficit fiscal, curiosamente estatizadas d\u00e9cadas atr\u00e1s por el l\u00edder del peronismo, Domingo Per\u00f3n.<br \/>\nEste plan deriv\u00f3 en una sostenida aceleraci\u00f3n de la tasa de desempleo, al rango de los dos d\u00edgitos porcentuales, porque en paralelo no se generaron pol\u00edticas orientadas a multiplicar los puestos de trabajo y la producci\u00f3n.<br \/>\nEn octubre de 1993, el partido en el poder gan\u00f3 las elecciones de medio t\u00e9rmino y al a\u00f1o siguiente, tras el respaldo electoral, Menem logr\u00f3 negociar con la oposici\u00f3n una reforma constitucional.<br \/>\nLa mutaci\u00f3n garantizaba una reelecci\u00f3n presidencial como punto llamativo. En 1995, Menem fue consagrado candidato nuevamente y comenz\u00f3 la campa\u00f1a, con un mal presagio. En marzo, &#8220;Carlitos&#8221; el hijo mayor del matrimonio pereci\u00f3 en un accidente.<br \/>\nSin que hasta el presente, la investigaci\u00f3n del hecho haya dado resultados definitivos.<br \/>\nEn 1996, la dupla Menem-Cavallo se rompi\u00f3 y la pol\u00edtica econ\u00f3mica entr\u00f3 en lo que dio en llamarse &#8220;piloto autom\u00e1tico&#8221;.<br \/>\nPor una parte perdi\u00f3 el impulso inicial y por la otra Menem, imaginando una &#8220;re-re&#8221;, abandon\u00f3 las reformas de segunda generaci\u00f3n.<br \/>\nAdem\u00e1s, sali\u00f3 a la luz una venta de armas a Ecuador en plena disputa con Per\u00fa, gran aliado de Argentina en la guerra de las Islas Malvinas (1982).<br \/>\nEn 1999 la sociedad argentina busc\u00f3 en las urnas un poco de seriedad y tranquilidad. Ya no alcanzaban los \u00e9xitos de la pol\u00edtica exterior, adem\u00e1s el &#8220;efecto Tequila&#8221; no ayudo a la econom\u00eda del pa\u00eds.<br \/>\nMenem fue derrotado en las urnas por Fernando de la R\u00faa, el candidato de una alianza de centro izquierda, que gan\u00f3 las elecciones con el 48,5% de apoyo, pero poco despu\u00e9s, en 2001, termin\u00f3 abandonando el poder en una de las crisis sociales, econ\u00f3micas y pol\u00edticas m\u00e1s brutales del pa\u00eds.<br \/>\nBuena parte de esa hecatombe, que llev\u00f3 a la Argentina a un brutal default, se la consider\u00f3 &#8220;la herencia de Menem&#8221;.<br \/>\nIgual intent\u00f3 regresar. Cuando estuvo a punto de ser arrollado por N\u00e9stor Kirchner -luego presidente- en la segunda vuelta de 2003, se retir\u00f3 y mantuvo as\u00ed invicta su curricula electoral, escribi\u00f3 P\u00e1gina 12.<br \/>\n&#8220;Animal pol\u00edtico, con la picard\u00eda y la astucia del zorro, fue capaz de todo para ganar una elecci\u00f3n, hasta fraguar un casamiento en el oto\u00f1o de su vida con una ambiciosa joven chilena (Cecilia Bolocco) ganadora de concursos de belleza, con la que incluso tuvo un hijo&#8221;, ampli\u00f3.<br \/>\nHasta el a\u00f1o pasado se mantuvo en el Senado, asoci\u00e1ndose con unos y otros, seg\u00fan la ocasi\u00f3n, tratando de eludir causas judiciales de su mandato que quedaron en la nada.<\/p>\n","protected":false},"excerpt":{"rendered":"<p>Un mandatario que marc\u00f3 una \u00e9poca. Liberal y &#8220;playboy&#8221; BUENOS AIRES 14 FEB &#8211; El expresidente Carlos Menem, que marc\u00f3 una \u00e9poca en la pol\u00edtica&hellip;<\/p>\n","protected":false},"author":99,"featured_media":496050,"comment_status":"open","ping_status":"open","sticky":false,"template":"","format":"standard","meta":{"footnotes":""},"categories":[23],"tags":[],"class_list":["post-496049","post","type-post","status-publish","format-standard","has-post-thumbnail","hentry","category-latinoamerica"],"_links":{"self":[{"href":"https:\/\/diarioelpopular.com\/index.php\/wp-json\/wp\/v2\/posts\/496049","targetHints":{"allow":["GET"]}}],"collection":[{"href":"https:\/\/diarioelpopular.com\/index.php\/wp-json\/wp\/v2\/posts"}],"about":[{"href":"https:\/\/diarioelpopular.com\/index.php\/wp-json\/wp\/v2\/types\/post"}],"author":[{"embeddable":true,"href":"https:\/\/diarioelpopular.com\/index.php\/wp-json\/wp\/v2\/users\/99"}],"replies":[{"embeddable":true,"href":"https:\/\/diarioelpopular.com\/index.php\/wp-json\/wp\/v2\/comments?post=496049"}],"version-history":[{"count":1,"href":"https:\/\/diarioelpopular.com\/index.php\/wp-json\/wp\/v2\/posts\/496049\/revisions"}],"predecessor-version":[{"id":496051,"href":"https:\/\/diarioelpopular.com\/index.php\/wp-json\/wp\/v2\/posts\/496049\/revisions\/496051"}],"wp:featuredmedia":[{"embeddable":true,"href":"https:\/\/diarioelpopular.com\/index.php\/wp-json\/wp\/v2\/media\/496050"}],"wp:attachment":[{"href":"https:\/\/diarioelpopular.com\/index.php\/wp-json\/wp\/v2\/media?parent=496049"}],"wp:term":[{"taxonomy":"category","embeddable":true,"href":"https:\/\/diarioelpopular.com\/index.php\/wp-json\/wp\/v2\/categories?post=496049"},{"taxonomy":"post_tag","embeddable":true,"href":"https:\/\/diarioelpopular.com\/index.php\/wp-json\/wp\/v2\/tags?post=496049"}],"curies":[{"name":"wp","href":"https:\/\/api.w.org\/{rel}","templated":true}]}}