{"id":496100,"date":"2021-02-19T11:03:51","date_gmt":"2021-02-19T15:03:51","guid":{"rendered":"https:\/\/diarioelpopular.com\/?p=496100"},"modified":"2021-02-19T11:03:51","modified_gmt":"2021-02-19T15:03:51","slug":"cuba-el-riesgo-de-esperar-en-fila","status":"publish","type":"post","link":"https:\/\/diarioelpopular.com\/index.php\/2021\/02\/19\/cuba-el-riesgo-de-esperar-en-fila\/","title":{"rendered":"Cuba, el riesgo de esperar en fila"},"content":{"rendered":"<div id=\"attachment_496101\" style=\"width: 160px\" class=\"wp-caption alignnone\"><img loading=\"lazy\" decoding=\"async\" aria-describedby=\"caption-attachment-496101\" class=\"size-thumbnail wp-image-496101\" src=\"https:\/\/diarioelpopular.com\/wp-content\/uploads\/2021\/02\/04a0940aed1334590e3bb2d2c743327d-150x150.jpg\" alt=\"\" width=\"150\" height=\"150\" \/><p id=\"caption-attachment-496101\" class=\"wp-caption-text\"><em>Una tradicional fila para comprar alimentos en La Habana.<\/em><br \/><em>(foto: ANSA)<\/em><\/p><\/div>\n<p><em><strong>LA HABANA, 18 FEB &#8211;<\/strong><\/em> Las &#8220;colas&#8221; en Cuba, filas de personas que esperan su turno para comprar alimentos e incluso medicamentos, son objetivo de medidas oficiales por ser &#8220;caldo de cultivo&#8221; para la propagaci\u00f3n de la Covid-19. Las autoridades reconocen que las largas &#8220;colas&#8221; son inevitables, pero est\u00e1n pidiendo a la poblaci\u00f3n m\u00e1s disciplina durante las esperas a veces de varias horas, y un control m\u00e1s fuerte para que se cumplan las llamadas medidas &#8220;de bioseguridad&#8221;. Este jueves se reportaron cinco muertes m\u00e1s: 18.611 personas est\u00e1n hospitalizadas en toda la isla la mayor\u00eda bajo sospecha de tener la enfermedad, y 5.098 de ellas ya est\u00e1n contagiadas. De acuerdo con las estad\u00edsticas en las \u00faltimas horas surgieron 923 casos activos. La epidemia golpea principalmente a la capital, La Habana, con 461 nuevos infectados y a Santiago de Cuba, en el extremo este, con 117 enfermos.<br \/>\nEn La Habana, con m\u00e1s de dos millones de habitantes, el problema de las prolongadas filas de personas que esperan para comprar, visibles en todos sus municipios, es el m\u00e1s severo del pa\u00eds. &#8220;Se impone redoblar el control y la disciplina por parte de las administraciones y dem\u00e1s personas asignadas como apoyo o supervisi\u00f3n, en cada uno de los lugares destinados a ese fin&#8221;, coment\u00f3 el peri\u00f3dico capitalino Tribuna de La Habana. &#8220;Igualmente es responsabilidad de cada ciudadano asumir una conducta atemperada a la situaci\u00f3n epidemiol\u00f3gica&#8221;, expuso un art\u00edculo al respecto. Se est\u00e1n aplicando alguna medidas como la distribuci\u00f3n boletas o &#8220;tickets&#8221; por cada persona que aguarda y tratan de evitarse aglomeraciones. &#8220;Eso es lo m\u00e1s dif\u00edcil porque hay que mantener m\u00e1s de un metro y medio de separaci\u00f3n entre personas y eso no va con el car\u00e1cter del cubano que es muy sociable y conversan mientras esperan&#8221;, dijo Crist\u00f3bal Hern\u00e1ndez, quien, dijo, &#8220;coopera a la organizaci\u00f3n de las colas&#8221; en un populoso barrio de la ciudad. Hern\u00e1ndez dijo que &#8220;las colas m\u00e1s largas son para comprar alimentos, que est\u00e1n escasos, y medicamentos que se reparten (venden) de manera ordenada en las farmacias&#8221;. Agreg\u00f3 que esas ventas &#8220;tienen disciplina en especial en cuanto a los medicamentos controlados, o sea para pacientes con enfermedades cr\u00f3nicas&#8221;. Pero Tribuna de La Habana, al menos en el caso capitalino consider\u00f3 que el problema &#8220;viene agudiz\u00e1ndose en los \u00faltimos tiempos&#8221; y aconsej\u00f3 buscar &#8220;m\u00e1s alternativas por lo sensible del tema&#8221;. El peri\u00f3dico subray\u00f3 el peligro de contagio para ancianos que hacen las largas filas. Estim\u00f3 que puede suceder que &#8220;luego de colas que van entre 3 y 4 horas en ocasiones, en el momento de entrar al recinto reciban la informaci\u00f3n que su producto se termin\u00f3, o la receta caduc\u00f3&#8221;. Cuba enfrenta actualmente el peor momento de la epidemia de Covid-19. Febrero, seg\u00fan pron\u00f3sticos, probablemente resulta el mes de m\u00e1s incidencia desde que comenz\u00f3 la pandemia con 14,096 infectados y 66 fallecimientos en sus 17 primeros d\u00edas. La isla ha reportado 41,688 v\u00edctimas de la Covid-19 desde el inicio de la pandemia con 282 muertes.<\/p>\n","protected":false},"excerpt":{"rendered":"<p>LA HABANA, 18 FEB &#8211; Las &#8220;colas&#8221; en Cuba, filas de personas que esperan su turno para comprar alimentos e incluso medicamentos, son objetivo de&hellip;<\/p>\n","protected":false},"author":99,"featured_media":496101,"comment_status":"open","ping_status":"open","sticky":false,"template":"","format":"standard","meta":{"footnotes":""},"categories":[23],"tags":[],"class_list":["post-496100","post","type-post","status-publish","format-standard","has-post-thumbnail","hentry","category-latinoamerica"],"_links":{"self":[{"href":"https:\/\/diarioelpopular.com\/index.php\/wp-json\/wp\/v2\/posts\/496100","targetHints":{"allow":["GET"]}}],"collection":[{"href":"https:\/\/diarioelpopular.com\/index.php\/wp-json\/wp\/v2\/posts"}],"about":[{"href":"https:\/\/diarioelpopular.com\/index.php\/wp-json\/wp\/v2\/types\/post"}],"author":[{"embeddable":true,"href":"https:\/\/diarioelpopular.com\/index.php\/wp-json\/wp\/v2\/users\/99"}],"replies":[{"embeddable":true,"href":"https:\/\/diarioelpopular.com\/index.php\/wp-json\/wp\/v2\/comments?post=496100"}],"version-history":[{"count":1,"href":"https:\/\/diarioelpopular.com\/index.php\/wp-json\/wp\/v2\/posts\/496100\/revisions"}],"predecessor-version":[{"id":496102,"href":"https:\/\/diarioelpopular.com\/index.php\/wp-json\/wp\/v2\/posts\/496100\/revisions\/496102"}],"wp:featuredmedia":[{"embeddable":true,"href":"https:\/\/diarioelpopular.com\/index.php\/wp-json\/wp\/v2\/media\/496101"}],"wp:attachment":[{"href":"https:\/\/diarioelpopular.com\/index.php\/wp-json\/wp\/v2\/media?parent=496100"}],"wp:term":[{"taxonomy":"category","embeddable":true,"href":"https:\/\/diarioelpopular.com\/index.php\/wp-json\/wp\/v2\/categories?post=496100"},{"taxonomy":"post_tag","embeddable":true,"href":"https:\/\/diarioelpopular.com\/index.php\/wp-json\/wp\/v2\/tags?post=496100"}],"curies":[{"name":"wp","href":"https:\/\/api.w.org\/{rel}","templated":true}]}}