{"id":496140,"date":"2021-02-20T13:42:50","date_gmt":"2021-02-20T17:42:50","guid":{"rendered":"https:\/\/diarioelpopular.com\/?p=496140"},"modified":"2021-02-20T13:42:50","modified_gmt":"2021-02-20T17:42:50","slug":"despiden-a-ministro-salud-argentino","status":"publish","type":"post","link":"https:\/\/diarioelpopular.com\/index.php\/2021\/02\/20\/despiden-a-ministro-salud-argentino\/","title":{"rendered":"Despiden a ministro Salud argentino"},"content":{"rendered":"<div id=\"attachment_496141\" style=\"width: 160px\" class=\"wp-caption alignnone\"><img loading=\"lazy\" decoding=\"async\" aria-describedby=\"caption-attachment-496141\" class=\"size-thumbnail wp-image-496141\" src=\"https:\/\/diarioelpopular.com\/wp-content\/uploads\/2021\/02\/eb0ff3f7bc9933414c09c91cc0127484-150x150.jpg\" alt=\"\" width=\"150\" height=\"150\" \/><p id=\"caption-attachment-496141\" class=\"wp-caption-text\"><em>Gin\u00e9s Gonz\u00e1lez Garc\u00eda, el ministro de Salud argentino despedido por vacunaci\u00f3n VIP.<\/em><br \/><em>(foto: Ansa)<\/em><\/p><\/div>\n<h4><em><strong>Vacunados VIP y el presidente le pide la renuncia<\/strong><\/em><\/h4>\n<p><em><strong>BUENOS AIRES 20 FEB &#8211;<\/strong><\/em> El presidente de Argentina, Alberto Fern\u00e1ndez, le exigi\u00f3 este viernes la renuncia al ministro de Salud, Gin\u00e9s Gonz\u00e1lez Garc\u00eda, luego de que el periodista Horacio Verbitsky confesara que fue vacunado por fuera de los turnos establecidos tras ped\u00edrselo al funcionario.<br \/>\nEn una entrevista radial, el periodista -cercano al gobierno- revel\u00f3 que llam\u00f3 al ministro de Salud para que le facilite la vacunaci\u00f3n.<br \/>\nLuego de conocido p\u00fablicamente este episodio y de que se revelaran otros casos similares de vacunados VIP, el presidente despidi\u00f3 a Gonz\u00e1lez Garc\u00eda, en medio del esc\u00e1ndalo ampliamente difundido en la prensa local.<br \/>\nPoco despu\u00e9s, el mandatario design\u00f3 a Carla Vizzotti, quien se desempe\u00f1aba como secretaria de Acceso a la Salud y ya fue confirmada oficialmente como sucesora del relevado.<br \/>\nDe perfil netamente t\u00e9cnico, Vizzotti es una m\u00e9dica argentina especialista en el control de enfermedades inmuno-prevenibles.<br \/>\nFue la responsable de llevar adelante el desarrollo e implementaci\u00f3n de un calendario de vacunaci\u00f3n nacional, completo e inclusivo que se implement\u00f3 en la gesti\u00f3n del exministro Juan Manzur en el segundo mandato de Cristina Kirchner (2011-2015) y que continu\u00f3 hasta hoy.<br \/>\nAsimismo, es socia fundadora y presidenta de la Sociedad Argentina de Vacunolog\u00eda y Epidemiologia (SAVE).<\/p>\n","protected":false},"excerpt":{"rendered":"<p>Vacunados VIP y el presidente le pide la renuncia BUENOS AIRES 20 FEB &#8211; El presidente de Argentina, Alberto Fern\u00e1ndez, le exigi\u00f3 este viernes la&hellip;<\/p>\n","protected":false},"author":99,"featured_media":496141,"comment_status":"open","ping_status":"open","sticky":false,"template":"","format":"standard","meta":{"footnotes":""},"categories":[23],"tags":[],"class_list":["post-496140","post","type-post","status-publish","format-standard","has-post-thumbnail","hentry","category-latinoamerica"],"_links":{"self":[{"href":"https:\/\/diarioelpopular.com\/index.php\/wp-json\/wp\/v2\/posts\/496140","targetHints":{"allow":["GET"]}}],"collection":[{"href":"https:\/\/diarioelpopular.com\/index.php\/wp-json\/wp\/v2\/posts"}],"about":[{"href":"https:\/\/diarioelpopular.com\/index.php\/wp-json\/wp\/v2\/types\/post"}],"author":[{"embeddable":true,"href":"https:\/\/diarioelpopular.com\/index.php\/wp-json\/wp\/v2\/users\/99"}],"replies":[{"embeddable":true,"href":"https:\/\/diarioelpopular.com\/index.php\/wp-json\/wp\/v2\/comments?post=496140"}],"version-history":[{"count":1,"href":"https:\/\/diarioelpopular.com\/index.php\/wp-json\/wp\/v2\/posts\/496140\/revisions"}],"predecessor-version":[{"id":496142,"href":"https:\/\/diarioelpopular.com\/index.php\/wp-json\/wp\/v2\/posts\/496140\/revisions\/496142"}],"wp:featuredmedia":[{"embeddable":true,"href":"https:\/\/diarioelpopular.com\/index.php\/wp-json\/wp\/v2\/media\/496141"}],"wp:attachment":[{"href":"https:\/\/diarioelpopular.com\/index.php\/wp-json\/wp\/v2\/media?parent=496140"}],"wp:term":[{"taxonomy":"category","embeddable":true,"href":"https:\/\/diarioelpopular.com\/index.php\/wp-json\/wp\/v2\/categories?post=496140"},{"taxonomy":"post_tag","embeddable":true,"href":"https:\/\/diarioelpopular.com\/index.php\/wp-json\/wp\/v2\/tags?post=496140"}],"curies":[{"name":"wp","href":"https:\/\/api.w.org\/{rel}","templated":true}]}}