{"id":496143,"date":"2021-02-20T13:45:17","date_gmt":"2021-02-20T17:45:17","guid":{"rendered":"https:\/\/diarioelpopular.com\/?p=496143"},"modified":"2021-02-20T13:45:17","modified_gmt":"2021-02-20T17:45:17","slug":"chile-garantiza-la-inmunizacion","status":"publish","type":"post","link":"https:\/\/diarioelpopular.com\/index.php\/2021\/02\/20\/chile-garantiza-la-inmunizacion\/","title":{"rendered":"Chile garantiza la inmunizaci\u00f3n"},"content":{"rendered":"<div id=\"attachment_496144\" style=\"width: 160px\" class=\"wp-caption alignnone\"><img loading=\"lazy\" decoding=\"async\" aria-describedby=\"caption-attachment-496144\" class=\"size-thumbnail wp-image-496144\" src=\"https:\/\/diarioelpopular.com\/wp-content\/uploads\/2021\/02\/340a935cae4a16e9deb23b5860fa940c-150x150.jpg\" alt=\"\" width=\"150\" height=\"150\" \/><p id=\"caption-attachment-496144\" class=\"wp-caption-text\"><em>Chile se aprovisiona de vacunas<\/em><\/p><\/div>\n<h4><em><strong>Intentan calmar a la poblaci\u00f3n ante frenes\u00ed por la inmunicaci\u00f3n<\/strong><\/em><\/h4>\n<p><em><strong>SANTIAGO DE CHILE, 120 FEB &#8211;<\/strong> <\/em>El gobierno chileno asegur\u00f3 que va a haber vacunas contra el Covid-19 &#8220;hasta el pr\u00f3ximo a\u00f1o, si es necesario&#8221; en un intento de frenar la ansiedad por inocularse que se ha instalado en la poblaci\u00f3n.<br \/>\n&#8220;Se est\u00e1n haciendo contratos, log\u00edsticas, convenios y conversaciones, no s\u00f3lo para poder tener vacunas disponibles este a\u00f1o, sino que nosotros ya estamos pensando que puede ser que este virus nos haga tener vacunas todos los a\u00f1os, como lo es para la influenza&#8221;, asever\u00f3 la subsecretaria de Salud P\u00fablica, Paula Daza.<br \/>\nCont\u00f3 que la Canciller\u00eda &#8220;ha estado a cargo de toda esta coordinaci\u00f3n, para poder tener todas las vacunas aseguradas en nuestro pa\u00eds&#8221;.<br \/>\nEn entrevista con El Mercurio on line TV (EmolTV) explic\u00f3 que &#8220;una de las cosas que hemos ido haciendo es asegurar que las personas van a contar con las segundad dosis para poder vacunarse y completar el proceso de vacunaci\u00f3n&#8221;, Agreg\u00f3 que &#8220;sabemos que reci\u00e9n vamos a tener la inmunidad, cada una de las personas, al menos diez d\u00edas despu\u00e9s de la segunda dosis&#8221;.<br \/>\nEl gobierno se ha propuesto tener inoculada a toda la poblaci\u00f3n de riesgo y objetiva, que sumar\u00edan en total 15 millones de personas.<br \/>\nComento que &#8220;no sabemos si vamos a necesitar una vacuna todos los a\u00f1os, por lo tanto esto no se acaba aqu\u00ed y es permanente. Es un trabajo que se hace diariamente por coordinaci\u00f3n, porque tampoco sabemos qu\u00e9 vacunas van a ser aprobadas. Hoy tenemos en Chile la vacuna Pfizer que est\u00e1 probada, tenemos la vacuna Sinovac, tenemos la AstraZeneca que est\u00e1 aprobada, pero tenemos que seguir trabajando con otras vacunas que van a seguir siendo aprobadas con la posibilidad de que podr\u00e1n ser ocupadas&#8221;.<br \/>\nRecord\u00f3 que la pr\u00f3xima semana llegan 4 millones de vacunas Sinovac y que &#8220;van a seguir llegando de Pfizer&#8221;.<br \/>\nEl 3 de febrero de inici\u00f3 el proceso de vacunaci\u00f3n masiva y hasta el mediod\u00eda de hoy se ha logrado inmunizar a 2.732.966, de las cuales 1.653.486 son mayores de 65 a\u00f1os.<br \/>\nDe acuerdo a estad\u00edsticas del Ministerio de Salud, hay m\u00e1s de 35 mil adultos sanos de entre 18 y 59 a\u00f1os que han sido vacunados y que no pertenecen a ninguno de los grupos prioritarios. De estas, 9.023 son personas sanas de entre 18 y 39 a\u00f1os; 9.071 de entre 40 y 49; y 17.346 de entre 50 y 59.<br \/>\nEn los consultorios, escuelas y estadios donde los municipios han levantado vacunatorios hay une norme presi\u00f3n por inmunizarse, m\u00e1s cuando la autoridad decidi\u00f3 sancionar a quienes no respetan el calendario de vacunaci\u00f3n del Ministerio de Salud.<br \/>\nTodos los gremios quieren calificar como grupos prioritarios, tambi\u00e9n para poder reabrir la actividad econ\u00f3mica. Por esto, el Ministerio de Salud a emitir un oficio por el cual se sancionara a los municipios que incumplan la normativa que obliga a cumplir con las edades y caracter\u00edsticas de los vacunados por d\u00eda.<br \/>\n&#8220;Hago un enf\u00e1tico llamado a respetar el calendario de vacunaci\u00f3n en beneficio de todos los chilenos y chilenas. Una persona vacunada que no es prioritaria es un adulto mayor no vacunado que tiene riesgo de enfermar o incluso fallecer&#8221;, volvi\u00f3 a advertir hoy el ministro de Salud, Enrique Paris.<br \/>\nEl d\u00eda anterior, Paris se quej\u00f3 de que &#8220;han aparecido muchos grupos que quieren ser prioritarios; entre ellos, los trabajadores de los puertos, de los supermercados, de los cajeros&#8230; Hay que escucharlos, pero, tambi\u00e9n nosotros tenemos que darle preferencia a los pacientes con comorbilidad&#8221;, afirm\u00f3.<br \/>\n&#8220;Si todos empiezan a pedir o a sentirse que son prioritarios, obviamente que no vamos a poder dar respuesta a todos ellos&#8221;, sentenci\u00f3.<\/p>\n","protected":false},"excerpt":{"rendered":"<p>Intentan calmar a la poblaci\u00f3n ante frenes\u00ed por la inmunicaci\u00f3n SANTIAGO DE CHILE, 120 FEB &#8211; El gobierno chileno asegur\u00f3 que va a haber vacunas&hellip;<\/p>\n","protected":false},"author":99,"featured_media":496144,"comment_status":"open","ping_status":"open","sticky":false,"template":"","format":"standard","meta":{"footnotes":""},"categories":[23],"tags":[],"class_list":["post-496143","post","type-post","status-publish","format-standard","has-post-thumbnail","hentry","category-latinoamerica"],"_links":{"self":[{"href":"https:\/\/diarioelpopular.com\/index.php\/wp-json\/wp\/v2\/posts\/496143","targetHints":{"allow":["GET"]}}],"collection":[{"href":"https:\/\/diarioelpopular.com\/index.php\/wp-json\/wp\/v2\/posts"}],"about":[{"href":"https:\/\/diarioelpopular.com\/index.php\/wp-json\/wp\/v2\/types\/post"}],"author":[{"embeddable":true,"href":"https:\/\/diarioelpopular.com\/index.php\/wp-json\/wp\/v2\/users\/99"}],"replies":[{"embeddable":true,"href":"https:\/\/diarioelpopular.com\/index.php\/wp-json\/wp\/v2\/comments?post=496143"}],"version-history":[{"count":1,"href":"https:\/\/diarioelpopular.com\/index.php\/wp-json\/wp\/v2\/posts\/496143\/revisions"}],"predecessor-version":[{"id":496145,"href":"https:\/\/diarioelpopular.com\/index.php\/wp-json\/wp\/v2\/posts\/496143\/revisions\/496145"}],"wp:featuredmedia":[{"embeddable":true,"href":"https:\/\/diarioelpopular.com\/index.php\/wp-json\/wp\/v2\/media\/496144"}],"wp:attachment":[{"href":"https:\/\/diarioelpopular.com\/index.php\/wp-json\/wp\/v2\/media?parent=496143"}],"wp:term":[{"taxonomy":"category","embeddable":true,"href":"https:\/\/diarioelpopular.com\/index.php\/wp-json\/wp\/v2\/categories?post=496143"},{"taxonomy":"post_tag","embeddable":true,"href":"https:\/\/diarioelpopular.com\/index.php\/wp-json\/wp\/v2\/tags?post=496143"}],"curies":[{"name":"wp","href":"https:\/\/api.w.org\/{rel}","templated":true}]}}