{"id":496152,"date":"2021-02-20T13:51:51","date_gmt":"2021-02-20T17:51:51","guid":{"rendered":"https:\/\/diarioelpopular.com\/?p=496152"},"modified":"2021-02-20T13:51:51","modified_gmt":"2021-02-20T17:51:51","slug":"bolivia-240-mil-casos-y-huelga-medica","status":"publish","type":"post","link":"https:\/\/diarioelpopular.com\/index.php\/2021\/02\/20\/bolivia-240-mil-casos-y-huelga-medica\/","title":{"rendered":"Bolivia, 240 mil casos y huelga m\u00e9dica"},"content":{"rendered":"<div id=\"attachment_496153\" style=\"width: 160px\" class=\"wp-caption alignnone\"><img loading=\"lazy\" decoding=\"async\" aria-describedby=\"caption-attachment-496153\" class=\"size-thumbnail wp-image-496153\" src=\"https:\/\/diarioelpopular.com\/wp-content\/uploads\/2021\/02\/593ed359739d5e1a057eabe72f5f198d-150x150.jpg\" alt=\"\" width=\"150\" height=\"150\" \/><p id=\"caption-attachment-496153\" class=\"wp-caption-text\"><em>Hospitales de Bolivia en colapso, por huelga m\u00e9dica<\/em><br \/><em>(foto: ANSA)<\/em><\/p><\/div>\n<h4><em><strong>M\u00e9dicos en protesta por nueva ley, s\u00f3lo atienden emergencias<\/strong><\/em><\/h4>\n<p><em><strong>LA PAZ 20 FEB &#8211;<\/strong> <\/em>Bolivia super\u00f3 anoche (viernes) los 240 mil casos positivos de Covid-19 en medio de una huelga del personal de la salud, que exige la anulaci\u00f3n de la Ley de Emergencia Sanitaria promulgada por el Gobierno de Luis Arce, que se niega a dar marcha atr\u00e1s a esa decisi\u00f3n.<br \/>\nMuchas personas se quedaron este viernes sin atenci\u00f3n m\u00e9dica porque gran parte de los hospitales del pa\u00eds &#8220;cerraron sus puertas para cumplir el paro y s\u00f3lo atendieron las emergencias&#8221;, describi\u00f3 el diario P\u00e1gina Siete.<br \/>\nLa mayor\u00eda de los pacientes se enter\u00f3 de la huelga reci\u00e9n luego de dormir una noche en la puerta del Hospital de Cl\u00ednicas en espera de un turno, luego de que la medida se anunciara el jueves.<br \/>\nLa huelga fue convocada por el Consejo Nacional de la Salud (Conasa), que re\u00fane a los colegios m\u00e9dicos y sindicatos de profesionales de la salud, en contra de la norma, que esos sectores consideran &#8220;inconstitucional&#8221;.<br \/>\nEdgar Fern\u00e1ndez, miembro del Conasa, explic\u00f3 que un art\u00edculo de la ley establece que &#8220;durante el tiempo de vigencia de la declaratoria de emergencia sanitaria no podr\u00e1n ser interrumpidos los servicios del sistema nacional de salud&#8221;.<br \/>\n&#8220;Este art\u00edculo es considerado atentatorio a los derechos de los trabajadores&#8221;, resalt\u00f3.<br \/>\nLa norma tambi\u00e9n permite la contrataci\u00f3n de personal m\u00e9dico extranjero y la aplicaci\u00f3n de tarifas a los medicamentos y costos de los servicios de internaci\u00f3n y tratamiento del Covid-19, mencion\u00f3 C\u00e1ceres.<br \/>\nAyer, m\u00e1s de 30 cl\u00ednicas privadas se pronunciaron en un comunicado respaldando la huelga, al considerar que la ley es &#8220;destructiva&#8221; y pidieron que &#8220;se construya en conjunto y sin imposiciones&#8221;.<br \/>\nEl gobierno plantea otros argumentos y objeta la decisi\u00f3n de la agrupaci\u00f3n sindical m\u00e9dica.<br \/>\n&#8220;El d\u00eda jueves (4 de febrero) aprobamos la ley incluyendo los acuerdos con el Colegio M\u00e9dico. Entonces no tienen por qu\u00e9 manifestarse en este momento, o estar en contra de la Ley de Emergencia Sanitaria. Hemos modificado el texto de manera muy amplia, a su gusto y antojo de ellos&#8221;, dijo el diputado oficialista Cecilio Alanes Cruz, en conferencia de prensa, rodeado por legisladores del Movimiento Al Socialismo (MAS).<br \/>\n&#8220;Que nos digan a qu\u00e9 est\u00e1n jugando&#8230;. Tenemos un gran respeto y aprecio por los m\u00e9dicos que se preocupan por la vida de los bolivianos. Pero tambi\u00e9n conocemos que la dirigencia m\u00e9dica ha estado de la mano del Gobierno de facto&#8221;, en referencia al encabezado por Jeanine A\u00f1ez entre 2019 y 2020, a\u00f1adi\u00f3 el legislador.<br \/>\nLos trabajadores de la salud est\u00e1n atendiendo solamente casos de emergencia y a los enfermos con Covid-19 en medio de una medida de protesta, que proyectan cumplir hasta el pr\u00f3ximo 28 de febrero.<br \/>\nLa Defensor\u00eda del Pueblo asegur\u00f3 en un comunicado que hizo una verificaci\u00f3n en 38 centros de salud p\u00fablicos y de la seguridad social en el pa\u00eds, de los cuales 27 tuvieron una atenci\u00f3n entre normal y regular.<br \/>\nEn regiones como la andina Potos\u00ed hubo una marcha de m\u00e9dicos y enfermeros que protestaron porque la norma no fue producto de consenso y adem\u00e1s para reclamar mejores condiciones laborales en medio de la segunda ola del coronavirus, que Bolivia afronta desde fines de diciembre.<br \/>\nEl ministerio de Salud de Bolivia inform\u00f3 el viernes de otros 37 decesos y 1.152 nuevos contagios -nuevamente por encima de mil, luego de un decrecimiento de casos-, con lo que el pa\u00eds acumula 11.390 muertes y 240.676 casos positivos desde marzo de 2020, cuando se detect\u00f3 la enfermedad por primera vez en territorio boliviano.<br \/>\nLas regiones con m\u00e1s casos nuevos son Santa Cruz, con 452, y La Paz, con 252, mientras que en los otros siete departamentos los contagios oscilaron entre 12 y 110.<\/p>\n","protected":false},"excerpt":{"rendered":"<p>M\u00e9dicos en protesta por nueva ley, s\u00f3lo atienden emergencias LA PAZ 20 FEB &#8211; Bolivia super\u00f3 anoche (viernes) los 240 mil casos positivos de Covid-19&hellip;<\/p>\n","protected":false},"author":99,"featured_media":496153,"comment_status":"open","ping_status":"open","sticky":false,"template":"","format":"standard","meta":{"footnotes":""},"categories":[23],"tags":[],"class_list":["post-496152","post","type-post","status-publish","format-standard","has-post-thumbnail","hentry","category-latinoamerica"],"_links":{"self":[{"href":"https:\/\/diarioelpopular.com\/index.php\/wp-json\/wp\/v2\/posts\/496152","targetHints":{"allow":["GET"]}}],"collection":[{"href":"https:\/\/diarioelpopular.com\/index.php\/wp-json\/wp\/v2\/posts"}],"about":[{"href":"https:\/\/diarioelpopular.com\/index.php\/wp-json\/wp\/v2\/types\/post"}],"author":[{"embeddable":true,"href":"https:\/\/diarioelpopular.com\/index.php\/wp-json\/wp\/v2\/users\/99"}],"replies":[{"embeddable":true,"href":"https:\/\/diarioelpopular.com\/index.php\/wp-json\/wp\/v2\/comments?post=496152"}],"version-history":[{"count":1,"href":"https:\/\/diarioelpopular.com\/index.php\/wp-json\/wp\/v2\/posts\/496152\/revisions"}],"predecessor-version":[{"id":496154,"href":"https:\/\/diarioelpopular.com\/index.php\/wp-json\/wp\/v2\/posts\/496152\/revisions\/496154"}],"wp:featuredmedia":[{"embeddable":true,"href":"https:\/\/diarioelpopular.com\/index.php\/wp-json\/wp\/v2\/media\/496153"}],"wp:attachment":[{"href":"https:\/\/diarioelpopular.com\/index.php\/wp-json\/wp\/v2\/media?parent=496152"}],"wp:term":[{"taxonomy":"category","embeddable":true,"href":"https:\/\/diarioelpopular.com\/index.php\/wp-json\/wp\/v2\/categories?post=496152"},{"taxonomy":"post_tag","embeddable":true,"href":"https:\/\/diarioelpopular.com\/index.php\/wp-json\/wp\/v2\/tags?post=496152"}],"curies":[{"name":"wp","href":"https:\/\/api.w.org\/{rel}","templated":true}]}}