{"id":496166,"date":"2021-02-21T14:45:54","date_gmt":"2021-02-21T18:45:54","guid":{"rendered":"https:\/\/diarioelpopular.com\/?p=496166"},"modified":"2021-02-21T14:45:54","modified_gmt":"2021-02-21T18:45:54","slug":"mas-de-un-millar-de-casos-diarios-en-cuba","status":"publish","type":"post","link":"https:\/\/diarioelpopular.com\/index.php\/2021\/02\/21\/mas-de-un-millar-de-casos-diarios-en-cuba\/","title":{"rendered":"M\u00e1s de un millar de casos diarios en Cuba"},"content":{"rendered":"<div id=\"attachment_496167\" style=\"width: 160px\" class=\"wp-caption alignnone\"><img loading=\"lazy\" decoding=\"async\" aria-describedby=\"caption-attachment-496167\" class=\"size-thumbnail wp-image-496167\" src=\"https:\/\/diarioelpopular.com\/wp-content\/uploads\/2021\/02\/e46fa4c18a344797078efa9e4e0d880c-150x150.jpg\" alt=\"\" width=\"150\" height=\"150\" \/><p id=\"caption-attachment-496167\" class=\"wp-caption-text\"><em>La Habana con las peores cifras de la pandemia en Cuba<\/em><\/p><\/div>\n<h4><em><strong>La pandemia recrudece. Enero-febrero, peor que el a\u00f1o pasado<\/strong><\/em><\/h4>\n<p><em><strong>LA HABANA, 21 FEB<\/strong> <\/em>&#8211; Cuba sobrepas\u00f3 hoy el millar de casos activos surgidos en un d\u00eda con mil treinta positivos, registr\u00f3 cinco muertes m\u00e1s y suma 5 mil 46 contagiados en todo el pa\u00eds.<br \/>\nEl ministerio de Salud P\u00fablica divulg\u00f3 adem\u00e1s que 19.930 personas est\u00e1n hospitalizadas en la isla, la mayor\u00eda bajo sospechas de que hayan adquirido el nuevo coronavirus.<br \/>\nEn las 15 provincias nacionales surgieron casos, una lista encabezada por La Habana, capital, con 579 infestados y Santiago de Cuba, con 180 en el este isle\u00f1o.<br \/>\nLos rebrotes que se incrementan desde diciembre \u00faltimo tienen un cl\u00edmax en febrero con 16.931 enfermos y 80 fallecimientos, ya el peor mes nacional desde que se inici\u00f3 la pandemia.<br \/>\nLas medidas oficiales van dirigidas a lograr una mayor &#8220;percepci\u00f3n de riesgo&#8221; en la poblaci\u00f3n que impulse el respeto a las medidas sanitarias preventivas y de aislamiento social.<br \/>\nEn el marco de ascenso de la propagaci\u00f3n se divulgan con frecuencia el estadio del desarrollo actual de vacunas cubanas en especial el llamado candidato vacunal Soberana 02, &#8220;el m\u00e1s avanzado&#8221;, seg\u00fan inform\u00f3 en la prensa el presidente del grupo empresarial estatal BioCubaFarma, Eduardo Mart\u00ednez.<br \/>\nMart\u00ednez divulg\u00f3 que esa firma ya &#8220;produce a gran escala un nuevo lote&#8221; del medicamento.<br \/>\nEl especialista reiter\u00f3 que ese proyecto de vacuna penetrar\u00e1 en una fase III de los ensayos cl\u00ednicos en marzo pr\u00f3ximo.<br \/>\n&#8220;Desde el punto de vista tecnol\u00f3gico toda transferencia, constituye un reto. En el caso de #Soberana02, el reto est\u00e1 siendo mayor, por la emergencia sanitaria, seg\u00fan Mart\u00ednez.<br \/>\nRecientemente se anunci\u00f3 que se produjo el primer lote de 150 000 bulbos de Soberana 02&#8221; que es descrita como &#8220;una vacuna conjugada, en la cual el ant\u00edgeno del virus, el dominio de uni\u00f3n al receptor (RBD), est\u00e1 enlazado qu\u00edmicamente al toxoide tet\u00e1nico&#8221;.<br \/>\nLos candidatos a vacunas de Cuba adem\u00e1s de la mencionada, la Soberana 01, Mambisa y Abdala, todas descritas por sus fabricantes como &#8220;exitosas&#8221; hasta el momento en las pruebas.<\/p>\n","protected":false},"excerpt":{"rendered":"<p>La pandemia recrudece. Enero-febrero, peor que el a\u00f1o pasado LA HABANA, 21 FEB &#8211; Cuba sobrepas\u00f3 hoy el millar de casos activos surgidos en un&hellip;<\/p>\n","protected":false},"author":99,"featured_media":496167,"comment_status":"open","ping_status":"open","sticky":false,"template":"","format":"standard","meta":{"footnotes":""},"categories":[23],"tags":[],"class_list":["post-496166","post","type-post","status-publish","format-standard","has-post-thumbnail","hentry","category-latinoamerica"],"_links":{"self":[{"href":"https:\/\/diarioelpopular.com\/index.php\/wp-json\/wp\/v2\/posts\/496166","targetHints":{"allow":["GET"]}}],"collection":[{"href":"https:\/\/diarioelpopular.com\/index.php\/wp-json\/wp\/v2\/posts"}],"about":[{"href":"https:\/\/diarioelpopular.com\/index.php\/wp-json\/wp\/v2\/types\/post"}],"author":[{"embeddable":true,"href":"https:\/\/diarioelpopular.com\/index.php\/wp-json\/wp\/v2\/users\/99"}],"replies":[{"embeddable":true,"href":"https:\/\/diarioelpopular.com\/index.php\/wp-json\/wp\/v2\/comments?post=496166"}],"version-history":[{"count":1,"href":"https:\/\/diarioelpopular.com\/index.php\/wp-json\/wp\/v2\/posts\/496166\/revisions"}],"predecessor-version":[{"id":496168,"href":"https:\/\/diarioelpopular.com\/index.php\/wp-json\/wp\/v2\/posts\/496166\/revisions\/496168"}],"wp:featuredmedia":[{"embeddable":true,"href":"https:\/\/diarioelpopular.com\/index.php\/wp-json\/wp\/v2\/media\/496167"}],"wp:attachment":[{"href":"https:\/\/diarioelpopular.com\/index.php\/wp-json\/wp\/v2\/media?parent=496166"}],"wp:term":[{"taxonomy":"category","embeddable":true,"href":"https:\/\/diarioelpopular.com\/index.php\/wp-json\/wp\/v2\/categories?post=496166"},{"taxonomy":"post_tag","embeddable":true,"href":"https:\/\/diarioelpopular.com\/index.php\/wp-json\/wp\/v2\/tags?post=496166"}],"curies":[{"name":"wp","href":"https:\/\/api.w.org\/{rel}","templated":true}]}}