{"id":496203,"date":"2021-02-24T10:55:55","date_gmt":"2021-02-24T14:55:55","guid":{"rendered":"https:\/\/diarioelpopular.com\/?p=496203"},"modified":"2021-02-24T10:55:55","modified_gmt":"2021-02-24T14:55:55","slug":"canada-agrega-otros-2-752-casos-de-coronavirus-mientras-los-federales-expresan-optimismo-por-la-vacuna","status":"publish","type":"post","link":"https:\/\/diarioelpopular.com\/index.php\/2021\/02\/24\/canada-agrega-otros-2-752-casos-de-coronavirus-mientras-los-federales-expresan-optimismo-por-la-vacuna\/","title":{"rendered":"Canad\u00e1 agrega otros 2,752 casos de coronavirus mientras los federales expresan optimismo por la vacuna"},"content":{"rendered":"<p><img loading=\"lazy\" decoding=\"async\" class=\"alignnone size-custom-full-size wp-image-496204\" src=\"https:\/\/diarioelpopular.com\/wp-content\/uploads\/2021\/02\/Screen-Shot-2021-02-24-at-9.48.55-AM-636x367.png\" alt=\"\" width=\"636\" height=\"367\" srcset=\"https:\/\/diarioelpopular.com\/wp-content\/uploads\/2021\/02\/Screen-Shot-2021-02-24-at-9.48.55-AM-636x367.png 636w, https:\/\/diarioelpopular.com\/wp-content\/uploads\/2021\/02\/Screen-Shot-2021-02-24-at-9.48.55-AM-300x173.png 300w, https:\/\/diarioelpopular.com\/wp-content\/uploads\/2021\/02\/Screen-Shot-2021-02-24-at-9.48.55-AM-768x444.png 768w, https:\/\/diarioelpopular.com\/wp-content\/uploads\/2021\/02\/Screen-Shot-2021-02-24-at-9.48.55-AM-126x73.png 126w, https:\/\/diarioelpopular.com\/wp-content\/uploads\/2021\/02\/Screen-Shot-2021-02-24-at-9.48.55-AM.png 1024w\" sizes=\"auto, (max-width: 636px) 100vw, 636px\" \/><\/p>\n<h4><em><strong>El pa\u00eds agreg\u00f3 otros 2.752 casos del nuevo coronavirus, ya que los funcionarios federales prometieron que el programa de vacunaci\u00f3n del pa\u00eds se reactivar\u00e1 nuevamente esta semana.<\/strong><\/em><\/h4>\n<p><em><strong>OTTAWA.-<\/strong><\/em> Las nuevas infecciones elevaron el recuento nacional a 852,274 casos (no incluyendo los de este mi\u00e9rcoles) desde que comenz\u00f3 la pandemia la primavera pasada. De ellos, al menos 799,835 pacientes se han recuperado hasta la fecha.<\/p>\n<p>Otras 39 personas han muerto por complicaciones de COVID-19 en las \u00faltimas 24 horas, lo que eleva el n\u00famero de muertos a 21.762.<\/p>\n<p>Los nuevos casos y muertes se produjeron cuando el gobierno comienza a recuperarse de m\u00faltiples retrasos en las entregas de vacunas, que han obstaculizado el despliegue en todo el pa\u00eds.<\/p>\n<p>La ministra de Adquisiciones, Anita Anand, dijo que en marzo se enviar\u00e1n 3,5 millones de dosis, lo que es suficiente para vacunar a m\u00e1s de 112.000 personas cada d\u00eda.<\/p>\n<p>Dijo que se enviar\u00e1n 640.000 dosis adicionales durante esta \u00faltima semana de febrero.<\/p>\n<p>El programa de vacunas de Canad\u00e1 se ralentiz\u00f3 entre el 18 de enero y el 14 de febrero cuando los problemas de producci\u00f3n limitaron los env\u00edos a menos de 350.000 dosis. Pero la mayor\u00eda de las provincias ya han completado las vacunas en cuidados a largo plazo, o est\u00e1n cerca de hacerlo, y muchas se est\u00e1n expandiendo a personas mayores que viven de forma independiente.<\/p>\n<p>Hasta el martes, se han administrado m\u00e1s de 1,6 millones de dosis en todo el pa\u00eds, seg\u00fan datos provinciales y territoriales. M\u00e1s de 455.000 canadienses han recibido dos dosis de una vacuna hasta el viernes, aproximadamente el 0,81 por ciento de la poblaci\u00f3n, seg\u00fan datos federales.<\/p>\n<p>Quebec anunci\u00f3 este martes que solo las personas mayores de 85 a\u00f1os pueden comenzar a vacunarse la pr\u00f3xima semana. Nueva Escocia abrir\u00e1 las vacunas para personas mayores de 80 esta semana, y Alberta para personas mayores de 75. Ontario y Columbia Brit\u00e1nica apuntan a expandirse a personas mayores de 80 a\u00f1os a mediados de marzo.<\/p>\n<p>Si bien Canad\u00e1 est\u00e1 considerando un posible regreso a la vida normal para septiembre, la directora de salud p\u00fablica, la Dra. Theresa Tam, dijo a los periodistas el martes que algunas medidas de bloqueo podr\u00edan levantarse antes si la tasa de vacunaci\u00f3n contin\u00faa mejorando.<\/p>\n<p>\u201cLa clave es lograr que las medidas de la vacuna sean altas para reducir las posibilidades de esos repuntes masivos de resurgimiento a fin de mantener la sociedad en marcha\u201d, dijo.<\/p>\n<p>&#8220;Ese es absolutamente el objetivo, pero no se puede poner una fecha absoluta en una de estas cosas&#8221;.<\/p>\n<p>Tam ha dicho que la disminuci\u00f3n del n\u00famero de casos diarios en comparaci\u00f3n con principios de este invierno tambi\u00e9n es alentadora, pero advierte que la aparici\u00f3n de m\u00faltiples variantes m\u00e1s contagiosas del virus significa que la gente debe permanecer alerta.<\/p>\n<p>Ontario agreg\u00f3 975 nuevos casos y 12 muertes m\u00e1s el martes, mientras que Quebec inform\u00f3 otras 13 muertes y 739 nuevos casos.<\/p>\n<p>En el Atl\u00e1ntico canadiense, se confirmaron 15 casos m\u00e1s en Newfound y Labrador, donde un brote importante en el \u00e1rea de St. John ha comenzado a disminuir despu\u00e9s de un repunte a principios de este mes, retrasando las elecciones provinciales all\u00ed.<\/p>\n<p>Si bien Nueva Escocia agreg\u00f3 tres casos m\u00e1s, ni New Brunswick ni la Isla del Pr\u00edncipe Eduardo vieron nuevas infecciones. Ninguna de las provincias del Atl\u00e1ntico inform\u00f3 de nuevas muertes el martes.<\/p>\n<p>Las provincias de las praderas de Manitoba y Saskatchewan notificaron 76 y 126 casos nuevos, respectivamente. Otras cuatro personas murieron por COVID-19 en Saskatchewan, mientras que Manitoba no vio nuevas muertes.<\/p>\n<p>En el oeste de Canad\u00e1, Alberta agreg\u00f3 otros 267 casos y 10 muertes, y Columbia Brit\u00e1nica vio 559 nuevas infecciones y 1 muerte m\u00e1s.<\/p>\n<p>Las infecciones mundiales por coronavirus cruzaron los 112 millones el martes, con 112,075,694 casos confirmados a las 9 p.m. ET, seg\u00fan la Universidad Johns Hopkins. El n\u00famero mundial de muertos ahora es de 2.483.496.<\/p>\n<p>Estados Unidos sigue liderando el mundo tanto en infecciones, con 28,2 millones, como en muertes, que superaron el medio mill\u00f3n el lunes y se situaron en 502.517 este martes por la noche.<\/p>\n<p>&nbsp;<\/p>\n<p>&nbsp;<\/p>\n","protected":false},"excerpt":{"rendered":"<p>El pa\u00eds agreg\u00f3 otros 2.752 casos del nuevo coronavirus, ya que los funcionarios federales prometieron que el programa de vacunaci\u00f3n del pa\u00eds se reactivar\u00e1 nuevamente&hellip;<\/p>\n","protected":false},"author":99,"featured_media":496204,"comment_status":"open","ping_status":"open","sticky":false,"template":"","format":"standard","meta":{"footnotes":""},"categories":[21,11191],"tags":[],"class_list":["post-496203","post","type-post","status-publish","format-standard","has-post-thumbnail","hentry","category-canada","category-top-news"],"_links":{"self":[{"href":"https:\/\/diarioelpopular.com\/index.php\/wp-json\/wp\/v2\/posts\/496203","targetHints":{"allow":["GET"]}}],"collection":[{"href":"https:\/\/diarioelpopular.com\/index.php\/wp-json\/wp\/v2\/posts"}],"about":[{"href":"https:\/\/diarioelpopular.com\/index.php\/wp-json\/wp\/v2\/types\/post"}],"author":[{"embeddable":true,"href":"https:\/\/diarioelpopular.com\/index.php\/wp-json\/wp\/v2\/users\/99"}],"replies":[{"embeddable":true,"href":"https:\/\/diarioelpopular.com\/index.php\/wp-json\/wp\/v2\/comments?post=496203"}],"version-history":[{"count":1,"href":"https:\/\/diarioelpopular.com\/index.php\/wp-json\/wp\/v2\/posts\/496203\/revisions"}],"predecessor-version":[{"id":496205,"href":"https:\/\/diarioelpopular.com\/index.php\/wp-json\/wp\/v2\/posts\/496203\/revisions\/496205"}],"wp:featuredmedia":[{"embeddable":true,"href":"https:\/\/diarioelpopular.com\/index.php\/wp-json\/wp\/v2\/media\/496204"}],"wp:attachment":[{"href":"https:\/\/diarioelpopular.com\/index.php\/wp-json\/wp\/v2\/media?parent=496203"}],"wp:term":[{"taxonomy":"category","embeddable":true,"href":"https:\/\/diarioelpopular.com\/index.php\/wp-json\/wp\/v2\/categories?post=496203"},{"taxonomy":"post_tag","embeddable":true,"href":"https:\/\/diarioelpopular.com\/index.php\/wp-json\/wp\/v2\/tags?post=496203"}],"curies":[{"name":"wp","href":"https:\/\/api.w.org\/{rel}","templated":true}]}}