{"id":496209,"date":"2021-02-24T11:15:16","date_gmt":"2021-02-24T15:15:16","guid":{"rendered":"https:\/\/diarioelpopular.com\/?p=496209"},"modified":"2021-02-24T11:15:16","modified_gmt":"2021-02-24T15:15:16","slug":"fernandez-se-suma-a-denuncias-por-monopolio-vacunas","status":"publish","type":"post","link":"https:\/\/diarioelpopular.com\/index.php\/2021\/02\/24\/fernandez-se-suma-a-denuncias-por-monopolio-vacunas\/","title":{"rendered":"Fern\u00e1ndez se suma a denuncias por monopolio vacunas"},"content":{"rendered":"<div id=\"attachment_496210\" style=\"width: 310px\" class=\"wp-caption alignnone\"><img loading=\"lazy\" decoding=\"async\" aria-describedby=\"caption-attachment-496210\" class=\"size-medium wp-image-496210\" src=\"https:\/\/diarioelpopular.com\/wp-content\/uploads\/2021\/02\/240795907cfc2182902796c0d60cc10b-300x200.jpg\" alt=\"\" width=\"300\" height=\"200\" srcset=\"https:\/\/diarioelpopular.com\/wp-content\/uploads\/2021\/02\/240795907cfc2182902796c0d60cc10b-300x200.jpg 300w, https:\/\/diarioelpopular.com\/wp-content\/uploads\/2021\/02\/240795907cfc2182902796c0d60cc10b-110x73.jpg 110w, https:\/\/diarioelpopular.com\/wp-content\/uploads\/2021\/02\/240795907cfc2182902796c0d60cc10b.jpg 476w\" sizes=\"auto, (max-width: 300px) 100vw, 300px\" \/><p id=\"caption-attachment-496210\" class=\"wp-caption-text\"><em>Alberto Fernandez y L\u00f3pez Obrador<\/em><br \/><em>(foto: EPA)<\/em><\/p><\/div>\n<h4><em><strong>Recibe bienvenida oficial del presidente Andr\u00e9s L\u00f3pez Obrador<\/strong><\/em><\/h4>\n<p><em><strong>CIUDAD DE M\u00c9XICO 24 FEB &#8211;<\/strong><\/em> El presidente argentino, Alberto Fern\u00e1ndez, se uni\u00f3 a la denuncia por el &#8220;acaparamiento&#8221; de las vacunas contra el Covid-19 y llam\u00f3 a sumar esfuerzos para garantizar que Latinoam\u00e9rica tenga acceso al ant\u00edgeno. Tras recibir la bienvenida de su hom\u00f3logo mexicano Andr\u00e9s L\u00f3pez Obrador con todos los honores reservados a los jefes de Estado, demand\u00f3 a las autoridades de la regi\u00f3n a &#8220;hacer un esfuerzo para que, a mayor velocidad&#8221; todos los pa\u00edses de la regi\u00f3n est\u00e9n inmunizados. &#8220;Esto nos convoca y en eso debemos de seguir trabajando juntos&#8221;, dijo el mandatario, que realiza una visita oficial de tres d\u00edas a M\u00e9xico para participar, entre otras cosas, en la ceremonia por el bicentenario de la consolidaci\u00f3n de la Independencia. Fern\u00e1ndez consider\u00f3 que &#8220;unirse para ayudar al desarrollo de Am\u00e9rica Latina&#8221; es una &#8220;obligaci\u00f3n que tenemos, desde el pa\u00eds m\u00e1s norte\u00f1o hasta el pa\u00eds m\u00e1s austral&#8221;. Por ello, celebr\u00f3 la producci\u00f3n de la vacuna contra el Covid-19 y los 12 millones de dosis que son envasadas en M\u00e9xico, de la firma farmac\u00e9utica anglo-sueca AstraZeneca, asociada a la Universidad de Oxford, y cuya sustancia activa fue producida en Argentina. El proyecto, que permitir\u00e1 hacer llegar el ant\u00eddoto a gran parte de los pa\u00edses de Am\u00e9rica Latina, cuenta con el patrocinio, entre otros, del magnate mexicano de las telecomunicaciones Carlos Slim. Alberto Fern\u00e1ndez agradeci\u00f3 a M\u00e9xico haber acogido a perseguidos por la dictadura en su pa\u00eds y otras naciones de Am\u00e9rica Latina. Para los argentinos &#8220;M\u00e9xico es un pa\u00eds que alberg\u00f3 a v\u00edctimas de la dictadura y a otros perseguidos en el mundo, a quienes &#8220;les dio cobijo&#8221;, entre ellos al expresidente de Bolivia Evo Morales, indic\u00f3 .<\/p>\n","protected":false},"excerpt":{"rendered":"<p>Recibe bienvenida oficial del presidente Andr\u00e9s L\u00f3pez Obrador CIUDAD DE M\u00c9XICO 24 FEB &#8211; El presidente argentino, Alberto Fern\u00e1ndez, se uni\u00f3 a la denuncia por&hellip;<\/p>\n","protected":false},"author":99,"featured_media":496210,"comment_status":"open","ping_status":"open","sticky":false,"template":"","format":"standard","meta":{"footnotes":""},"categories":[23],"tags":[],"class_list":["post-496209","post","type-post","status-publish","format-standard","has-post-thumbnail","hentry","category-latinoamerica"],"_links":{"self":[{"href":"https:\/\/diarioelpopular.com\/index.php\/wp-json\/wp\/v2\/posts\/496209","targetHints":{"allow":["GET"]}}],"collection":[{"href":"https:\/\/diarioelpopular.com\/index.php\/wp-json\/wp\/v2\/posts"}],"about":[{"href":"https:\/\/diarioelpopular.com\/index.php\/wp-json\/wp\/v2\/types\/post"}],"author":[{"embeddable":true,"href":"https:\/\/diarioelpopular.com\/index.php\/wp-json\/wp\/v2\/users\/99"}],"replies":[{"embeddable":true,"href":"https:\/\/diarioelpopular.com\/index.php\/wp-json\/wp\/v2\/comments?post=496209"}],"version-history":[{"count":1,"href":"https:\/\/diarioelpopular.com\/index.php\/wp-json\/wp\/v2\/posts\/496209\/revisions"}],"predecessor-version":[{"id":496211,"href":"https:\/\/diarioelpopular.com\/index.php\/wp-json\/wp\/v2\/posts\/496209\/revisions\/496211"}],"wp:featuredmedia":[{"embeddable":true,"href":"https:\/\/diarioelpopular.com\/index.php\/wp-json\/wp\/v2\/media\/496210"}],"wp:attachment":[{"href":"https:\/\/diarioelpopular.com\/index.php\/wp-json\/wp\/v2\/media?parent=496209"}],"wp:term":[{"taxonomy":"category","embeddable":true,"href":"https:\/\/diarioelpopular.com\/index.php\/wp-json\/wp\/v2\/categories?post=496209"},{"taxonomy":"post_tag","embeddable":true,"href":"https:\/\/diarioelpopular.com\/index.php\/wp-json\/wp\/v2\/tags?post=496209"}],"curies":[{"name":"wp","href":"https:\/\/api.w.org\/{rel}","templated":true}]}}