{"id":496226,"date":"2021-02-25T11:53:40","date_gmt":"2021-02-25T15:53:40","guid":{"rendered":"https:\/\/diarioelpopular.com\/?p=496226"},"modified":"2021-02-25T11:53:40","modified_gmt":"2021-02-25T15:53:40","slug":"maluma-y-los-cantantes-con-las-exigencias-mas-absurdas-en-vina-del-mar","status":"publish","type":"post","link":"https:\/\/diarioelpopular.com\/index.php\/2021\/02\/25\/maluma-y-los-cantantes-con-las-exigencias-mas-absurdas-en-vina-del-mar\/","title":{"rendered":"Maluma y los cantantes con las exigencias m\u00e1s absurdas en Vi\u00f1a del Mar"},"content":{"rendered":"<h4><img loading=\"lazy\" decoding=\"async\" class=\"alignnone size-medium wp-image-496227\" src=\"https:\/\/diarioelpopular.com\/wp-content\/uploads\/2021\/02\/imgres-1-300x168.jpg\" alt=\"\" width=\"300\" height=\"168\" srcset=\"https:\/\/diarioelpopular.com\/wp-content\/uploads\/2021\/02\/imgres-1.jpg 300w, https:\/\/diarioelpopular.com\/wp-content\/uploads\/2021\/02\/imgres-1-130x73.jpg 130w\" sizes=\"auto, (max-width: 300px) 100vw, 300px\" \/><\/h4>\n<h4><em><strong>Le contamos cu\u00e1les fueron las extravagantes peticiones de varios artistas en Chile<\/strong><\/em><\/h4>\n<p id=\"p569238-m532-531-533\" class=\"contenido\">La fama, el cari\u00f1o que reciben del p\u00fablico y la cantidad de dinero que a veces pueden obtener en poco tiempo provocan todo tipo de efectos en los artistas musicales. Una de las reacciones m\u00e1s curiosas es la extravagancia.<\/p>\n<p>Claro, algunos podr\u00edan se\u00f1alar que deben aprovechar su &#8216;cuarto de hora&#8217;: tal vez no puedan encontrar qui\u00e9n cumpla sus caprichos toda la vida. Para otras personas, esto simplemente puede ser un comportamiento vanidoso. Hay quienes a pesar de su fama mantienen un car\u00e1cter humilde y una vida sobria.<\/p>\n<p id=\"p569238-m576-2-577\" class=\"contenido\">Un recuento que hizo el medio de comunicaci\u00f3n chileno, &#8216;BioBiochile&#8217; se enfoca, por el contrario, en algunos de los pedidos m\u00e1s extra\u00f1os e incluso absurdos que hicieron algunos artistas cuando participaron en el renombrado Festival de Vi\u00f1a del Mar, que se realiza en febrero en esa ciudad, pero que este a\u00f1o fue suspendido.<\/p>\n<p>Le contamos cu\u00e1les son algunos de los caprichos que tuvieron estos m\u00fasicos, quienes dieron de qu\u00e9 hablar en Chile.<\/p>\n<p><em><strong><span id=\"p569238-m582-3-583\" class=\"articulo-subtitulo\">Maluma<\/span><\/strong><\/em><\/p>\n<div id=\"p569238-m588-4-589\" class=\"fotografia\">\n<div class=\"imagen-cuerpo-bk\">\n<figure id=\"m593-592-594\" class=\"foto-galeria-articulo\"><img decoding=\"async\" src=\"https:\/\/www.eltiempo.com\/files\/article_content\/uploads\/2020\/10\/22\/5f91dd36ca783.png\" alt=\"Maluma\" width=\"600px\" height=\"450px\" data-original=\"\/files\/article_content\/uploads\/2020\/10\/22\/5f91dd36ca783.png\" \/><\/figure>\n<\/div>\n<div class=\"figcaption-cuerpo-bk credito-image-bk\">\n<div class=\"titulo-foto-bk\">\n<p id=\"m600-1-601\" class=\"titulo\"><em>Maluma es actualmente uno de los artistas urbanos m\u00e1s reconocidos de Colombia.<\/em><\/p>\n<\/div>\n<div class=\"credito-apertura-strong-bk credito-image-bk\"><em>Foto:\u00a0<span style=\"line-height: 1.5;\">Instagram: @maluma<\/span><\/em><\/div>\n<\/div>\n<\/div>\n<p id=\"p569238-m614-5-615\" class=\"contenido\">De acuerdo con el canal &#8216;Tvn&#8217;, Maluma lleg\u00f3 a Chile con otros nueve acompa\u00f1antes, entre los que se encontraban su mam\u00e1 y su hermana, por lo cual su estad\u00eda no fue en un hotel, sino en una casa. La lujosa propiedad contaba con m\u00e1s de 1.000 metros cuadrados.<\/p>\n<p>Ten\u00eda estrictas medidas de seguridad, cables de electricidad, rejas y vigilancia constante. No obstante, no estaba suficientemente aislada, algo que no le gust\u00f3 a Maluma. Los fan\u00e1ticos lo visitaron y eso, al parecer, le caus\u00f3 molestias.<\/p>\n<p>Adem\u00e1s, el reguetonero llev\u00f3 consigo a un chef profesional, pues se sabe que ahora con la fama tiene un gran gusto por la gastronom\u00eda exquisita. Seg\u00fan medios chilenos, esta persona deb\u00eda estar disponible 24 horas.<\/p>\n<p><em><strong><span id=\"p569238-m620-6-621\" class=\"articulo-subtitulo\">Luis Miguel<\/span><\/strong><\/em><\/p>\n<div id=\"p569238-m626-7-627\" class=\"fotografia\">\n<div class=\"imagen-cuerpo-bk\">\n<figure id=\"m631-630-632\" class=\"foto-galeria-articulo\"><img decoding=\"async\" src=\"https:\/\/www.eltiempo.com\/files\/article_content\/uploads\/2020\/04\/18\/5e9b42dee6b0e.jpeg\" alt=\"Luis Miguel 50 a\u00f1os\" width=\"600px\" height=\"450px\" data-original=\"\/files\/article_content\/uploads\/2020\/04\/18\/5e9b42dee6b0e.jpeg\" \/><\/figure>\n<\/div>\n<div class=\"figcaption-cuerpo-bk credito-image-bk\">\n<div class=\"titulo-foto-bk\">\n<p id=\"m638-1-639\" class=\"titulo\"><em>El artista es conocido por su impresionante voz y tambi\u00e9n por sus peculiares exigencias a la hora de presentarse.\u00a0<span style=\"line-height: 1.5;\">Foto:\u00a0<\/span><span style=\"line-height: 1.5;\">EFE<\/span><\/em><\/p>\n<\/div>\n<\/div>\n<\/div>\n<p id=\"p569238-m652-8-653\" class=\"contenido\">En 2012, Luis Miguel fue invitado a participar en la edici\u00f3n de ese a\u00f1o del festival. En su momento caus\u00f3 todo tipo de comentarios en la prensa y en el p\u00fablico, pues se conoci\u00f3 que hizo una exigencia bastante extra\u00f1a: pidi\u00f3 120 toallas blancas y solo utiliz\u00f3 tres.<\/p>\n<p>De acuerdo con la informaci\u00f3n compartida en ese entonces por la agencia &#8216;EFE&#8217;, Luis Miguel tambi\u00e9n solicit\u00f3 que nadie se encontrara con \u00e9l tras bambalinas y exigi\u00f3 no ser interrumpido mientras se presentaba, algo com\u00fan en ese festival. Dos peticiones que, no obstante, fueron un poco m\u00e1s entendibles para un artista de su talla.<\/p>\n<p id=\"p569238-m670-11-671\" class=\"contenido\">Seg\u00fan &#8216;EFE&#8217;, el exmiembro de la reconocida banda brit\u00e1nica &#8216;The Smiths&#8217; sorprendi\u00f3 por su comportamiento, que tambi\u00e9n fue noticia en 2012<b>. <\/b>Al igual que Luis Miguel solicit\u00f3 no ser interrumpido, lo que molest\u00f3 a los jurados del certamen e hizo que muchos de ellos se fueran antes de tiempo.<\/p>\n<p>Pidi\u00f3 que su camerino fuera cubierto con toallas blancas e hizo que todo el personal de la Quinta Vergara, el recinto donde generalmente se lleva a cabo el Festival, permaneciera encerrado, pues asegur\u00f3 que no quer\u00eda cruzarse con nadie.<\/p>\n<p>Adicionalmente, exigi\u00f3 que no se sirviera, ni se consumiera carne frente a \u00e9l. El personal tampoco pod\u00eda llevar prendas hechas con animales, a pedido del brit\u00e1nico.<\/p>\n<p><em><strong><span id=\"p569238-m676-12-677\" class=\"articulo-subtitulo\">Marc Anthony<\/span><\/strong><\/em><\/p>\n<div id=\"p569238-m682-13-683\" class=\"fotografia\">\n<div class=\"imagen-cuerpo-bk\">\n<figure id=\"m687-686-688\" class=\"foto-galeria-articulo\"><img decoding=\"async\" src=\"https:\/\/www.eltiempo.com\/files\/article_content\/files\/crop\/uploads\/2018\/09\/06\/5b91f6836c974.r_1614265213239.0-0-530-398.png\" alt=\"Marc Anthony, salsero\" width=\"600px\" height=\"450px\" data-original=\"\/files\/article_content\/files\/crop\/uploads\/2018\/09\/06\/5b91f6836c974.r_1614265213239.0-0-530-398.png\" \/><\/figure>\n<\/div>\n<div class=\"figcaption-cuerpo-bk credito-image-bk\">\n<div class=\"titulo-foto-bk\">\n<p id=\"m694-1-695\" class=\"titulo\"><em>En la actualidad Marc Anthony tiene 52 a\u00f1os.\u00a0<\/em><em style=\"line-height: 1.5;\">Foto:\u00a0<span style=\"line-height: 1.5;\">Diego Santacruz\u00a0<\/span><\/em><\/p>\n<\/div>\n<\/div>\n<\/div>\n<p id=\"p569238-m708-14-709\" class=\"contenido\">Seg\u00fan, &#8216;BioBiochile&#8217;, el salsero ha estado invitado en tres oportunidades al Festival de Vi\u00f1a del Mar. En 2012, por ejemplo, solicit\u00f3 estar en un espacio con paredes blancas y que le dieran 20 toallas negras. Tambi\u00e9n pidi\u00f3 una botella de vino que costaba cientos de d\u00f3lares.<\/p>\n<p>Al igual que otros artistas, requer\u00eda que no hubiera personas en los pasillos de la Quinta Vergara cuando \u00e9l estuviera transitando por all\u00ed.<\/p>\n<p><em><strong><span id=\"p569238-m714-15-715\" class=\"articulo-subtitulo\">Alejandro Sanz<\/span><\/strong><\/em><\/p>\n<div id=\"p569238-m720-16-721\" class=\"fotografia\">\n<div class=\"imagen-cuerpo-bk\">\n<figure id=\"m725-724-726\" class=\"foto-galeria-articulo\"><img decoding=\"async\" src=\"https:\/\/www.eltiempo.com\/files\/article_content\/uploads\/2019\/11\/15\/5dcecdde7c046.jpeg\" alt=\"Alejandro Sanz, durante su presentaci\u00f3n en el Grammy Latino.\" width=\"600px\" height=\"450px\" data-original=\"\/files\/article_content\/uploads\/2019\/11\/15\/5dcecdde7c046.jpeg\" \/><\/figure>\n<\/div>\n<div class=\"figcaption-cuerpo-bk credito-image-bk\">\n<div class=\"titulo-foto-bk\">\n<p id=\"m732-1-733\" class=\"titulo\"><em>Alejandro Sanz, durante su presentaci\u00f3n en el Grammy Latino.<\/em><\/p>\n<\/div>\n<div class=\"credito-apertura-strong-bk credito-image-bk\"><em>Foto:<span style=\"line-height: 1.5;\">EFE<\/span><\/em><\/div>\n<\/div>\n<\/div>\n<p id=\"p569238-m746-17-747\" class=\"contenido\">S\u00e1nz tambi\u00e9n fue reconocido por sus extravagancias en el festival. En 2016, arrib\u00f3 a Chile con 53 personas m\u00e1s, que hac\u00edan parte de su equipo, de acuerdo con informaci\u00f3n del medio &#8216;La Tercera&#8217;.<\/p>\n<p>Al parecer, es uno de los artistas que m\u00e1s acompa\u00f1antes han llevado al evento, que fue suspendido este 2021 debido a la crisis del nuevo coronavirus.<\/p>\n","protected":false},"excerpt":{"rendered":"<p>Le contamos cu\u00e1les fueron las extravagantes peticiones de varios artistas en Chile La fama, el cari\u00f1o que reciben del p\u00fablico y la cantidad de dinero&hellip;<\/p>\n","protected":false},"author":99,"featured_media":496227,"comment_status":"open","ping_status":"open","sticky":false,"template":"","format":"standard","meta":{"footnotes":""},"categories":[2482],"tags":[],"class_list":["post-496226","post","type-post","status-publish","format-standard","has-post-thumbnail","hentry","category-espectaculo"],"_links":{"self":[{"href":"https:\/\/diarioelpopular.com\/index.php\/wp-json\/wp\/v2\/posts\/496226","targetHints":{"allow":["GET"]}}],"collection":[{"href":"https:\/\/diarioelpopular.com\/index.php\/wp-json\/wp\/v2\/posts"}],"about":[{"href":"https:\/\/diarioelpopular.com\/index.php\/wp-json\/wp\/v2\/types\/post"}],"author":[{"embeddable":true,"href":"https:\/\/diarioelpopular.com\/index.php\/wp-json\/wp\/v2\/users\/99"}],"replies":[{"embeddable":true,"href":"https:\/\/diarioelpopular.com\/index.php\/wp-json\/wp\/v2\/comments?post=496226"}],"version-history":[{"count":1,"href":"https:\/\/diarioelpopular.com\/index.php\/wp-json\/wp\/v2\/posts\/496226\/revisions"}],"predecessor-version":[{"id":496228,"href":"https:\/\/diarioelpopular.com\/index.php\/wp-json\/wp\/v2\/posts\/496226\/revisions\/496228"}],"wp:featuredmedia":[{"embeddable":true,"href":"https:\/\/diarioelpopular.com\/index.php\/wp-json\/wp\/v2\/media\/496227"}],"wp:attachment":[{"href":"https:\/\/diarioelpopular.com\/index.php\/wp-json\/wp\/v2\/media?parent=496226"}],"wp:term":[{"taxonomy":"category","embeddable":true,"href":"https:\/\/diarioelpopular.com\/index.php\/wp-json\/wp\/v2\/categories?post=496226"},{"taxonomy":"post_tag","embeddable":true,"href":"https:\/\/diarioelpopular.com\/index.php\/wp-json\/wp\/v2\/tags?post=496226"}],"curies":[{"name":"wp","href":"https:\/\/api.w.org\/{rel}","templated":true}]}}