{"id":496256,"date":"2021-02-26T14:15:49","date_gmt":"2021-02-26T18:15:49","guid":{"rendered":"https:\/\/diarioelpopular.com\/?p=496256"},"modified":"2021-02-26T14:15:49","modified_gmt":"2021-02-26T18:15:49","slug":"brasil-record-muertes-al-cumplir-1-ano-pandemia","status":"publish","type":"post","link":"https:\/\/diarioelpopular.com\/index.php\/2021\/02\/26\/brasil-record-muertes-al-cumplir-1-ano-pandemia\/","title":{"rendered":"Brasil,r\u00e9cord muertes al cumplir 1 a\u00f1o pandemia"},"content":{"rendered":"<div id=\"attachment_496257\" style=\"width: 160px\" class=\"wp-caption alignnone\"><img loading=\"lazy\" decoding=\"async\" aria-describedby=\"caption-attachment-496257\" class=\"size-thumbnail wp-image-496257\" src=\"https:\/\/diarioelpopular.com\/wp-content\/uploads\/2021\/02\/d8f10377be44709fdc6540db0d58bd98-150x150.jpg\" alt=\"\" width=\"150\" height=\"150\" \/><p id=\"caption-attachment-496257\" class=\"wp-caption-text\"><em>Consecuencias del coronavirus en Brasil (foto: ANSA)<\/em><\/p><\/div>\n<h4><em><strong>Hubo 1582 fallecimientos en un d\u00eda<\/strong><\/em><\/h4>\n<p><em><strong>BRASILIA, 26 FEB &#8211;<\/strong><\/em> Brasil, donde hoy viernes se cumple un a\u00f1o desde el primer test positivo por el coronavirus, registr\u00f3 1.582 fallecimientos en el d\u00eda m\u00e1s letal desde el inicio de la pandemia.<br \/>\nEl gigante latinoamericano suma 251.661 defunciones, incluyendo las 1.582 reportadas hasta las 20 horas (23 GMT) de este jueves, cuando se super\u00f3 el r\u00e9cord anterior de 1.554 muertes del 29 de julio de 2020.<br \/>\nLa media m\u00f3vil, que indica el promedio de los \u00faltimos siete d\u00edas, fue de 1.559 decesos, seg\u00fan los datos divulgados por las secretar\u00edas de Salud estaduales.<br \/>\nEste viernes se cumple un a\u00f1o del primer caso de Covid-19 detectado el 26 de febrero del a\u00f1o pasado en un hombre de 61 a\u00f1os, residente en San Pablo, que hab\u00eda viajado a Italia.<br \/>\nPor otra parte ayer fueron consignados 67.878 infectados y lleg\u00f3 a 10.393.886 la cifra de afectados desde el 26 de febrero del a\u00f1o pasado cuando se conoci\u00f3 el primer test positivo de la dolencia.<\/p>\n","protected":false},"excerpt":{"rendered":"<p>Hubo 1582 fallecimientos en un d\u00eda BRASILIA, 26 FEB &#8211; Brasil, donde hoy viernes se cumple un a\u00f1o desde el primer test positivo por el&hellip;<\/p>\n","protected":false},"author":99,"featured_media":496257,"comment_status":"open","ping_status":"open","sticky":false,"template":"","format":"standard","meta":{"footnotes":""},"categories":[23],"tags":[],"class_list":["post-496256","post","type-post","status-publish","format-standard","has-post-thumbnail","hentry","category-latinoamerica"],"_links":{"self":[{"href":"https:\/\/diarioelpopular.com\/index.php\/wp-json\/wp\/v2\/posts\/496256","targetHints":{"allow":["GET"]}}],"collection":[{"href":"https:\/\/diarioelpopular.com\/index.php\/wp-json\/wp\/v2\/posts"}],"about":[{"href":"https:\/\/diarioelpopular.com\/index.php\/wp-json\/wp\/v2\/types\/post"}],"author":[{"embeddable":true,"href":"https:\/\/diarioelpopular.com\/index.php\/wp-json\/wp\/v2\/users\/99"}],"replies":[{"embeddable":true,"href":"https:\/\/diarioelpopular.com\/index.php\/wp-json\/wp\/v2\/comments?post=496256"}],"version-history":[{"count":1,"href":"https:\/\/diarioelpopular.com\/index.php\/wp-json\/wp\/v2\/posts\/496256\/revisions"}],"predecessor-version":[{"id":496258,"href":"https:\/\/diarioelpopular.com\/index.php\/wp-json\/wp\/v2\/posts\/496256\/revisions\/496258"}],"wp:featuredmedia":[{"embeddable":true,"href":"https:\/\/diarioelpopular.com\/index.php\/wp-json\/wp\/v2\/media\/496257"}],"wp:attachment":[{"href":"https:\/\/diarioelpopular.com\/index.php\/wp-json\/wp\/v2\/media?parent=496256"}],"wp:term":[{"taxonomy":"category","embeddable":true,"href":"https:\/\/diarioelpopular.com\/index.php\/wp-json\/wp\/v2\/categories?post=496256"},{"taxonomy":"post_tag","embeddable":true,"href":"https:\/\/diarioelpopular.com\/index.php\/wp-json\/wp\/v2\/tags?post=496256"}],"curies":[{"name":"wp","href":"https:\/\/api.w.org\/{rel}","templated":true}]}}