{"id":496273,"date":"2021-02-27T14:45:07","date_gmt":"2021-02-27T18:45:07","guid":{"rendered":"https:\/\/diarioelpopular.com\/?p=496273"},"modified":"2021-02-27T14:45:07","modified_gmt":"2021-02-27T18:45:07","slug":"chile-sin-tregua-pese-a-la-vacunacion","status":"publish","type":"post","link":"https:\/\/diarioelpopular.com\/index.php\/2021\/02\/27\/chile-sin-tregua-pese-a-la-vacunacion\/","title":{"rendered":"Chile sin tregua pese a la vacunaci\u00f3n"},"content":{"rendered":"<div id=\"attachment_496274\" style=\"width: 160px\" class=\"wp-caption alignnone\"><img loading=\"lazy\" decoding=\"async\" aria-describedby=\"caption-attachment-496274\" class=\"size-thumbnail wp-image-496274\" src=\"https:\/\/diarioelpopular.com\/wp-content\/uploads\/2021\/02\/85634cc7a4f42826f1eb33dcb114517f-150x150.jpg\" alt=\"\" width=\"150\" height=\"150\" \/><p id=\"caption-attachment-496274\" class=\"wp-caption-text\"><em>Fren\u00e9tico proceso de vacunaci\u00f3n en Chile, pero aumentan los contagios<\/em><br \/><em>(foto: ANSA)<\/em><\/p><\/div>\n<h4><em><strong>Casos activos suben en \u00faltimas 24 horas, contagios disparados<\/strong><\/em><\/h4>\n<p><em><strong>SANTIAGO DE CHILE, 27 FEB &#8211;<\/strong><\/em> El virus de Covid-19 tiene a maltraer a Chile con alto aumento de contagios, pese al masivo proceso de vacunaci\u00f3n con m\u00e1s de 3,2 millones de inmunizados y otros 4 millones de dosis chinas de Sinovac que llegaron para empezar a aplicar la segunda dosis a partir del 3 de marzo.<br \/>\nHoy segu\u00edan inoculando a profesores, personas dializadas y rezagados mayores de 65 a\u00f1os.<br \/>\nNo obstante, el t\u00e9rmino de las vacaciones ha significado una gran movilidad y confirma la alerta del Ministerio de Salud de un rebrote en oto\u00f1o.<br \/>\nEn las \u00faltimas 24 horas hubo un alza de 1.795 en los casos activos -el segundo mayor incremento en lo que va del a\u00f1o-, con los cual 23.718 personas tienen la capacidad de diseminar el virus.<br \/>\nLos contagiados nuevamente se dispararon al anotar en la \u00faltima jornada 4.586 casos nuevos, la cifra m\u00e1s alta desde el 29 de enero, con lo cual el n\u00famero de pacientes desde que se inici\u00f3 la pandemia hace casi un a\u00f1o, el 3 de marzo, lleg\u00f3 a 816.929.<br \/>\nEl Departamento de Estad\u00edsticas del ministerio confirm\u00f3 90 decesos asociados al coronavirus, por lo que el total de v\u00edctimas de la pandemia se elev\u00f3 a 20.400.<br \/>\nEl ministro de Salud, Enrique Paris, sostuvo que &#8220;no es momento de abandonar ninguna de las medidas de autocuidado contra el Covid-19. El conjunto de la poblaci\u00f3n, incluyendo los m\u00e1s de tres millones de personas que ya se han vacunado con la primera dosis, deben seguir usando mascarilla, lav\u00e1ndose las manos frecuentemente, evitar las aglomeraciones y mantener la distancia f\u00edsica&#8221;.<br \/>\nApunt\u00f3 que el informe de hoy indica que &#8220;la variaci\u00f3n de casos nuevos confirmados en las \u00faltimas dos semanas es de -3%, con un total de 11 regiones del pa\u00eds que disminuyen sus casos nuevos en el mismo periodo&#8221;. Comparando las cifras de hoy a las del viernes pasado, hace 7 d\u00edas hubo 3.827 y 99 decesos.<br \/>\nA la fecha, 1.658 personas se encuentran hospitalizadas en Unidades de Cuidados Intensivos, de las cuales 1.403 est\u00e1n con apoyo de ventilaci\u00f3n mec\u00e1nica.<br \/>\nLa Red de Laboratorios dio cuenta de los resultados de 54.910 ex\u00e1menes PCR, alcanzando a la fecha un total de 9.258.233 analizados a nivel nacional. La positividad para las \u00faltimas 24 horas a nivel pa\u00eds es de 8,22% y en la Regi\u00f3n Metropolitana, 6%.<br \/>\nDe acuerdo con los datos entregados por el Departamento de Estad\u00edstica e Informaci\u00f3n de Salud, durante la jornada de hoy, hasta las 14.00 GMT, se han inmunizado 21.637 personas, alcanzando un total de 3.238.198 personas inoculadas en el pa\u00eds.<br \/>\nDe estas, 1.870.269 son personas mayores de 65 a\u00f1os, 58,8% mujeres y 41,2% hombres.<br \/>\nMientras en el aeropuerto de Santiago, el ministro Secretario General de Gobierno, Jaime Bellolio, la ministra de Transportes y Telecomunicaciones, Gloria Hutt, la subsecretaria de Salud P\u00fablica, Paula Daza, y el subsecretario de Redes Asistenciales, Alberto Dougnac, recibieron el cuarto cargamento masivo de vacunas del laboratorio Sinovac contra el Covid-19, con 2 millones de dosis.<br \/>\nEs el d\u00e9cimo embarque de vacunas contra el coronavirus que llega a Chile. La subsecretaria Daza declar\u00f3 que &#8220;las 8 millones 300 mil vacunas que han llegado a Chile, desde el inicio de la campa\u00f1a de vacunaci\u00f3n (24 de diciembre), nos va a permitir continuar con el calendario que nos hemos impuesto, asegurando las segundas dosis comprometidas&#8221;.<br \/>\nLa titular de Transporte y Telecomunicaciones Gloria Hutt, agreg\u00f3 que desde dicho ministerio se ha realizado un importante trabajo de log\u00edstica, &#8220;estas vacunas llegan y se distribuyen en aviones comerciales dentro del pa\u00eds y desde las capitales regionales, a las comunas y localidades m\u00e1s peque\u00f1as. Esta red nos ha permitido ahorrar tiempo muy valioso y llegar a las comunidades&#8221;.<\/p>\n","protected":false},"excerpt":{"rendered":"<p>Casos activos suben en \u00faltimas 24 horas, contagios disparados SANTIAGO DE CHILE, 27 FEB &#8211; El virus de Covid-19 tiene a maltraer a Chile con&hellip;<\/p>\n","protected":false},"author":99,"featured_media":496274,"comment_status":"open","ping_status":"open","sticky":false,"template":"","format":"standard","meta":{"footnotes":""},"categories":[23],"tags":[],"class_list":["post-496273","post","type-post","status-publish","format-standard","has-post-thumbnail","hentry","category-latinoamerica"],"_links":{"self":[{"href":"https:\/\/diarioelpopular.com\/index.php\/wp-json\/wp\/v2\/posts\/496273","targetHints":{"allow":["GET"]}}],"collection":[{"href":"https:\/\/diarioelpopular.com\/index.php\/wp-json\/wp\/v2\/posts"}],"about":[{"href":"https:\/\/diarioelpopular.com\/index.php\/wp-json\/wp\/v2\/types\/post"}],"author":[{"embeddable":true,"href":"https:\/\/diarioelpopular.com\/index.php\/wp-json\/wp\/v2\/users\/99"}],"replies":[{"embeddable":true,"href":"https:\/\/diarioelpopular.com\/index.php\/wp-json\/wp\/v2\/comments?post=496273"}],"version-history":[{"count":1,"href":"https:\/\/diarioelpopular.com\/index.php\/wp-json\/wp\/v2\/posts\/496273\/revisions"}],"predecessor-version":[{"id":496275,"href":"https:\/\/diarioelpopular.com\/index.php\/wp-json\/wp\/v2\/posts\/496273\/revisions\/496275"}],"wp:featuredmedia":[{"embeddable":true,"href":"https:\/\/diarioelpopular.com\/index.php\/wp-json\/wp\/v2\/media\/496274"}],"wp:attachment":[{"href":"https:\/\/diarioelpopular.com\/index.php\/wp-json\/wp\/v2\/media?parent=496273"}],"wp:term":[{"taxonomy":"category","embeddable":true,"href":"https:\/\/diarioelpopular.com\/index.php\/wp-json\/wp\/v2\/categories?post=496273"},{"taxonomy":"post_tag","embeddable":true,"href":"https:\/\/diarioelpopular.com\/index.php\/wp-json\/wp\/v2\/tags?post=496273"}],"curies":[{"name":"wp","href":"https:\/\/api.w.org\/{rel}","templated":true}]}}