{"id":496294,"date":"2021-02-27T15:20:09","date_gmt":"2021-02-27T19:20:09","guid":{"rendered":"https:\/\/diarioelpopular.com\/?p=496294"},"modified":"2021-02-27T15:20:09","modified_gmt":"2021-02-27T19:20:09","slug":"ecuador-yo-no-tengo-una-obsesion-por-ser-presidente-yaku-perez","status":"publish","type":"post","link":"https:\/\/diarioelpopular.com\/index.php\/2021\/02\/27\/ecuador-yo-no-tengo-una-obsesion-por-ser-presidente-yaku-perez\/","title":{"rendered":"Ecuador: &#8216;Yo no tengo una obsesi\u00f3n por ser presidente&#8217;: Yaku P\u00e9rez"},"content":{"rendered":"<div id=\"attachment_496295\" style=\"width: 646px\" class=\"wp-caption alignnone\"><img loading=\"lazy\" decoding=\"async\" aria-describedby=\"caption-attachment-496295\" class=\"size-custom-full-size wp-image-496295\" src=\"https:\/\/diarioelpopular.com\/wp-content\/uploads\/2021\/02\/https-cdn.cnn_.com-cnnnext-dam-assets-210202233826-yaku-perez-segunda-vuelta-apoyo-conclusiones-636x358.jpg\" alt=\"\" width=\"636\" height=\"358\" srcset=\"https:\/\/diarioelpopular.com\/wp-content\/uploads\/2021\/02\/https-cdn.cnn_.com-cnnnext-dam-assets-210202233826-yaku-perez-segunda-vuelta-apoyo-conclusiones-636x358.jpg 636w, https:\/\/diarioelpopular.com\/wp-content\/uploads\/2021\/02\/https-cdn.cnn_.com-cnnnext-dam-assets-210202233826-yaku-perez-segunda-vuelta-apoyo-conclusiones-300x169.jpg 300w, https:\/\/diarioelpopular.com\/wp-content\/uploads\/2021\/02\/https-cdn.cnn_.com-cnnnext-dam-assets-210202233826-yaku-perez-segunda-vuelta-apoyo-conclusiones-768x432.jpg 768w, https:\/\/diarioelpopular.com\/wp-content\/uploads\/2021\/02\/https-cdn.cnn_.com-cnnnext-dam-assets-210202233826-yaku-perez-segunda-vuelta-apoyo-conclusiones-1200x675.jpg 1200w, https:\/\/diarioelpopular.com\/wp-content\/uploads\/2021\/02\/https-cdn.cnn_.com-cnnnext-dam-assets-210202233826-yaku-perez-segunda-vuelta-apoyo-conclusiones-130x73.jpg 130w, https:\/\/diarioelpopular.com\/wp-content\/uploads\/2021\/02\/https-cdn.cnn_.com-cnnnext-dam-assets-210202233826-yaku-perez-segunda-vuelta-apoyo-conclusiones.jpg 1024w\" sizes=\"auto, (max-width: 636px) 100vw, 636px\" \/><p id=\"caption-attachment-496295\" class=\"wp-caption-text\"><em>Yaku P\u00e9rez<\/em><\/p><\/div>\n<h4><em><strong>El candidato ind\u00edgena a la presidencia de Ecuador habl\u00f3 sobre el supuesto fraude electoral.<\/strong><\/em><\/h4>\n<p id=\"p569807-m464-463-465\" class=\"contenido \">Tres semanas despu\u00e9s de las elecciones en Ecuador, el candidato del movimiento ind\u00edgena Pachakutik, Yak\u00fa P\u00e9rez, sigue insistiendo en que hubo fraude y estaba este viernes\u00a0 a la espera de que el Consejo Nacional Electoral (CNE) respondiera a sus reclamos para que se revisen m\u00e1s de 16.000 actas con supuestas inconsistencias.<\/p>\n<p>P\u00e9rez \u2013quien seg\u00fan el CNE qued\u00f3 en el tercer lugar despu\u00e9s del derechista Guillermo Lasso\u2013 dijo que al corre\u00edsmo no le interesa que \u00e9l llegue al balotaje con su candidato, Andr\u00e9s Arauz. Y se\u00f1al\u00f3 que ser\u00e1 \u201cel primero en reconocer y felicitar\u201d a quien pase a segunda vuelta, \u201csiempre y cuando haya transparencia\u201d.<\/p>\n<p><span id=\"p569807-m508-2-509\" class=\"articulo-subtitulo \">\u00bfCu\u00e1les son las pruebas reales que tiene de que hubo fraude?<\/span><span id=\"p569807-m520-4-521\" class=\"articulo-subtitulo \">\u00bfA qui\u00e9n le interesar\u00eda que usted no llegue al balotaje?<\/span><\/p>\n<div id=\"p569807-m532-6-533\" class=\"fotografia \">\n<div class=\"imagen-cuerpo-bk\">\n<figure id=\"m537-536-538\" class=\"foto-galeria-articulo \"><img decoding=\"async\" src=\"https:\/\/www.eltiempo.com\/files\/article_content\/uploads\/2021\/02\/10\/6024767d6afbc.jpeg\" alt=\"Andr\u00e9s Arauz\" width=\"600px\" height=\"450px\" data-original=\"\/files\/article_content\/uploads\/2021\/02\/10\/6024767d6afbc.jpeg\" \/><\/figure>\n<\/div>\n<div class=\"figcaption-cuerpo-bk credito-image-bk\">\n<div class=\"titulo-foto-bk\">\n<p id=\"m544-1-545\" class=\"titulo \"><em>Andr\u00e9s Arauz, candidato a la presidencia de Ecuador.<\/em><\/p>\n<\/div>\n<div class=\"credito-apertura-strong-bk credito-image-bk\"><em>Foto:\u00a0<span style=\"line-height: 1.5;\">AFP<\/span><\/em><\/div>\n<\/div>\n<\/div>\n<p><span id=\"p569807-m564-8-565\" class=\"articulo-subtitulo \">\u00bfQu\u00e9 pasa si el CNE rechaza su petici\u00f3n, cu\u00e1l es el plan?<\/span><span id=\"p569807-m576-10-577\" class=\"articulo-subtitulo \">\u00bfMantendr\u00e1 la movilizaci\u00f3n?<\/span><\/p>\n<div id=\"p569807-m588-12-589\" class=\"fotografia \">\n<div class=\"imagen-cuerpo-bk\">\n<figure id=\"m593-592-594\" class=\"foto-galeria-articulo \"><img decoding=\"async\" src=\"https:\/\/www.eltiempo.com\/files\/article_content\/uploads\/2021\/01\/01\/5fefc47741cda.jpeg\" alt=\"Guillermo Lasso\" width=\"600px\" height=\"450px\" data-original=\"\/files\/article_content\/uploads\/2021\/01\/01\/5fefc47741cda.jpeg\" \/><\/figure>\n<\/div>\n<div class=\"figcaption-cuerpo-bk credito-image-bk\">\n<div class=\"titulo-foto-bk\">\n<p id=\"m600-1-601\" class=\"titulo \"><em>El candidato a la presidencia de Ecuador Guillermo Lasso.<\/em><\/p>\n<\/div>\n<div class=\"credito-apertura-strong-bk credito-image-bk\"><em>Foto:\u00a0<span style=\"line-height: 1.5;\">EFE<\/span><\/em><\/div>\n<\/div>\n<\/div>\n<p><span id=\"p569807-m614-13-615\" class=\"articulo-subtitulo \">\u00bfCree que el movimiento ind\u00edgena tiene tanta fuerza como para sacar a miles de personas a las calles y eventualmente exigir que se abran las urnas o se revierta la decisi\u00f3n de que los candidatos que pasaron al balotaje fueron Arauz y Lasso?<\/span><span id=\"p569807-m626-15-627\" class=\"articulo-subtitulo \">Es decir, \u00bfusted no apoyar\u00eda a ninguno de los dos candidatos? \u00bfLo ha contemplado?<\/span><span id=\"p569807-m638-17-639\" class=\"articulo-subtitulo \">\u00bfNo teme que, dados los antecedentes de inestabilidad institucional en Ecuador, se entre en esa espiral donde un presidente dura dos o tres d\u00edas porque constitucionalmente no cuenta con el apoyo del pueblo o no tiene c\u00f3mo consolidar su presidencia?<\/span><\/p>\n","protected":false},"excerpt":{"rendered":"<p>El candidato ind\u00edgena a la presidencia de Ecuador habl\u00f3 sobre el supuesto fraude electoral. Tres semanas despu\u00e9s de las elecciones en Ecuador, el candidato del&hellip;<\/p>\n","protected":false},"author":99,"featured_media":496295,"comment_status":"open","ping_status":"open","sticky":false,"template":"","format":"standard","meta":{"footnotes":""},"categories":[23],"tags":[],"class_list":["post-496294","post","type-post","status-publish","format-standard","has-post-thumbnail","hentry","category-latinoamerica"],"_links":{"self":[{"href":"https:\/\/diarioelpopular.com\/index.php\/wp-json\/wp\/v2\/posts\/496294","targetHints":{"allow":["GET"]}}],"collection":[{"href":"https:\/\/diarioelpopular.com\/index.php\/wp-json\/wp\/v2\/posts"}],"about":[{"href":"https:\/\/diarioelpopular.com\/index.php\/wp-json\/wp\/v2\/types\/post"}],"author":[{"embeddable":true,"href":"https:\/\/diarioelpopular.com\/index.php\/wp-json\/wp\/v2\/users\/99"}],"replies":[{"embeddable":true,"href":"https:\/\/diarioelpopular.com\/index.php\/wp-json\/wp\/v2\/comments?post=496294"}],"version-history":[{"count":1,"href":"https:\/\/diarioelpopular.com\/index.php\/wp-json\/wp\/v2\/posts\/496294\/revisions"}],"predecessor-version":[{"id":496296,"href":"https:\/\/diarioelpopular.com\/index.php\/wp-json\/wp\/v2\/posts\/496294\/revisions\/496296"}],"wp:featuredmedia":[{"embeddable":true,"href":"https:\/\/diarioelpopular.com\/index.php\/wp-json\/wp\/v2\/media\/496295"}],"wp:attachment":[{"href":"https:\/\/diarioelpopular.com\/index.php\/wp-json\/wp\/v2\/media?parent=496294"}],"wp:term":[{"taxonomy":"category","embeddable":true,"href":"https:\/\/diarioelpopular.com\/index.php\/wp-json\/wp\/v2\/categories?post=496294"},{"taxonomy":"post_tag","embeddable":true,"href":"https:\/\/diarioelpopular.com\/index.php\/wp-json\/wp\/v2\/tags?post=496294"}],"curies":[{"name":"wp","href":"https:\/\/api.w.org\/{rel}","templated":true}]}}