{"id":496310,"date":"2021-02-28T15:50:34","date_gmt":"2021-02-28T19:50:34","guid":{"rendered":"https:\/\/diarioelpopular.com\/?p=496310"},"modified":"2021-02-28T15:50:34","modified_gmt":"2021-02-28T19:50:34","slug":"bolivia-los-medicos-deciden-si-mantienen-la-huelga","status":"publish","type":"post","link":"https:\/\/diarioelpopular.com\/index.php\/2021\/02\/28\/bolivia-los-medicos-deciden-si-mantienen-la-huelga\/","title":{"rendered":"Bolivia: Los m\u00e9dicos deciden si mantienen la huelga"},"content":{"rendered":"<div id=\"attachment_496311\" style=\"width: 160px\" class=\"wp-caption alignnone\"><img loading=\"lazy\" decoding=\"async\" aria-describedby=\"caption-attachment-496311\" class=\"size-thumbnail wp-image-496311\" src=\"https:\/\/diarioelpopular.com\/wp-content\/uploads\/2021\/02\/5f9207524979bfa8afe99c46d37bf6e6-150x150.jpg\" alt=\"\" width=\"150\" height=\"150\" \/><p id=\"caption-attachment-496311\" class=\"wp-caption-text\"><em>Marcha de m\u00e9dicos y personal sanitario en las calles de La Paz (foto: ANSA)<\/em><\/p><\/div>\n<h4><em><strong>Gobierno busca personal en universidades para vacunar<\/strong><\/em><\/h4>\n<p><em><strong>LA PAZ 28 FEB &#8211;<\/strong> <\/em>Despu\u00e9s de 10 d\u00edas de huelga en medio de la pandemia de Covid-19, los m\u00e9dicos bolivianos definir\u00e1n hoy si proseguir\u00e1n con ella o qu\u00e9 otras acciones aplicar\u00e1n en busca de la anulaci\u00f3n de la Ley de Emergencia de Salud, promulgada d\u00edas atr\u00e1s por el Gobierno central.<br \/>\nEl Consejo Nacional de Salud, un ente gremial, es el que decidir\u00e1 los pr\u00f3ximos pasos de la resistencia, indic\u00f3 la dirigente m\u00e9dica Roc\u00edo Rivero, seg\u00fan el diario El Deber.<br \/>\n&#8220;Las movilizaciones no se van a detener hasta que se abrogue la ley&#8221;, asegur\u00f3 Rivero.<br \/>\nLos profesionales m\u00e9dicos cuestionan varios art\u00edculos de la ley, entre ellos el art\u00edculo 19, que se refiere a la prohibici\u00f3n de la suspensi\u00f3n de los servicios de salud, al igual que los art\u00edculos 7 y 8, que establecen la creaci\u00f3n de un Consejo Nacional de Emergencia y su conformaci\u00f3n.<br \/>\nEn tanto, en medio de la protesta, el Gobierno contin\u00faa con el cierre de alianzas para contar con el personal suficiente y as\u00ed acelerar el plan de vacunaci\u00f3n contra el Covid-19.<br \/>\n&#8220;Estamos ante la campa\u00f1a m\u00e1s grande de la historia de la salud en Bolivia, una campa\u00f1a sin precedentes y por eso es que requerimos el apoyo y la participaci\u00f3n de todas las instancias que forman parte del Estado, no solo todo el gabinete ministerial, existen instituciones p\u00fablicas y privadas que se est\u00e1n adscribiendo&#8221;, explic\u00f3 el ministro de Salud, Jeyson Auza.<br \/>\nEl gobierno est\u00e1 recurriendo a diversas universidades, con las que se firmaron convenios, para que esas aporten tanto recursos humanos como infraestructura para la inoculaci\u00f3n masiva.<\/p>\n","protected":false},"excerpt":{"rendered":"<p>Gobierno busca personal en universidades para vacunar LA PAZ 28 FEB &#8211; Despu\u00e9s de 10 d\u00edas de huelga en medio de la pandemia de Covid-19,&hellip;<\/p>\n","protected":false},"author":99,"featured_media":496311,"comment_status":"open","ping_status":"open","sticky":false,"template":"","format":"standard","meta":{"footnotes":""},"categories":[23],"tags":[],"class_list":["post-496310","post","type-post","status-publish","format-standard","has-post-thumbnail","hentry","category-latinoamerica"],"_links":{"self":[{"href":"https:\/\/diarioelpopular.com\/index.php\/wp-json\/wp\/v2\/posts\/496310","targetHints":{"allow":["GET"]}}],"collection":[{"href":"https:\/\/diarioelpopular.com\/index.php\/wp-json\/wp\/v2\/posts"}],"about":[{"href":"https:\/\/diarioelpopular.com\/index.php\/wp-json\/wp\/v2\/types\/post"}],"author":[{"embeddable":true,"href":"https:\/\/diarioelpopular.com\/index.php\/wp-json\/wp\/v2\/users\/99"}],"replies":[{"embeddable":true,"href":"https:\/\/diarioelpopular.com\/index.php\/wp-json\/wp\/v2\/comments?post=496310"}],"version-history":[{"count":1,"href":"https:\/\/diarioelpopular.com\/index.php\/wp-json\/wp\/v2\/posts\/496310\/revisions"}],"predecessor-version":[{"id":496312,"href":"https:\/\/diarioelpopular.com\/index.php\/wp-json\/wp\/v2\/posts\/496310\/revisions\/496312"}],"wp:featuredmedia":[{"embeddable":true,"href":"https:\/\/diarioelpopular.com\/index.php\/wp-json\/wp\/v2\/media\/496311"}],"wp:attachment":[{"href":"https:\/\/diarioelpopular.com\/index.php\/wp-json\/wp\/v2\/media?parent=496310"}],"wp:term":[{"taxonomy":"category","embeddable":true,"href":"https:\/\/diarioelpopular.com\/index.php\/wp-json\/wp\/v2\/categories?post=496310"},{"taxonomy":"post_tag","embeddable":true,"href":"https:\/\/diarioelpopular.com\/index.php\/wp-json\/wp\/v2\/tags?post=496310"}],"curies":[{"name":"wp","href":"https:\/\/api.w.org\/{rel}","templated":true}]}}