{"id":496329,"date":"2021-03-01T12:19:58","date_gmt":"2021-03-01T16:19:58","guid":{"rendered":"https:\/\/diarioelpopular.com\/?p=496329"},"modified":"2021-03-01T12:19:58","modified_gmt":"2021-03-01T16:19:58","slug":"colombia-gobierno-deja-en-firme-decreto-que-regulariza-a-migrantes-venezolanos","status":"publish","type":"post","link":"https:\/\/diarioelpopular.com\/index.php\/2021\/03\/01\/colombia-gobierno-deja-en-firme-decreto-que-regulariza-a-migrantes-venezolanos\/","title":{"rendered":"Colombia: Gobierno deja en firme decreto que regulariza a migrantes venezolanos"},"content":{"rendered":"<div id=\"attachment_496330\" style=\"width: 646px\" class=\"wp-caption alignnone\"><img loading=\"lazy\" decoding=\"async\" aria-describedby=\"caption-attachment-496330\" class=\"size-custom-full-size wp-image-496330\" src=\"https:\/\/diarioelpopular.com\/wp-content\/uploads\/2021\/03\/5f8910e86f245-636x318.jpeg\" alt=\"\" width=\"636\" height=\"318\" srcset=\"https:\/\/diarioelpopular.com\/wp-content\/uploads\/2021\/03\/5f8910e86f245-636x318.jpeg 636w, https:\/\/diarioelpopular.com\/wp-content\/uploads\/2021\/03\/5f8910e86f245-300x150.jpeg 300w, https:\/\/diarioelpopular.com\/wp-content\/uploads\/2021\/03\/5f8910e86f245-768x384.jpeg 768w, https:\/\/diarioelpopular.com\/wp-content\/uploads\/2021\/03\/5f8910e86f245-146x73.jpeg 146w, https:\/\/diarioelpopular.com\/wp-content\/uploads\/2021\/03\/5f8910e86f245.jpeg 950w\" sizes=\"auto, (max-width: 636px) 100vw, 636px\" \/><p id=\"caption-attachment-496330\" class=\"wp-caption-text\"><em>Un grupo de migrantes venezolanos camina por una calle con maletas y bolsos, el 7 de octubre, en San Crist\u00f3bal, estado T\u00e1chira (Venezuela).<\/em><br \/><em>Foto: Efe<\/em><\/p><\/div>\n<h4><em><strong>El Presidente firm\u00f3 el Estatuto de Protecci\u00f3n Temporal a Migrantes Venezolanos. Vea los requisitos.<\/strong><\/em><\/h4>\n<p id=\"p570173-m4700-4699-4701\" class=\"contenido\">El presidente Iv\u00e1n Duque firm\u00f3 este lunes, en la Casa de Nari\u00f1o, el decreto por medio del cual se crea el Estatuto de Protecci\u00f3n Temporal a Migrantes Venezolanos, que garantizar\u00e1 la atenci\u00f3n humanitaria de las personas que huyen del vecino pa\u00eds por la situaci\u00f3n econ\u00f3mica, social y pol\u00edtica.<\/p>\n<p>Con esto, en tres meses comenzar\u00e1 a funcionar el primer paso para que los migrantes puedan tener el Permiso por Protecci\u00f3n Temporal que es el Registro \u00danico de Migrantes Venezolanos.<\/p>\n<p id=\"p570173-m4744-2-4745\" class=\"contenido\">Este Estatuto\u00a0permite el tr\u00e1nsito de los migrantes venezolanos, que se encuentran en el pa\u00eds, quienes tendr\u00e1n un lapso de 10 a\u00f1os para adquirir una visa de residentes.<\/p>\n<p>Esta medida busca proteger a la poblaci\u00f3n migrante que se encuentra actualmente en condiciones de irregularidad, teniendo en cuenta que se trata de la poblaci\u00f3n m\u00e1s vulnerable, medida que adicionalmente desestimula la migraci\u00f3n irregular con posterioridad a la entrada en vigencia de la norma.<\/p>\n<p>El presidente Iv\u00e1n Duque se\u00f1al\u00f3 que esto se hace porque, mientras en otros pa\u00edses hay xenofobia, &#8220;nosotros respondemos con fraternidad y con hermandad&#8221; y el pa\u00eds &#8220;debe marcar un referente&#8221;.<\/p>\n<p>Por eso, el Jefe de Estado advierte que esta medida combate problemas estructurales, como garantizar la protecci\u00f3n social de los migrantes, que &#8220;muestra una pol\u00edtica migratoria para el siglo XXI&#8221;.<\/p>\n<p>&#8220;Es el m\u00e1s grande hecho de paz en el manejo de crisis migratoria en el planeta &#8220;, remat\u00f3.<\/p>\n<p>El mandatario\u00a0 adem\u00e1s reiter\u00f3 su llamado a la comunidad internacional para que esta medida se pueda replicar en otros pa\u00edses de la regi\u00f3n.<\/p>\n<p>El Estatuto aplica a los migrantes venezolanos que deseen permanecer de manera temporal en el territorio nacional, y que cumplan alguna de las siguientes condiciones:<\/p>\n<p>1. Encontrarse en territorio colombiano de manera regular como titulares de un Permiso de Ingreso y Permanencia (PIP), Permiso Temporal de Permanencia (PTP) o de un Permiso Especial de Permanencia (PEP) vigente, cualquiera sea su fase de expedici\u00f3n, incluido el PEPFF.<\/p>\n<p>2. Encontrarse en territorio colombiano de manera regular como titulares de un Salvoconducto SC-2 en el marco del tr\u00e1mite de una solicitud de reconocimiento de la condici\u00f3n de refugiado.<\/p>\n<p>3. Encontrarse en territorio colombiano de manera irregular a 31 de enero de 2021.<\/p>\n<p>4. Ingresar a territorio colombiano de manera regular a trav\u00e9s del respectivo Puesto de Control Migratorio legalmente habilitado, cumpliendo con los requisitos establecidos en las normas migratorias, durante los primeros dos a\u00f1os de vigencia del presente Estatuto.<\/p>\n<p>Adem\u00e1s, este es un mecanismo complementario al r\u00e9gimen de protecci\u00f3n internacional de refugiados, que permite llenar los vac\u00edos existentes en este r\u00e9gimen, con base en la realidad migratoria y la capacidad de respuesta que tiene el pa\u00eds en materia institucional, social y econ\u00f3mica, y es un acto que refleja el compromiso gubernamental con la protecci\u00f3n de los derechos humanos.<\/p>\n<p>Hay que resaltar que el Gobierno podr\u00e1 prorrogar o dar por terminados los efectos del Estatuto en cualquier momento, en virtud de la facultad discrecional que le asiste en materia de relaciones exteriores.<\/p>\n<p><em><strong><span id=\"p570173-m4750-3-4751\" class=\"articulo-subtitulo\">\u00bfQu\u00e9 sigue ahora?<\/span><\/strong><\/em><\/p>\n<p id=\"p570173-m4756-4-4757\" class=\"contenido\">Migraci\u00f3n Colombia debe reglamentar este decreto, lo cual tardar\u00e1 alrededor de 90 d\u00edas. Tras ello comenzar\u00e1 el proceso de registro de los migrantes venezolanos.<\/p>\n<p><strong><em><span id=\"p570173-m4762-5-4763\" class=\"articulo-subtitulo\">Comunidad internacional celebra el Estatuto<\/span><\/em><\/strong><\/p>\n<p id=\"p570173-m4768-6-4769\" class=\"contenido\">Luego del anuncio del Presidente Duque, fueron muchas las voces que se escucharon en el mundo respaldando el sentido humanitario de la medida para la atenci\u00f3n de los migrantes.<\/p>\n<p><em><strong>Su Santidad, Papa Francisco<\/strong><\/em><\/p>\n<p>\u201cEsto no lo hace un pa\u00eds muy rico, s\u00faper desarrollado. No, lo hace un pa\u00eds con muchos problemas de desarrollo, de pobreza, de paz y casi 70 a\u00f1os de guerrilla&#8230; Pero, incluso, con este problema tuvo el valor de mirar a estos migrantes y hacer este Estatuto\u201d, afirm\u00f3 el Pont\u00edfice, quien manifest\u00f3, adem\u00e1s: \u201c\u00a1Gracias a Colombia! \u00a1Gracias!\u201d.<\/p>\n<p><em><strong>Presidente de Estados Unidos, Joe Biden<\/strong><\/em><\/p>\n<p>En una carta enviada al Presidente Duque, el Mandatario estadounidense dijo: \u201cTambi\u00e9n quiero aplaudir su decisi\u00f3n de proporcionar el estatus legal de protecci\u00f3n temporal a los m\u00e1s de 1,7 millones de migrantes venezolanos que han llegado a Colombia para escapar de la violencia y el sufrimiento del r\u00e9gimen venezolano. Lo correcto no siempre es lo m\u00e1s pol\u00edticamente conveniente, pero es el sello distintivo del verdadero liderazgo\u201d.<\/p>\n<p><em><strong>Secretario General de Naciones Unidas, Ant\u00f3nio Guterres<\/strong><\/em><\/p>\n<p>Envi\u00f3 un mensaje, en el que felicit\u00f3 al Jefe de Estado por esta decisi\u00f3n, la cual calific\u00f3 como un \u201cimportante acto de solidaridad\u201d. En el documento, le\u00eddo en el acto por la Representante Residente del PNUD en Colombia, Jessica Faieta, el Secretario Guterres afirm\u00f3 que el Estatuto permitir\u00e1 que \u201caproximadamente un tercio de los 5 millones de refugiados y migrantes venezolanos en la regi\u00f3n puedan acceder a servicios y contribuir a la econom\u00eda colombiana\u201d.<\/p>\n<p><strong><em>Alto Comisionado de Naciones Unidas para los Refugiados (Acnur), Filippo Grandi<\/em><\/strong><\/p>\n<p>\u201cEstamos en presencia de un gesto hist\u00f3rico\u201d, dijo el funcionario, quien agreg\u00f3 que se trata del \u201cgesto humanitario m\u00e1s importante que se haya hecho en el continente desde 1984\u201d, cuando se expidi\u00f3 la Declaraci\u00f3n de Cartagena para la Protecci\u00f3n de los Refugiados de Am\u00e9rica Central, M\u00e9xico y Panam\u00e1.<\/p>\n<p><em><strong>Embajador de los Estados Unidos, Philip Goldberg<\/strong><\/em><\/p>\n<p>Resalt\u00f3 que Colombia es l\u00edder mundial en materia de pol\u00edtica migratoria y calific\u00f3 como valiente la presentaci\u00f3n del Estatuto. \u201cPresidente Duque, este d\u00eda es un hito, es hist\u00f3rico para la regi\u00f3n y el mundo. En nombre de Estados Unidos aplaudo la decisi\u00f3n valiente de Colombia y de su Gobierno de ofrecer a los venezolanos un estatus de protecci\u00f3n temporal, lo cual sienta un precedente\u201d, manifest\u00f3. Y, a\u00f1adi\u00f3: \u201cColombia se ha convertido en un l\u00edder mundial en el tratamiento de refugiados y migrantes\u201d, en medio de una pandemia.<\/p>\n<p><em><strong>Embajadora de la Uni\u00f3n Europea en Colombia, Patricia Llombart<\/strong><\/em><\/p>\n<p>Asegur\u00f3 que estaba en presencia de una decisi\u00f3n \u201csolidaria, valiente y sin precedentes\u201d. \u201cOfrecer un Estatuto de Protecci\u00f3n Temporal a los Migrantes Venezolanos regulares e irregulares en Colombia es una decisi\u00f3n humanitaria que va literalmente a mejorar la vida de m\u00e1s de un mill\u00f3n de personas. Me siento orgullosa y honrada de compartir este momento\u201d, concluy\u00f3.<\/p>\n","protected":false},"excerpt":{"rendered":"<p>El Presidente firm\u00f3 el Estatuto de Protecci\u00f3n Temporal a Migrantes Venezolanos. Vea los requisitos. El presidente Iv\u00e1n Duque firm\u00f3 este lunes, en la Casa de&hellip;<\/p>\n","protected":false},"author":99,"featured_media":496330,"comment_status":"open","ping_status":"open","sticky":false,"template":"","format":"standard","meta":{"footnotes":""},"categories":[23],"tags":[],"class_list":["post-496329","post","type-post","status-publish","format-standard","has-post-thumbnail","hentry","category-latinoamerica"],"_links":{"self":[{"href":"https:\/\/diarioelpopular.com\/index.php\/wp-json\/wp\/v2\/posts\/496329","targetHints":{"allow":["GET"]}}],"collection":[{"href":"https:\/\/diarioelpopular.com\/index.php\/wp-json\/wp\/v2\/posts"}],"about":[{"href":"https:\/\/diarioelpopular.com\/index.php\/wp-json\/wp\/v2\/types\/post"}],"author":[{"embeddable":true,"href":"https:\/\/diarioelpopular.com\/index.php\/wp-json\/wp\/v2\/users\/99"}],"replies":[{"embeddable":true,"href":"https:\/\/diarioelpopular.com\/index.php\/wp-json\/wp\/v2\/comments?post=496329"}],"version-history":[{"count":1,"href":"https:\/\/diarioelpopular.com\/index.php\/wp-json\/wp\/v2\/posts\/496329\/revisions"}],"predecessor-version":[{"id":496331,"href":"https:\/\/diarioelpopular.com\/index.php\/wp-json\/wp\/v2\/posts\/496329\/revisions\/496331"}],"wp:featuredmedia":[{"embeddable":true,"href":"https:\/\/diarioelpopular.com\/index.php\/wp-json\/wp\/v2\/media\/496330"}],"wp:attachment":[{"href":"https:\/\/diarioelpopular.com\/index.php\/wp-json\/wp\/v2\/media?parent=496329"}],"wp:term":[{"taxonomy":"category","embeddable":true,"href":"https:\/\/diarioelpopular.com\/index.php\/wp-json\/wp\/v2\/categories?post=496329"},{"taxonomy":"post_tag","embeddable":true,"href":"https:\/\/diarioelpopular.com\/index.php\/wp-json\/wp\/v2\/tags?post=496329"}],"curies":[{"name":"wp","href":"https:\/\/api.w.org\/{rel}","templated":true}]}}