{"id":496332,"date":"2021-03-01T12:43:21","date_gmt":"2021-03-01T16:43:21","guid":{"rendered":"https:\/\/diarioelpopular.com\/?p=496332"},"modified":"2021-03-01T12:43:21","modified_gmt":"2021-03-01T16:43:21","slug":"escandalos-por-vacunacion-anticipada-empanan-las-campanas-de-inmunizacion-en-paises-de-sudamerica","status":"publish","type":"post","link":"https:\/\/diarioelpopular.com\/index.php\/2021\/03\/01\/escandalos-por-vacunacion-anticipada-empanan-las-campanas-de-inmunizacion-en-paises-de-sudamerica\/","title":{"rendered":"Esc\u00e1ndalos por vacunaci\u00f3n anticipada empa\u00f1an las campa\u00f1as de inmunizaci\u00f3n en pa\u00edses de Sudam\u00e9rica"},"content":{"rendered":"<div id=\"attachment_496333\" style=\"width: 646px\" class=\"wp-caption alignnone\"><img loading=\"lazy\" decoding=\"async\" aria-describedby=\"caption-attachment-496333\" class=\"size-custom-full-size wp-image-496333\" src=\"https:\/\/diarioelpopular.com\/wp-content\/uploads\/2021\/03\/vip-636x423.jpg\" alt=\"\" width=\"636\" height=\"423\" srcset=\"https:\/\/diarioelpopular.com\/wp-content\/uploads\/2021\/03\/vip-636x423.jpg 636w, https:\/\/diarioelpopular.com\/wp-content\/uploads\/2021\/03\/vip-300x200.jpg 300w, https:\/\/diarioelpopular.com\/wp-content\/uploads\/2021\/03\/vip-110x73.jpg 110w, https:\/\/diarioelpopular.com\/wp-content\/uploads\/2021\/03\/vip.jpg 700w\" sizes=\"auto, (max-width: 636px) 100vw, 636px\" \/><p id=\"caption-attachment-496333\" class=\"wp-caption-text\"><em>Para algunos historiadores, la corrupci\u00f3n en Am\u00e9rica Latina tiene su origen en c\u00f3mo se constituy\u00f3 la sociedad colonial, con privilegios para cierta clase.<\/em><\/p><\/div>\n<h4><em><strong>Las primeras vacunas que llegaron a Am\u00e9rica del Sur trajeron consigo esperanza para tratar de recuperar la normalidad que hace casi un a\u00f1o se perdi\u00f3 en la regi\u00f3n. <\/strong><\/em><\/h4>\n<p>No obstante, ese sentimiento se ha transformado en indignaci\u00f3n ya que en pa\u00edses como Argentina, Per\u00fa y Ecuador ha salido a la luz que funcionarios, amigos y familiares de autoridades han sido inoculados antes que las personas de primera l\u00ednea o con mayor vulnerabilidad para las que estaban dirigidas las dosis.<\/p>\n<p>Estas revelaciones han disminuido a\u00fan m\u00e1s la confianza en la clase pol\u00edtica y han activado procesos de investigaci\u00f3n para los ministros de Salud de estas naciones.<\/p>\n<p>En Per\u00fa sali\u00f3 a la luz el denominado \u201cVacunagate\u201d, que permiti\u00f3 que 487 personas recibieran vacunas de la firma china Sinopharm que eran para el personal que llevaba adelante los ensayos cl\u00ednicos en el pa\u00eds.<\/p>\n<p>En el listado de los beneficiados de esta vacunaci\u00f3n preferencial, adem\u00e1s de m\u00e9dicos y cient\u00edficos, se encuentran funcionarios de los dos \u00faltimos gobiernos, incluido el expresidente Mart\u00edn Vizcarra (2018-2020), familiares de estos, consultores e invitados.<\/p>\n<p>Sobre Vizcarra, el Congreso anunci\u00f3 que plantear\u00e1 su inhabilitaci\u00f3n pol\u00edtica. El actual presidente, Francisco Sagasti, reconoci\u00f3 el \u201cduro golpe\u201d que signific\u00f3 esta situaci\u00f3n, ya que entre los vacunados apareci\u00f3 la ahora exministra de Salud Pilar Mazzetti, quien hab\u00eda dicho que ser\u00eda \u201cla \u00faltima\u201d en ser inmunizada en el pa\u00eds.<\/p>\n<p>\u201cEl esc\u00e1ndalo de las vacunas podr\u00eda agitar las elecciones generales de Per\u00fa, que se celebrar\u00e1n el 11 de abril, al beneficiar a candidatos que prometan un quiebre radical con el sistema pol\u00edtico actual\u201d, dice a The New York Times Alfredo Torres, jefe de la encuestadora Ipsos.<\/p>\n<p>La vacunaci\u00f3n con privilegios tambi\u00e9n sali\u00f3 a la luz en Argentina, vinculando a funcionarios y sus m\u00e1s allegados.<\/p>\n<p>El caso se conoci\u00f3 cuando el periodista Horacio Verbitsky, de 79 a\u00f1os y af\u00edn al Gobierno, revel\u00f3 que se vacun\u00f3 sin esperar su turno porque se lo pidi\u00f3 a su \u201cviejo amigo\u201d Gin\u00e9s Gonz\u00e1lez Garc\u00eda, entonces titular del Ministerio de Salud.<\/p>\n<p>El hecho desemboc\u00f3 en la renuncia de Gonz\u00e1lez, quien fue imputado al igual que su sobrino, Lisandro Bonelli, quien se desempe\u00f1aba como jefe de Gabinete del Ministerio, por los delitos de abuso de autoridad, incumplimiento de los deberes de funcionario p\u00fablico y malversaci\u00f3n de caudales p\u00fablicos.<\/p>\n<p>Tras la revelaci\u00f3n, la prensa asegur\u00f3 que adem\u00e1s de Verbitsky hubo pol\u00edticos, sindicalistas y empresarios allegados al gobierno del presidente Alberto Fern\u00e1ndez e incluso familiares de algunos de ellos ya vacunados.<\/p>\n<p>Por la controversia, la nueva ministra de Salud, Carla Vizzotti, public\u00f3 la lista de 70 vacunados de la que son parte el jefe de Estado, cuya inoculaci\u00f3n s\u00ed fue informada el 21 de enero, ministros y otros funcionarios y personas sin cargo p\u00fablico, como Vertbisky.<\/p>\n<p>Fern\u00e1ndez calific\u00f3 el esc\u00e1ndalo de \u201cpayasada\u201d ya que, a su juicio, \u201cno hay ning\u00fan tipo penal en Argentinaque diga que ser\u00e1 castigado el que vacune a otro que se adelant\u00f3 en la fila\u201d.<\/p>\n<p>La indignaci\u00f3n tambi\u00e9n ha ido en aumento en Ecuador, donde el viernes el ministro de Salud, Juan Carlos Zevallos, present\u00f3 su renuncia por las controversias en el marco del plan de vacunaci\u00f3n contra el virus.<\/p>\n<p>Zevallos dej\u00f3 la cartera sin transparentar una supuesta lista vip de vacunados en la que figura su madre. La Fiscal\u00eda abri\u00f3 una investigaci\u00f3n contra el ahora exministro y en la Asamblea Nacional se impulsa un juicio pol\u00edtico en su contra.<\/p>\n<p>Adem\u00e1s de los esc\u00e1ndalos por vacunaci\u00f3n privilegiada, en otros pa\u00edses como Brasil han salido a relucir supuestas falsas vacunaciones. Familiares de algunos ancianos en la ciudad de Petr\u00f3polis, en la regi\u00f3n serrana de R\u00edo de Janeiro, informaron que m\u00e9dicos insertaron agujas en el brazo de sus allegados pero no inyectaron la vacuna. Un video en el que se observa a una anciana recibiendo una inyecci\u00f3n con una jeringa vac\u00eda desat\u00f3 la indignaci\u00f3n y oblig\u00f3 a que tanto la Secretar\u00eda de Salud como la Polic\u00eda investigaran.<\/p>\n<p>Mientras, en Colombia, que empez\u00f3 hace poco la vacunaci\u00f3n, decenas de dosis han desaparecido, seg\u00fan la Contralor\u00eda, y se han incautado al menos 70 vacunas que pretend\u00edan ingresar al pa\u00eds de forma ilegal en un vuelo procedente de Emiratos \u00c1rabes Unidos. Las autoridades han dicho que el Ministerio de Salud precis\u00f3 que es la \u00fanica entidad encargada de importar vacunas contra virus.<\/p>\n<p>Para algunos historiadores la corrupci\u00f3n en Am\u00e9rica, especialmente en Am\u00e9rica Latina, \u201ctiene su origen en la forma como se constituy\u00f3 la sociedad colonial, altamente jerarquizada, incluso por cuestiones raciales\u201d.<\/p>\n<p>El soci\u00f3logo Carlos Charry dice que ese pasado hist\u00f3rico \u201cgener\u00f3 una serie de privilegios que, indistintamente, se han mantenido a lo largo del tiempo\u201d y les hacen creer a algunos que est\u00e1n por encima de otros \u201cpor su color de piel, nivel econ\u00f3mico o abolengo\u201d, aun en tiempos de pandemia.<\/p>\n<p>Charry dice que tambi\u00e9n \u201cen t\u00e9rminos morales existe una falta de conciencia\u201d frente al efecto que situaciones como la vacunaci\u00f3n vip tienen en la sociedad.<\/p>\n","protected":false},"excerpt":{"rendered":"<p>Las primeras vacunas que llegaron a Am\u00e9rica del Sur trajeron consigo esperanza para tratar de recuperar la normalidad que hace casi un a\u00f1o se perdi\u00f3&hellip;<\/p>\n","protected":false},"author":99,"featured_media":496333,"comment_status":"open","ping_status":"open","sticky":false,"template":"","format":"standard","meta":{"footnotes":""},"categories":[23],"tags":[],"class_list":["post-496332","post","type-post","status-publish","format-standard","has-post-thumbnail","hentry","category-latinoamerica"],"_links":{"self":[{"href":"https:\/\/diarioelpopular.com\/index.php\/wp-json\/wp\/v2\/posts\/496332","targetHints":{"allow":["GET"]}}],"collection":[{"href":"https:\/\/diarioelpopular.com\/index.php\/wp-json\/wp\/v2\/posts"}],"about":[{"href":"https:\/\/diarioelpopular.com\/index.php\/wp-json\/wp\/v2\/types\/post"}],"author":[{"embeddable":true,"href":"https:\/\/diarioelpopular.com\/index.php\/wp-json\/wp\/v2\/users\/99"}],"replies":[{"embeddable":true,"href":"https:\/\/diarioelpopular.com\/index.php\/wp-json\/wp\/v2\/comments?post=496332"}],"version-history":[{"count":1,"href":"https:\/\/diarioelpopular.com\/index.php\/wp-json\/wp\/v2\/posts\/496332\/revisions"}],"predecessor-version":[{"id":496334,"href":"https:\/\/diarioelpopular.com\/index.php\/wp-json\/wp\/v2\/posts\/496332\/revisions\/496334"}],"wp:featuredmedia":[{"embeddable":true,"href":"https:\/\/diarioelpopular.com\/index.php\/wp-json\/wp\/v2\/media\/496333"}],"wp:attachment":[{"href":"https:\/\/diarioelpopular.com\/index.php\/wp-json\/wp\/v2\/media?parent=496332"}],"wp:term":[{"taxonomy":"category","embeddable":true,"href":"https:\/\/diarioelpopular.com\/index.php\/wp-json\/wp\/v2\/categories?post=496332"},{"taxonomy":"post_tag","embeddable":true,"href":"https:\/\/diarioelpopular.com\/index.php\/wp-json\/wp\/v2\/tags?post=496332"}],"curies":[{"name":"wp","href":"https:\/\/api.w.org\/{rel}","templated":true}]}}