{"id":496351,"date":"2021-03-01T18:41:33","date_gmt":"2021-03-01T22:41:33","guid":{"rendered":"https:\/\/diarioelpopular.com\/?p=496351"},"modified":"2021-03-01T18:41:33","modified_gmt":"2021-03-01T22:41:33","slug":"fernandez-vs-macri-por-pacto-con-el-fmi","status":"publish","type":"post","link":"https:\/\/diarioelpopular.com\/index.php\/2021\/03\/01\/fernandez-vs-macri-por-pacto-con-el-fmi\/","title":{"rendered":"Fern\u00e1ndez vs. Macri por pacto con el FMI"},"content":{"rendered":"<div id=\"attachment_496352\" style=\"width: 646px\" class=\"wp-caption alignnone\"><img loading=\"lazy\" decoding=\"async\" aria-describedby=\"caption-attachment-496352\" class=\"size-custom-full-size wp-image-496352\" src=\"https:\/\/diarioelpopular.com\/wp-content\/uploads\/2021\/03\/1.6dd3d666be3e2326f21eb044f44d43a4-636x425.gif\" alt=\"\" width=\"636\" height=\"425\" srcset=\"https:\/\/diarioelpopular.com\/wp-content\/uploads\/2021\/03\/1.6dd3d666be3e2326f21eb044f44d43a4-636x425.gif 636w, https:\/\/diarioelpopular.com\/wp-content\/uploads\/2021\/03\/1.6dd3d666be3e2326f21eb044f44d43a4-300x200.gif 300w, https:\/\/diarioelpopular.com\/wp-content\/uploads\/2021\/03\/1.6dd3d666be3e2326f21eb044f44d43a4-109x73.gif 109w\" sizes=\"auto, (max-width: 636px) 100vw, 636px\" \/><p id=\"caption-attachment-496352\" class=\"wp-caption-text\"><em>Presidente argentino, Alberto Fern\u00e1ndez, y su vicepresidenta, Cristina Fern\u00e1ndez de Kirchner<\/em><br \/><em>(Foto: presidencia)<\/em><\/p><\/div>\n<h4><em><strong>Pr\u00e9stamo hist\u00f3rico del Fondo podr\u00eda terminar en acciones judiciales penales<\/strong><\/em><\/h4>\n<p><strong><em>BUENOS AIRES 1 MAR &#8211;<\/em><\/strong> El presidente de Argentina, Alberto Fern\u00e1ndez, dijo hoy que instruy\u00f3 a los abogados del Estado para iniciar una querella criminal contra &#8220;los autores de la mayor administraci\u00f3n fraudulenta y malversaci\u00f3n de caudales p\u00fablicos de la historia&#8221;, en referencia a su antecesor Mauricio Macri.<br \/>\nFern\u00e1ndez critic\u00f3 a las autoridades del Fondo Monetario Internacional (FMI) que accedieron a desembolsar 55 mil millones de d\u00f3lares a la Argentina, una decisi\u00f3n actualmente en investigaci\u00f3n en el organismo monetario.<br \/>\nLo dijo en el discurso de apertura de sesiones ordinarias en el Congreso de la Naci\u00f3n, que a\u00fan se est\u00e1 desarroll\u00e1ndose en el palacio legislativo de Buenos Aires.<br \/>\nLa primera parte estuvo orientada a destacar la gesti\u00f3n frente a la pandemia de coronavirus.<br \/>\n&#8220;Solo 10 d\u00edas despu\u00e9s de hablarles el a\u00f1o pasado, la OMS declaro una pandemia para la cual no ten\u00edamos vacunas. Se inici\u00f3 una crisis en la que el mundo debi\u00f3 aprender sobre la marcha, una crisis sanitaria que en el caso argentino coincid\u00eda con una econom\u00eda escu\u00e1lida, hab\u00eda un sistema de salud quebrado, dejaba vencer vacunas. Deb\u00edamos apagar un incendio sabiendo que otros se hab\u00eda acabado el agua&#8221;, dijo Fern\u00e1ndez.<br \/>\nLuego detall\u00f3 las medidas econ\u00f3micas dispuestas para sostener la actividad en medio de la fuerte recesi\u00f3n mundial provocada por el virus.<br \/>\nTambi\u00e9n analiz\u00f3 el esc\u00e1ndalo que estall\u00f3 con vacunaciones de personajes VIP por orden del ministerio de Salud y que le cost\u00f3 el puesto al ministro Gin\u00e9s Gonz\u00e1lez Garc\u00eda d\u00edas atr\u00e1s.<br \/>\n&#8220;Si se cometen errores, la voluntad de este Presidente es reconocerlos y corregirlos. Cuando dijeron que esas reglas fueron transgredidas, a\u00fan cuando en lo personal me causaba mucho dolor, tom\u00e9 las decisiones que correspond\u00edan&#8221;, argument\u00f3.<br \/>\n&#8220;Llego con mis convicciones intactas y el coraz\u00f3n abierto de quien puede reconocer errores y con la certeza de que unidos pudimos dar pasos hist\u00f3ricos&#8221;, dijo Fern\u00e1ndez en el Congreso.<br \/>\n&#8220;Hace un a\u00f1o \u00e9ramos atacados por ese virus que era capaz de hacer estallar el sistema sanitario y llevar a la muerte a miles de ciudadanos. Se inici\u00f3 una crisis mundial, una situaci\u00f3n inesperada y ca\u00f3tica&#8221;, ampli\u00f3.<br \/>\n&#8220;Hicimos todo lo que estaba a nuestro alcance para evitar la enfermedad y la muerte&#8221;, prosigui\u00f3. &#8220;Evitamos que colapsara el sistema de salud&#8221; y &#8220;desde el primer d\u00eda enfrentamos cr\u00edticas: los que negaban la existencia de la pandemia y nos acusaban de ser parte de un complot internacional&#8221;, desgran\u00f3.<br \/>\n&#8220;El 10% de los pa\u00edses acapara el 90% de las vacunas existentes&#8221;, dispar\u00f3 Fern\u00e1ndez.<\/p>\n","protected":false},"excerpt":{"rendered":"<p>Pr\u00e9stamo hist\u00f3rico del Fondo podr\u00eda terminar en acciones judiciales penales BUENOS AIRES 1 MAR &#8211; El presidente de Argentina, Alberto Fern\u00e1ndez, dijo hoy que instruy\u00f3&hellip;<\/p>\n","protected":false},"author":99,"featured_media":496352,"comment_status":"open","ping_status":"open","sticky":false,"template":"","format":"standard","meta":{"footnotes":""},"categories":[23],"tags":[],"class_list":["post-496351","post","type-post","status-publish","format-standard","has-post-thumbnail","hentry","category-latinoamerica"],"_links":{"self":[{"href":"https:\/\/diarioelpopular.com\/index.php\/wp-json\/wp\/v2\/posts\/496351","targetHints":{"allow":["GET"]}}],"collection":[{"href":"https:\/\/diarioelpopular.com\/index.php\/wp-json\/wp\/v2\/posts"}],"about":[{"href":"https:\/\/diarioelpopular.com\/index.php\/wp-json\/wp\/v2\/types\/post"}],"author":[{"embeddable":true,"href":"https:\/\/diarioelpopular.com\/index.php\/wp-json\/wp\/v2\/users\/99"}],"replies":[{"embeddable":true,"href":"https:\/\/diarioelpopular.com\/index.php\/wp-json\/wp\/v2\/comments?post=496351"}],"version-history":[{"count":1,"href":"https:\/\/diarioelpopular.com\/index.php\/wp-json\/wp\/v2\/posts\/496351\/revisions"}],"predecessor-version":[{"id":496353,"href":"https:\/\/diarioelpopular.com\/index.php\/wp-json\/wp\/v2\/posts\/496351\/revisions\/496353"}],"wp:featuredmedia":[{"embeddable":true,"href":"https:\/\/diarioelpopular.com\/index.php\/wp-json\/wp\/v2\/media\/496352"}],"wp:attachment":[{"href":"https:\/\/diarioelpopular.com\/index.php\/wp-json\/wp\/v2\/media?parent=496351"}],"wp:term":[{"taxonomy":"category","embeddable":true,"href":"https:\/\/diarioelpopular.com\/index.php\/wp-json\/wp\/v2\/categories?post=496351"},{"taxonomy":"post_tag","embeddable":true,"href":"https:\/\/diarioelpopular.com\/index.php\/wp-json\/wp\/v2\/tags?post=496351"}],"curies":[{"name":"wp","href":"https:\/\/api.w.org\/{rel}","templated":true}]}}