{"id":496361,"date":"2021-03-02T12:31:33","date_gmt":"2021-03-02T16:31:33","guid":{"rendered":"https:\/\/diarioelpopular.com\/?p=496361"},"modified":"2021-03-02T12:31:33","modified_gmt":"2021-03-02T16:31:33","slug":"chile-comienza-curso-escolar-con-temores-a-la-covid-19","status":"publish","type":"post","link":"https:\/\/diarioelpopular.com\/index.php\/2021\/03\/02\/chile-comienza-curso-escolar-con-temores-a-la-covid-19\/","title":{"rendered":"Chile comienza curso escolar con temores a la Covid-19"},"content":{"rendered":"<div id=\"attachment_496362\" style=\"width: 646px\" class=\"wp-caption alignnone\"><img loading=\"lazy\" decoding=\"async\" aria-describedby=\"caption-attachment-496362\" class=\"size-custom-full-size wp-image-496362\" src=\"https:\/\/diarioelpopular.com\/wp-content\/uploads\/2021\/03\/clases-636x454.jpg\" alt=\"\" width=\"636\" height=\"454\" srcset=\"https:\/\/diarioelpopular.com\/wp-content\/uploads\/2021\/03\/clases-636x454.jpg 636w, https:\/\/diarioelpopular.com\/wp-content\/uploads\/2021\/03\/clases-300x214.jpg 300w, https:\/\/diarioelpopular.com\/wp-content\/uploads\/2021\/03\/clases-102x73.jpg 102w, https:\/\/diarioelpopular.com\/wp-content\/uploads\/2021\/03\/clases.jpg 700w\" sizes=\"auto, (max-width: 636px) 100vw, 636px\" \/><p id=\"caption-attachment-496362\" class=\"wp-caption-text\"><em>Inicio del a\u00f1o escolar en Chile.<\/em><\/p><\/div>\n<h4><em><strong>El curso escolar 2021 inici\u00f3 este lunes en Chile tras fuertes pol\u00e9micas entre el Ministerio de Educaci\u00f3n, el gremio docente y las familias, en medio de preocupaciones por la pandemia de Covid-19.<\/strong><\/em><\/h4>\n<p><em><strong>Santiago de Chile, 02 mar<\/strong><\/em> <em>(Prensa Latina)<\/em>\u00a0 Aunque est\u00e1 previsto el retorno a las aulas desde esta fecha en las ense\u00f1anzas primaria y media, la Asociaci\u00f3n Chilena de Municipalidades, a cuyo cargo corre gran cantidad de centros escolares, se\u00f1al\u00f3 que en alrededor del 80 por ciento de las comunas del pa\u00eds los alumnos no volver\u00e1n este lunes a las clases presenciales.<\/p>\n<p>Por su parte, el presidente del Colegio de Profesores, Carlos D\u00edaz, insiste en que en la mayor\u00eda de las escuelas no existen las condiciones de orden sanitario para garantizar la seguridad de docentes y alumnos, y advirti\u00f3 en declaraciones a Radio Cooperativa que posiblemente solo se normalice la situaci\u00f3n en el segundo semestre.<\/p>\n<p>La v\u00edspera, el presidente Sebasti\u00e1n Pi\u00f1era se refiri\u00f3 al tema en un inusual chat por redes sociales durante el cual dijo desear que &#8216;el retorno a clases sea protegiendo la salud de los ni\u00f1os, de los profesores, de la comunidad escolar&#8217;.<\/p>\n<p>Asimismo, se\u00f1al\u00f3 que la vuelta de los ni\u00f1os a las aulas es voluntaria y lo decidir\u00e1n los padres, as\u00ed como flexible y gradual pues no todos los alumnos comenzar\u00e1n este primer d\u00eda.<\/p>\n<p>En tanto, en una entrevista concedida al diario El Mercurio el fin de semana, el ministro de Educaci\u00f3n, Ra\u00fal Figueroa, reiter\u00f3 su criterio de que est\u00e1n creadas las condiciones para el desarrollo seguro de las actividades docentes.<\/p>\n<p>Sin embargo, puntualiz\u00f3 que &#8216;si se hace necesario suspender un curso o nivel, o incluso, volver a suspender las clases por un tiempo, se va a hacer&#8217;.<\/p>\n<p>Como parte de las medidas para garantizar el inicio del calendario 2021, hace dos semanas comenz\u00f3 la vacunaci\u00f3n del personal docente contra la Covid-19 dentro del plan de inmunizaci\u00f3n del gobierno.<\/p>\n<p>Sin embargo, como explic\u00f3 el Colegio de Profesores, las clases se inician sin que pr\u00e1cticamente ning\u00fan docente haya recibido la segunda dosis del ant\u00eddoto, por lo cual no est\u00e1n debidamente inmunizados ante el coronavirus SARS-CoV-2, causante de la Covid-9.<\/p>\n<p><em><strong>Presunto rebrote<\/strong><\/em><\/p>\n<p>Las preocupaciones aumentan cuando el Ministerio de Salud advierte que este mes puede haber un rebrote de la enfermedad debido al retorno del pa\u00eds a sus actividades, incluidas las escolares, tras las vacaciones de verano<\/p>\n","protected":false},"excerpt":{"rendered":"<p>El curso escolar 2021 inici\u00f3 este lunes en Chile tras fuertes pol\u00e9micas entre el Ministerio de Educaci\u00f3n, el gremio docente y las familias, en medio&hellip;<\/p>\n","protected":false},"author":99,"featured_media":496362,"comment_status":"open","ping_status":"open","sticky":false,"template":"","format":"standard","meta":{"footnotes":""},"categories":[23],"tags":[],"class_list":["post-496361","post","type-post","status-publish","format-standard","has-post-thumbnail","hentry","category-latinoamerica"],"_links":{"self":[{"href":"https:\/\/diarioelpopular.com\/index.php\/wp-json\/wp\/v2\/posts\/496361","targetHints":{"allow":["GET"]}}],"collection":[{"href":"https:\/\/diarioelpopular.com\/index.php\/wp-json\/wp\/v2\/posts"}],"about":[{"href":"https:\/\/diarioelpopular.com\/index.php\/wp-json\/wp\/v2\/types\/post"}],"author":[{"embeddable":true,"href":"https:\/\/diarioelpopular.com\/index.php\/wp-json\/wp\/v2\/users\/99"}],"replies":[{"embeddable":true,"href":"https:\/\/diarioelpopular.com\/index.php\/wp-json\/wp\/v2\/comments?post=496361"}],"version-history":[{"count":1,"href":"https:\/\/diarioelpopular.com\/index.php\/wp-json\/wp\/v2\/posts\/496361\/revisions"}],"predecessor-version":[{"id":496363,"href":"https:\/\/diarioelpopular.com\/index.php\/wp-json\/wp\/v2\/posts\/496361\/revisions\/496363"}],"wp:featuredmedia":[{"embeddable":true,"href":"https:\/\/diarioelpopular.com\/index.php\/wp-json\/wp\/v2\/media\/496362"}],"wp:attachment":[{"href":"https:\/\/diarioelpopular.com\/index.php\/wp-json\/wp\/v2\/media?parent=496361"}],"wp:term":[{"taxonomy":"category","embeddable":true,"href":"https:\/\/diarioelpopular.com\/index.php\/wp-json\/wp\/v2\/categories?post=496361"},{"taxonomy":"post_tag","embeddable":true,"href":"https:\/\/diarioelpopular.com\/index.php\/wp-json\/wp\/v2\/tags?post=496361"}],"curies":[{"name":"wp","href":"https:\/\/api.w.org\/{rel}","templated":true}]}}