{"id":496371,"date":"2021-03-02T12:55:56","date_gmt":"2021-03-02T16:55:56","guid":{"rendered":"https:\/\/diarioelpopular.com\/?p=496371"},"modified":"2021-03-02T12:55:56","modified_gmt":"2021-03-02T16:55:56","slug":"chile-modifica-su-politica-migratoria-y-aumenta-la-hostilidad-contra-migrantes-indocumentados","status":"publish","type":"post","link":"https:\/\/diarioelpopular.com\/index.php\/2021\/03\/02\/chile-modifica-su-politica-migratoria-y-aumenta-la-hostilidad-contra-migrantes-indocumentados\/","title":{"rendered":"Chile modifica su pol\u00edtica migratoria y aumenta la hostilidad contra migrantes indocumentados"},"content":{"rendered":"<div id=\"attachment_496372\" style=\"width: 646px\" class=\"wp-caption alignnone\"><img loading=\"lazy\" decoding=\"async\" aria-describedby=\"caption-attachment-496372\" class=\"size-custom-full-size wp-image-496372\" src=\"https:\/\/diarioelpopular.com\/wp-content\/uploads\/2021\/03\/duras_politicas-636x390.jpg\" alt=\"\" width=\"636\" height=\"390\" srcset=\"https:\/\/diarioelpopular.com\/wp-content\/uploads\/2021\/03\/duras_politicas-636x390.jpg 636w, https:\/\/diarioelpopular.com\/wp-content\/uploads\/2021\/03\/duras_politicas-300x185.jpg 300w, https:\/\/diarioelpopular.com\/wp-content\/uploads\/2021\/03\/duras_politicas-119x73.jpg 119w, https:\/\/diarioelpopular.com\/wp-content\/uploads\/2021\/03\/duras_politicas.jpg 700w\" sizes=\"auto, (max-width: 636px) 100vw, 636px\" \/><p id=\"caption-attachment-496372\" class=\"wp-caption-text\"><em>Las autoridades chilenas endurecieron su discurso migratorio, en otros tiempos solidario y receptivo al trabajador extranjero.<\/em><\/p><\/div>\n<h4><em><strong>La imagen de 87 migrantes, la mayor\u00eda venezolanos, subiendo a un avi\u00f3n militar de Chile para ser devueltos a su pa\u00eds consolid\u00f3 un giro en la pol\u00edtica migratoria del gobierno de Sebasti\u00e1n Pi\u00f1era, que genera un clima hostil hacia los indocumentados.<\/strong><\/em><\/h4>\n<p>Con un Chile que no supera la crisis social de 2019 y en medio de la pandemia de coronavirus, las autoridades endurecieron su discurso migratorio, otrora solidario y receptivo al trabajador extranjero.<\/p>\n<p>Aunque las autoridades chilenas celebren que desde la deportaci\u00f3n de febrero bajaron en 92% los ingresos clandestinos por la frontera con Bolivia, el drama sigue con un flujo migratorio que genera hostilidad entre los chilenos.<\/p>\n<p>Muchos ciudadanos de origen venezolano sin papeles reciben constantes insultos y se les niega cualquier ayuda en la ruta de altura y clima duro o en las ciudades cerca de la frontera.<\/p>\n<p>La b\u00fasqueda de rutas cada vez m\u00e1s inh\u00f3spitas por parte de los \u201ccaminantes\u201d obedece a fronteras militarizadas y restricciones que imperan en la mayor\u00eda de los pa\u00edses de Sudam\u00e9rica por la pandemia.<\/p>\n<p>\u201cDurante la pandemia han coexistido discursos p\u00fablicos acogedores de la poblaci\u00f3n migrante y discursos que la estigmatizan\u201d, explic\u00f3 a la AFP Felipe Gonz\u00e1les Morales, Relator Especial sobre los Derechos Humanos de los Migrantes en el Consejo de Derechos Humanos de la ONU.<\/p>\n<p>Recuerda que la estigmatizaci\u00f3n puede producirse no solo en el discurso \u201csino a trav\u00e9s de otras acciones, tales como expulsiones llevadas a cabo con aspaviento y con connotaciones criminalizadoras de los migrantes\u201d.<\/p>\n<p><em><strong>Los caminantes del Caribe &#8211;<\/strong><\/em><\/p>\n<p>Los venezolanos que caminan a Chile, de todas las edades, pero muchos entre 18 y 26 a\u00f1os, son blanco de un rechazo abierto desde que los migrantes con overoles blancos fueron deportados.<\/p>\n<p>En esos d\u00edas cruzaron hasta duplicar la poblaci\u00f3n de la localidad fronteriza de Colchane, y fueron m\u00e1s de 3.8000 en una semana. Locales denunciaron robos de casas humildes del altiplano chileno y tambi\u00e9n a camioneros que viajan hacia la frontera con Bolivia.<\/p>\n<p>Entre los caminantes hay familias, muchas mujeres con beb\u00e9s en brazos, y \u201clos malandros de siempre\u201d. Ellos mismos los reconocen, acusan y lamentan que da\u00f1en su reputaci\u00f3n.<\/p>\n<p>\u201cHa habido muchos que llegan y entran as\u00ed no m\u00e1s a las casas y piden un poco prepotentes\u201d, lamenta Hugo Gonz\u00e1lez, un se\u00f1or en el pueblo de Huara, un pueblo del desierto de Atacama.<\/p>\n<p>Dos d\u00edas despu\u00e9s de la medi\u00e1tica deportaci\u00f3n, el canciller chileno Andr\u00e9s Allamand anunci\u00f3 que las vacunas contra el COVID-19 ser\u00edan solo para chilenos y residentes legales, algo que tuvo que rectificar en horas el mismo Gobierno.<\/p>\n<p>\u201cDeben estar muy desesperados para llegar con sus ni\u00f1os en brazos por esos lugares, pero Chile no est\u00e1 bien, no tenemos c\u00f3mo atenderlos. No nos van a alcanzar las vacunas\u201d, dijo a la AFP Pedro P\u00e9rez, ingeniero minero de 44 a\u00f1os, haci\u00e9ndose eco de un comentario que se repite.<\/p>\n<p><em><strong>Pa\u00eds remoto y herm\u00e9tico &#8211;<\/strong><\/em><\/p>\n<p>Desde principios de la d\u00e9cada de 2000 los venezolanos empezaron a emigrar a Chile, pero el aislamiento geogr\u00e1fico los obligaba a viajar solo en avi\u00f3n, por ello con documentos para empezar una nueva vida. Entonces eran en su mayor\u00eda profesionales.<\/p>\n<p>La comunidad est\u00e1 ahora presente en todos los rubros laborales en Chile.<\/p>\n<p>A partir de 2016, los migrantes venezolanos empezaron a llegar en autobuses y el incremento ha sido explosivo.<\/p>\n<p>Desde el segundo semestre de 2020 empezaron a ingresar ilegalmente decenas, luego cientos y en enero miles caminando al costado de las fronteras cerradas.<\/p>\n<p>\u201cEl incremento de las restricciones en la mayor\u00eda de los Estados sudamericanos en relaci\u00f3n con la movilidad ven\u00eda desde antes de la pandemia y se ha agudizado durante esta\u201d, apunta Gonz\u00e1lez Morales.<\/p>\n<p><em><strong>Doble est\u00e1ndar &#8211;<\/strong><\/em><\/p>\n<p>El 22 de febrero de 2019 el presidente Pi\u00f1era dec\u00eda a los opositores al gobierno venezolano en C\u00facuta (Colombia), en un acto organizado por el multimillonario brit\u00e1nico Richard Branson: \u201cNo puede haber nada m\u00e1s cruel que un gobierno que le niega y cierra los caminos a la ayuda humanitaria que su pueblo tanto necesita\u201d.<\/p>\n<p>Pocos meses despu\u00e9s, Chile anunci\u00f3 la creaci\u00f3n de una Visa de Responsabilidad Democr\u00e1tica (VRD) para los venezolanos, v\u00e1lida para entrar y vivir en el pa\u00eds por un a\u00f1o, y con la que se buscaba facilitar la regularizaci\u00f3n de los migrantes.<\/p>\n<p>Casi un a\u00f1o m\u00e1s tarde, sin embargo, a muchos de los que obtuvieron la VRD se les neg\u00f3 su renovaci\u00f3n so pena de una multa o deportaci\u00f3n, seg\u00fan testimonios confirmados por AFP.<\/p>\n<p>\u201cQu\u00e9 diferencia con la actitud del Gobierno de Chile, que acaba de expulsar a muchos venezolanos, olvidando la generosidad con que la Venezuela democr\u00e1tica recibi\u00f3 a los chilenos que hu\u00edan de la dictadura de Pinochet\u201d, escribi\u00f3 el Nobel peruano Mario Vargas Llosa en una columna reciente, en la que llam\u00f3 a emular la ejemplar decisi\u00f3n del gobierno colombiano de regularizar a m\u00e1s de un mill\u00f3n de venezolanos.<\/p>\n<p>Seg\u00fan datos de Relaciones Exteriores, hasta diciembre pasado se otorgaron 21% de las 164.908 solicitudes de VRD realizadas por venezolanos desde 2018.<\/p>\n<p>\u201cHay un doble est\u00e1ndar porque la tribuna internacional frente al mundo, la Autoridad hace una declaraci\u00f3n muy potente, muy clara (Pi\u00f1era en C\u00facuta) y a nivel local le hace una zancadilla y les impide la utilizaci\u00f3n precisamente de la Ley de Refugio\u201d, se\u00f1ala Macarena Rodr\u00edguez, presidenta del directorio del SJM.<\/p>\n<p>Pi\u00f1era reafirm\u00f3 en enero que su gobierno busca poner orden y combatir la inmigraci\u00f3n ilegal para impedir el ingreso de personas que no cumplan las leyes ni \u201ccontribuyan al desarrollo de Chile\u201d.<\/p>\n","protected":false},"excerpt":{"rendered":"<p>La imagen de 87 migrantes, la mayor\u00eda venezolanos, subiendo a un avi\u00f3n militar de Chile para ser devueltos a su pa\u00eds consolid\u00f3 un giro en&hellip;<\/p>\n","protected":false},"author":99,"featured_media":496372,"comment_status":"open","ping_status":"open","sticky":false,"template":"","format":"standard","meta":{"footnotes":""},"categories":[23],"tags":[],"class_list":["post-496371","post","type-post","status-publish","format-standard","has-post-thumbnail","hentry","category-latinoamerica"],"_links":{"self":[{"href":"https:\/\/diarioelpopular.com\/index.php\/wp-json\/wp\/v2\/posts\/496371","targetHints":{"allow":["GET"]}}],"collection":[{"href":"https:\/\/diarioelpopular.com\/index.php\/wp-json\/wp\/v2\/posts"}],"about":[{"href":"https:\/\/diarioelpopular.com\/index.php\/wp-json\/wp\/v2\/types\/post"}],"author":[{"embeddable":true,"href":"https:\/\/diarioelpopular.com\/index.php\/wp-json\/wp\/v2\/users\/99"}],"replies":[{"embeddable":true,"href":"https:\/\/diarioelpopular.com\/index.php\/wp-json\/wp\/v2\/comments?post=496371"}],"version-history":[{"count":1,"href":"https:\/\/diarioelpopular.com\/index.php\/wp-json\/wp\/v2\/posts\/496371\/revisions"}],"predecessor-version":[{"id":496373,"href":"https:\/\/diarioelpopular.com\/index.php\/wp-json\/wp\/v2\/posts\/496371\/revisions\/496373"}],"wp:featuredmedia":[{"embeddable":true,"href":"https:\/\/diarioelpopular.com\/index.php\/wp-json\/wp\/v2\/media\/496372"}],"wp:attachment":[{"href":"https:\/\/diarioelpopular.com\/index.php\/wp-json\/wp\/v2\/media?parent=496371"}],"wp:term":[{"taxonomy":"category","embeddable":true,"href":"https:\/\/diarioelpopular.com\/index.php\/wp-json\/wp\/v2\/categories?post=496371"},{"taxonomy":"post_tag","embeddable":true,"href":"https:\/\/diarioelpopular.com\/index.php\/wp-json\/wp\/v2\/tags?post=496371"}],"curies":[{"name":"wp","href":"https:\/\/api.w.org\/{rel}","templated":true}]}}