{"id":496387,"date":"2021-03-04T11:34:25","date_gmt":"2021-03-04T15:34:25","guid":{"rendered":"https:\/\/diarioelpopular.com\/?p=496387"},"modified":"2021-03-04T11:34:25","modified_gmt":"2021-03-04T15:34:25","slug":"los-lujos-de-tony-el-heredero-favorito-de-fidel-castro-y-la-gente-sufriendo","status":"publish","type":"post","link":"https:\/\/diarioelpopular.com\/index.php\/2021\/03\/04\/los-lujos-de-tony-el-heredero-favorito-de-fidel-castro-y-la-gente-sufriendo\/","title":{"rendered":"Los lujos de Tony, el heredero &#8216;favorito&#8217; de Fidel Castro y la gente sufriendo"},"content":{"rendered":"<div id=\"attachment_496389\" style=\"width: 310px\" class=\"wp-caption alignnone\"><img loading=\"lazy\" decoding=\"async\" aria-describedby=\"caption-attachment-496389\" class=\"size-medium wp-image-496389\" src=\"https:\/\/diarioelpopular.com\/wp-content\/uploads\/2021\/03\/1.603e9de96b66b-300x150.gif\" alt=\"\" width=\"300\" height=\"150\" srcset=\"https:\/\/diarioelpopular.com\/wp-content\/uploads\/2021\/03\/1.603e9de96b66b-300x150.gif 300w, https:\/\/diarioelpopular.com\/wp-content\/uploads\/2021\/03\/1.603e9de96b66b-768x384.gif 768w, https:\/\/diarioelpopular.com\/wp-content\/uploads\/2021\/03\/1.603e9de96b66b-636x318.gif 636w, https:\/\/diarioelpopular.com\/wp-content\/uploads\/2021\/03\/1.603e9de96b66b-146x73.gif 146w\" sizes=\"auto, (max-width: 300px) 100vw, 300px\" \/><p id=\"caption-attachment-496389\" class=\"wp-caption-text\"><em>Tony es nieto del dictador Fidel Castro. Tiene 21 a\u00f1os y su \u2018vida de lujos\u2019 ha desatado varias cr\u00edticas por parte de algunos habitantes de la isla.<\/em><br \/><em>Foto: Instagram: @tonycastro.u<\/em><\/p><\/div>\n<h4><em><strong>Las cr\u00edticas a la familia Castro ocurren durante una dif\u00edcil situaci\u00f3n econ\u00f3mica y social en Cuba. El comunismo es para unos, no para todos<\/strong><\/em><\/h4>\n<p id=\"p570501-m160-159-161\" class=\"contenido\">La actual crisis econ\u00f3mica y social que atraviesa la isla de <a href=\"https:\/\/www.eltiempo.com\/noticias\/cuba\" target=\"_blank\" rel=\"noopener\">Cuba <\/a>est\u00e1 obligando al gobierno a implantar nuevas medidas para mitigar los estragos en la sociedad.<\/p>\n<p>Seg\u00fan inform\u00f3 el analista cubano Carlos Alzugaray al medio \u2018BBC Mundo\u2019, \u201cla crisis de la pandemia y los cuatro a\u00f1os de sanciones de Trump han llevado la econom\u00eda a una situaci\u00f3n en la que ya no hay m\u00e1s remedio que poner en marcha los cambios&#8221;.<\/p>\n<p id=\"p570501-m204-2-205\" class=\"contenido\">El medio inform\u00f3 que, debido a la ca\u00edda de los ingresos del turismo a ra\u00edz de las restricciones por la pandemia de coronavirus, el producto interno bruto de la isla disminuy\u00f3 en 2020 un 11 por ciento.<\/p>\n<p>Los cubanos se han tenido que enfrentar, en los \u00faltimos meses, a convivir con la escasez de productos b\u00e1sicos y las extensas filas de abastecimiento.<\/p>\n<p>Sin embargo, las publicaciones en redes sociales del nieto de Fidel Castro, Antonio \u2018Tony\u2019 Castro Ulloa, dejan entrever un claro contraste entre las familias cercanas al poder y los ciudadanos del com\u00fan.<\/p>\n<div id=\"p570501-m210-3-211\" class=\"fotografia\">\n<div class=\"imagen-cuerpo-bk\">\n<figure id=\"m215-214-216\" class=\"foto-galeria-articulo\"><img decoding=\"async\" src=\"https:\/\/www.eltiempo.com\/files\/article_content\/uploads\/2021\/03\/02\/603e9919aa5a5.jpeg\" alt=\"Tony Castro\" width=\"600px\" height=\"450px\" data-original=\"\/files\/article_content\/uploads\/2021\/03\/02\/603e9919aa5a5.jpeg\" \/><\/figure>\n<\/div>\n<div class=\"figcaption-cuerpo-bk credito-image-bk\">\n<div class=\"titulo-foto-bk\">\n<p id=\"m222-1-223\" class=\"titulo\"><em>Actualmente las redes sociales del joven son privadas, pero las im\u00e1genes publicadas con anterioridad, han provocado todo tipo de reacciones.<\/em><\/p>\n<\/div>\n<div class=\"credito-apertura-strong-bk credito-image-bk\"><em>Foto:\u00a0<span style=\"line-height: 1.5;\">Instagram: @tonycastro.u<\/span><\/em><\/div>\n<\/div>\n<\/div>\n<p id=\"p570501-m236-4-237\" class=\"contenido\">\u2018Tony\u2019 es hijo del m\u00e9dico Antonio Castro y de Lisette Ulloa. Tiene 21 a\u00f1os y su \u2018vida de lujos\u2019 ha desatado varias cr\u00edticas por parte de algunos habitantes de la isla<\/p>\n<p>Seg\u00fan afirm\u00f3 el activista Jos\u00e9 Ram\u00f3n Polo, parte de la Mesa de Di\u00e1logo de la Juventud Cubana, al medio \u2018Radio Mart\u00ed\u2019, &#8220;eso (la vida de rico de los descendientes de poderosos en la isla) no es nuevo, siempre ha ocurrido. Ahora ya no tienen miedo a mostrar lo que ellos tienen con su poder\u201d.<\/p>\n<div id=\"p570501-m242-5-243\" class=\"fotografia\">\n<div class=\"imagen-cuerpo-bk\">\n<figure id=\"m247-246-248\" class=\"foto-galeria-articulo\"><img decoding=\"async\" src=\"https:\/\/www.eltiempo.com\/files\/article_content\/uploads\/2021\/03\/02\/603e969fb154c.jpeg\" alt=\"Tony Castro\" width=\"600px\" height=\"450px\" data-original=\"\/files\/article_content\/uploads\/2021\/03\/02\/603e969fb154c.jpeg\" \/><\/figure>\n<\/div>\n<div class=\"figcaption-cuerpo-bk credito-image-bk\">\n<div class=\"titulo-foto-bk\">\n<p id=\"m254-1-255\" class=\"titulo\"><em>El joven ha compartido, por medio de sus redes sociales, im\u00e1genes de sus costosos viajes\u00a0<span style=\"line-height: 1.5;\">Foto:\u00a0<\/span><span style=\"line-height: 1.5;\">Instagram: @tonycastro.u<\/span><\/em><\/p>\n<\/div>\n<\/div>\n<\/div>\n<p id=\"p570501-m268-6-269\" class=\"contenido\">Una de sus cr\u00edticas m\u00e1s duras fue: \u201cEl socialismo es la repartici\u00f3n igualitaria de la pobreza. Todos somos pobres, excepto ellos\u201d.<\/p>\n<p>\u2018Tony\u2019 ha compartido, por medio de sus redes sociales, im\u00e1genes de sus costosos viajes a destinos como Par\u00eds y Espa\u00f1a. Adem\u00e1s, ha publicado fotos en sitios tur\u00edsticos y lujosos de Cuba.<\/p>\n<div id=\"p570501-m274-7-275\" class=\"fotografia\">\n<div class=\"imagen-cuerpo-bk\">\n<figure id=\"m279-278-280\" class=\"foto-galeria-articulo\"><img decoding=\"async\" src=\"https:\/\/www.eltiempo.com\/files\/article_content\/uploads\/2021\/03\/02\/603e987b16a2a.jpeg\" alt=\"Tony Castro\" width=\"600px\" height=\"450px\" data-original=\"\/files\/article_content\/uploads\/2021\/03\/02\/603e987b16a2a.jpeg\" \/><\/figure>\n<\/div>\n<div class=\"figcaption-cuerpo-bk credito-image-bk\">\n<div class=\"titulo-foto-bk\">\n<p id=\"m286-1-287\" class=\"titulo\"><em>Activistas como Kirenia Yalit N\u00fa\u00f1ez, afirman que el dinero de la familia proviene de los ciudadanos cubanos.\u00a0<span style=\"line-height: 1.5;\">Foto:\u00a0<\/span><span style=\"line-height: 1.5;\">Instagram: @tonycastro.u<\/span><\/em><\/p>\n<\/div>\n<\/div>\n<\/div>\n<p id=\"p570501-m300-8-301\" class=\"contenido\">El joven ha sido visto conduciendo costosos autos, como por ejemplo un BMW con el cual se le ha visto recorrer algunas partes de la isla.<\/p>\n<div id=\"p570501-m306-9-307\" class=\"fotografia\">\n<div class=\"imagen-cuerpo-bk\">\n<figure id=\"m311-310-312\" class=\"foto-galeria-articulo\"><img decoding=\"async\" src=\"https:\/\/www.eltiempo.com\/files\/article_content\/files\/crop\/uploads\/2021\/03\/02\/603e9789bf8b1.r_1614835368782.18-0-482-349.jpeg\" alt=\"Tony Castro\" width=\"600px\" height=\"450px\" data-original=\"\/files\/article_content\/files\/crop\/uploads\/2021\/03\/02\/603e9789bf8b1.r_1614835368782.18-0-482-349.jpeg\" \/><\/figure>\n<\/div>\n<div class=\"figcaption-cuerpo-bk credito-image-bk\">\n<div class=\"titulo-foto-bk\">\n<p id=\"m318-1-319\" class=\"titulo\"><em>Sus lujos han sido criticados por activistas y ciudadanos cubanos.<\/em><\/p>\n<\/div>\n<div class=\"credito-apertura-strong-bk credito-image-bk\"><em>Foto:\u00a0<span style=\"line-height: 1.5;\">Instagram: @tonycastro.u<\/span><\/em><\/div>\n<\/div>\n<\/div>\n<p id=\"p570501-m332-10-333\" class=\"contenido\">A los cr\u00edticos del poder de los \u2018j\u00f3venes Castro\u2019 tambi\u00e9n se suma la activista Kirenia Yalit N\u00fa\u00f1ez, quien afirm\u00f3 al medio \u2018Radio Mart\u00ed&#8217;: \u201cahora mismo, con la situaci\u00f3n que vive el pa\u00eds donde no hay ni siquiera harina para el pan, que es lo m\u00e1s b\u00e1sico que tiene la poblaci\u00f3n cubana, y de pronto vemos fotos de hijos y nietos de Fidel y Ra\u00fal, de la propia Mariela (Castro) teniendo cenas y vidas de lujos. Es l\u00f3gico pensar que, justamente, el dinero est\u00e1 saliendo de lo que no le llega a la poblaci\u00f3n de a pie\u201d.<\/p>\n<p id=\"p570501-m338-11-339\" class=\"contenido\">Tony tambi\u00e9n \u2018sorprendi\u00f3\u2019 al incursionar en el mundo del modelaje. Como afirm\u00f3 el medio \u2018TVyNovelas\u2019, de M\u00e9xico, pos\u00f3 para la c\u00e1mara de Brian Canelles de \u2018Easy Photography\u2019 junto al modelo cubano Miguel Leyva.<\/p>\n<p>Para mayo de 2017 se rumoreaba que el joven, entonces de 19 a\u00f1os, podr\u00eda debutar en la pasarela de un desfile de modas organizado por Chanel, el cual tuvo lugar en el sector de Paseo del Prado, en La Habana, capital de la isla.<\/p>\n<p>Aunque no sucedi\u00f3, Tony s\u00ed estuvo en primera fila del evento en el que se present\u00f3 la colecci\u00f3n de primavera-verano, a cargo del dise\u00f1ador Karl Lagerfeld (fallecido en 2019).<\/p>\n<div id=\"p570501-m344-12-345\" class=\"fotografia\">\n<div class=\"imagen-cuerpo-bk\">\n<figure id=\"m349-348-350\" class=\"foto-galeria-articulo\"><img decoding=\"async\" src=\"https:\/\/www.eltiempo.com\/files\/article_content\/uploads\/2021\/03\/02\/603e99abde497.jpeg\" alt=\"Tony Castro\" width=\"600px\" height=\"450px\" data-original=\"\/files\/article_content\/uploads\/2021\/03\/02\/603e99abde497.jpeg\" \/><\/figure>\n<\/div>\n<div class=\"figcaption-cuerpo-bk credito-image-bk\">\n<div class=\"titulo-foto-bk\">\n<p id=\"m356-1-357\" class=\"titulo\"><em>Tony tambi\u00e9n \u2018sorprendi\u00f3\u2019 al incursionar en el mundo del modelaje.<\/em><\/p>\n<\/div>\n<div class=\"credito-apertura-strong-bk credito-image-bk\"><em>Foto:\u00a0<span style=\"line-height: 1.5;\">Instagram: @tonycastro.u<\/span><\/em><\/div>\n<\/div>\n<\/div>\n<p id=\"p570501-m370-13-371\" class=\"contenido\">Tony, no ha sido el \u00fanico nieto del dictador Fidel Castro en protagonizar un esc\u00e1ndalo ligado a los lujos que tiene.<\/p>\n<p>Sandro Castro, otro nieto de Fidel, protagoniz\u00f3 un video que est\u00e1 dando qu\u00e9 hablar en redes sociales. En las im\u00e1genes el joven aparece conduciendo un ostentoso Mercedes Benz a toda velocidad en una v\u00eda desocupada.<\/p>\n<div id=\"p570501-m376-14-377\" class=\"\">\n<div class=\"twitter-tweet twitter-tweet-rendered\"><iframe id=\"twitter-widget-0\" class=\"\" title=\"Twitter Tweet\" src=\"https:\/\/platform.twitter.com\/embed\/Tweet.html?creatorScreenName=ELTIEMPO&amp;dnt=false&amp;embedId=twitter-widget-0&amp;frame=false&amp;hideCard=false&amp;hideThread=false&amp;id=1366463363967029248&amp;lang=en&amp;origin=https%3A%2F%2Fwww.eltiempo.com%2Fmundo%2Flatinoamerica%2Flos-lujos-de-tony-el-heredero-favorito-de-fidel-castro-570501&amp;siteScreenName=ELTIEMPO&amp;theme=light&amp;widgetsVersion=e1ffbdb%3A1614796141937&amp;width=550px\" frameborder=\"0\" scrolling=\"no\" allowfullscreen=\"allowfullscreen\" data-gtm-yt-inspected-8907555_20=\"true\" data-gtm-yt-inspected-1_25=\"true\" data-tweet-id=\"1366463363967029248\" data-mce-fragment=\"1\"><\/iframe><\/div>\n<\/div>\n<p id=\"p570501-m388-16-389\" class=\"contenido\">\u201cT\u00fa sabes que nosotros somos sencillos, pero de vez en cuando hay que sacar los jugueticos que est\u00e1n en casa\u201d, afirm\u00f3 Castro, quien tambi\u00e9n es due\u00f1o de varios clubes nocturnos frecuentados por la \u2018socialit\u00e9\u2019 cubana.<\/p>\n<p><em><strong>Nieto de Fidel Castro presume su Mercedes en medio de la crisis<\/strong><\/em><\/p>\n<p id=\"p570298-m781-780-782\" class=\"contenido\">Joven, de familia c\u00e9lebre, conocido por su vida de lujos. Sandro Castro ser\u00eda un influencer m\u00e1s alardeando de ir a toda velocidad por una carretera en un autom\u00f3vil de alta gama. Pero es el nieto del dictador cubano Fidel Castro y por eso, sumado a la crisis que vive el pa\u00eds tanto por los bloqueos de Estados Unidos como por las consecuencias de la pandemia, las criticas en redes sociales se multiplicaron.<\/p>\n<p id=\"p570298-m825-2-826\" class=\"contenido\">&#8220;Tu sabes que nosotros somo sencillos, pero de vez en cuando hay que sacar estos jugueticos que tenemos en casa, \u00bfme entienden?&#8221;, dice el nieto del l\u00edder comunista cubano, en el video que caus\u00f3 la incomodidad.<\/p>\n<p id=\"p570298-m837-4-838\" class=\"contenido\">&#8220;Graba pa&#8217;lante, mami, para que vean como esto se come la carretera&#8221;, le dice a una mujer que lo acompa\u00f1a indic\u00e1ndole que se\u00f1ale tanto la velocidad, de m\u00e1s de 140 kil\u00f3metros por hora, y el camino que recorren.<\/p>\n<p id=\"p570298-m849-6-850\" class=\"contenido\">Ser nieto de un l\u00edder comunista y el contraste con la situaci\u00f3n de la poblaci\u00f3n cubana en general,\u00a0 gener\u00f3 esta pol\u00e9mica a partir de su publicaci\u00f3n de este fin de semana en Twitter.<\/p>\n<p id=\"p570298-m861-8-862\" class=\"contenido\">Ser el nieto de una figura comunista por excelencia lleva a que cada tanto se se\u00f1alen las aparentes contradicciones con la ideolog\u00eda cominista de su abuelo, al celebrar fiestas &#8220;capitalistas&#8221; como el Halloween o fiestas de disfraces con tem\u00e1tica de personajes como los superh\u00e9roes de Hollywood.<\/p>\n<p>Se sabe que Castro, quien es DJ\u00a0 y empresario, es propietario de Efe Bar Cuba, el Fantaxy y el bar Espacio La Habana, todos centros nocturnos de la capital cubana. La pregunta es de d\u00f3nde ha saliudo el dinero para la compra de todos eso establecimientos y costosos lujos mientras el pueblo no tiene ni para conseguir una bicicleta o para comer.<\/p>\n","protected":false},"excerpt":{"rendered":"<p>Las cr\u00edticas a la familia Castro ocurren durante una dif\u00edcil situaci\u00f3n econ\u00f3mica y social en Cuba. El comunismo es para unos, no para todos La&hellip;<\/p>\n","protected":false},"author":99,"featured_media":496389,"comment_status":"open","ping_status":"open","sticky":false,"template":"","format":"standard","meta":{"footnotes":""},"categories":[23],"tags":[],"class_list":["post-496387","post","type-post","status-publish","format-standard","has-post-thumbnail","hentry","category-latinoamerica"],"_links":{"self":[{"href":"https:\/\/diarioelpopular.com\/index.php\/wp-json\/wp\/v2\/posts\/496387","targetHints":{"allow":["GET"]}}],"collection":[{"href":"https:\/\/diarioelpopular.com\/index.php\/wp-json\/wp\/v2\/posts"}],"about":[{"href":"https:\/\/diarioelpopular.com\/index.php\/wp-json\/wp\/v2\/types\/post"}],"author":[{"embeddable":true,"href":"https:\/\/diarioelpopular.com\/index.php\/wp-json\/wp\/v2\/users\/99"}],"replies":[{"embeddable":true,"href":"https:\/\/diarioelpopular.com\/index.php\/wp-json\/wp\/v2\/comments?post=496387"}],"version-history":[{"count":1,"href":"https:\/\/diarioelpopular.com\/index.php\/wp-json\/wp\/v2\/posts\/496387\/revisions"}],"predecessor-version":[{"id":496390,"href":"https:\/\/diarioelpopular.com\/index.php\/wp-json\/wp\/v2\/posts\/496387\/revisions\/496390"}],"wp:featuredmedia":[{"embeddable":true,"href":"https:\/\/diarioelpopular.com\/index.php\/wp-json\/wp\/v2\/media\/496389"}],"wp:attachment":[{"href":"https:\/\/diarioelpopular.com\/index.php\/wp-json\/wp\/v2\/media?parent=496387"}],"wp:term":[{"taxonomy":"category","embeddable":true,"href":"https:\/\/diarioelpopular.com\/index.php\/wp-json\/wp\/v2\/categories?post=496387"},{"taxonomy":"post_tag","embeddable":true,"href":"https:\/\/diarioelpopular.com\/index.php\/wp-json\/wp\/v2\/tags?post=496387"}],"curies":[{"name":"wp","href":"https:\/\/api.w.org\/{rel}","templated":true}]}}